{"id":257241,"date":"2025-11-26T18:51:09","date_gmt":"2025-11-26T18:51:09","guid":{"rendered":"https:\/\/www.europesays.com\/es\/257241\/"},"modified":"2025-11-26T18:51:09","modified_gmt":"2025-11-26T18:51:09","slug":"prision-condicional-y-multa-para-el-ciclista-fernando-gaviria-por-conducir-ebrio-en-monaco","status":"publish","type":"post","link":"https:\/\/www.europesays.com\/es\/257241\/","title":{"rendered":"Prisi\u00f3n condicional y multa para el ciclista Fernando Gaviria por conducir ebrio en M\u00f3naco"},"content":{"rendered":"<p>\n        El ciclista colombiano<strong> Fernando Gaviria<\/strong> ha sido condenado a d<strong>os meses de prisi\u00f3n condicional y una multa de 5.000 euros por haber dado positivo, con una tasa de alcohol en sangre de 2,40 gramos, en un control de alcoholemia al que se someti\u00f3 en<\/strong><a href=\"https:\/\/www.noticiasdenavarra.com\/formula1\/2025\/05\/25\/norris-conquista-monaco-sainz-termina-9677889.html\" title=\"M\u00f3naco\" class=\"link copy\" rel=\"nofollow noopener\" target=\"_blank\"> M\u00f3naco<\/a> en octubre pasado.\n<\/p>\n<p class=\"article-body__text \">\n        Seg\u00fan public\u00f3 este mi\u00e9rcoles el diario M\u00f3naco-Matin, Gaviria, hasta hace poco ciclista de Movistar y reciente fichaje del Caja Rural Seguros RGA, deber\u00e1 asumir la sanci\u00f3n por <strong>conducir bajo los efectos del alcohol en las calles de M\u00f3naco<\/strong> con una elevada tasa de alcohol en sangre.\n<\/p>\n<p class=\"article-body__text \">\n        En el juzgado,<strong> el ciclista profesional no cont\u00f3 con representaci\u00f3n legal<\/strong>; se defendi\u00f3 a s\u00ed mismo y recibi\u00f3 una pena de prisi\u00f3n condicional y la suspensi\u00f3n de conducir en M\u00f3naco durante dos a\u00f1os.\n<\/p>\n<p class=\"article-body__text \">\n        Gaviria, de 31 a\u00f1os, compareci\u00f3 el pasado martes ante el <strong>Tribunal en <\/strong><a href=\"https:\/\/www.noticiasdenavarra.com\/formula1\/2025\/05\/26\/ferrari-schumacher-2001-subasta-16-millones-9681615.html\" title=\"M\u00f3naco\" class=\"link copy\" rel=\"nofollow noopener\" target=\"_blank\"><strong>M\u00f3naco<\/strong><\/a><strong> <\/strong>por conducir bajo los efectos del alcohol, <strong>delito cometido un mes antes<\/strong>.\n<\/p>\n<p>  Testimonio de Gaviria<\/p>\n<p class=\"article-body__text \">\n        Seg\u00fan el diario, Gaviria explic\u00f3 ante el Tribunal que hab\u00eda estado bebiendo por la ma\u00f1ana, antes de salir en su coche a comer; aleg\u00f3 \u00abestr\u00e9s laboral y problemas familiares\u00bb como motivos de su \u00aberror\u00bb, aunque se declar\u00f3 culpable. \u00abDorm\u00ed unas horas antes de salir. Pens\u00e9 que pod\u00eda llevarme el coche. En retrospectiva, no fue as\u00ed\u00bb, dijo, seg\u00fan Monaco-Matin. \u00abFue un error m\u00edo, no lo volver\u00e9 a hacer\u00bb, afirm\u00f3.<\/p>\n","protected":false},"excerpt":{"rendered":"El ciclista colombiano Fernando Gaviria ha sido condenado a dos meses de prisi\u00f3n condicional y una multa de&hellip;\n","protected":false},"author":2,"featured_media":257242,"comment_status":"","ping_status":"","sticky":false,"template":"","format":"standard","meta":{"footnotes":""},"categories":[273],"tags":[313,64567,312,168,25,24,2421,18756,16733,23,167],"class_list":{"0":"post-257241","1":"post","2":"type-post","3":"status-publish","4":"format-standard","5":"has-post-thumbnail","7":"category-ciclismo","8":"tag-ciclismo","9":"tag-condicional","10":"tag-cycling","11":"tag-deportes","12":"tag-es","13":"tag-espana","14":"tag-fernando","15":"tag-gaviria","16":"tag-prision","17":"tag-spain","18":"tag-sports"},"share_on_mastodon":{"url":"https:\/\/pubeurope.com\/@es\/115617509147463328","error":""},"_links":{"self":[{"href":"https:\/\/www.europesays.com\/es\/wp-json\/wp\/v2\/posts\/257241","targetHints":{"allow":["GET"]}}],"collection":[{"href":"https:\/\/www.europesays.com\/es\/wp-json\/wp\/v2\/posts"}],"about":[{"href":"https:\/\/www.europesays.com\/es\/wp-json\/wp\/v2\/types\/post"}],"author":[{"embeddable":true,"href":"https:\/\/www.europesays.com\/es\/wp-json\/wp\/v2\/users\/2"}],"replies":[{"embeddable":true,"href":"https:\/\/www.europesays.com\/es\/wp-json\/wp\/v2\/comments?post=257241"}],"version-history":[{"count":0,"href":"https:\/\/www.europesays.com\/es\/wp-json\/wp\/v2\/posts\/257241\/revisions"}],"wp:featuredmedia":[{"embeddable":true,"href":"https:\/\/www.europesays.com\/es\/wp-json\/wp\/v2\/media\/257242"}],"wp:attachment":[{"href":"https:\/\/www.europesays.com\/es\/wp-json\/wp\/v2\/media?parent=257241"}],"wp:term":[{"taxonomy":"category","embeddable":true,"href":"https:\/\/www.europesays.com\/es\/wp-json\/wp\/v2\/categories?post=257241"},{"taxonomy":"post_tag","embeddable":true,"href":"https:\/\/www.europesays.com\/es\/wp-json\/wp\/v2\/tags?post=257241"}],"curies":[{"name":"wp","href":"https:\/\/api.w.org\/{rel}","templated":true}]}}