{"id":257245,"date":"2025-11-26T18:54:10","date_gmt":"2025-11-26T18:54:10","guid":{"rendered":"https:\/\/www.europesays.com\/es\/257245\/"},"modified":"2025-11-26T18:54:10","modified_gmt":"2025-11-26T18:54:10","slug":"el-betis-espera-el-si-final-de-pellegrini-para-sellar-la-renovacion-hasta-2027","status":"publish","type":"post","link":"https:\/\/www.europesays.com\/es\/257245\/","title":{"rendered":"El Betis espera el s\u00ed final de Pellegrini para sellar la renovaci\u00f3n hasta 2027"},"content":{"rendered":"<p>26\/11\/2025<br \/>\n<br \/><strong><br \/>\nActualizado a las 14:52h.<br \/>\n<\/strong><\/p>\n<p class=\"voc-p\" style=\"\">El <strong>Betis<\/strong> est\u00e1 a la espera de la contestaci\u00f3n definitiva de <strong>Manuel Pellegrini<\/strong> a la \u00faltima propuesta de renovaci\u00f3n que le plante\u00f3 la entidad en la reuni\u00f3n que mantuvieron las partes la semana pasada, la tercera en este ciclo de negociaciones que va  &#8230; a culminar con la continuidad del t\u00e9cnico chileno hasta 2027. El di\u00e1logo en ese encuentro producido durante el par\u00f3n de selecciones fue considerado muy positivo y los avances que se registraron han derivado en el <strong>optimismo<\/strong> que muestran en todos los estamentos de la entidad con la continuidad del mejor entrenador de la historia del Betis. Sin embargo, tambi\u00e9n se se\u00f1ala con prudencia que esta contestaci\u00f3n ha de llegar en breve y se espera que sea afirmativa para proceder a cerrar los flecos finales y firmar la nueva vinculaci\u00f3n.<\/p>\n<p class=\"voc-p\" style=\"\">La clave en el acuerdo estaba en que el Betis cambi\u00f3 la f\u00f3rmula de encarar la continuidad de Pellegrini y<strong> este a\u00f1o ha decidido esperar<\/strong> a tratar este asunto con menor margen de cara a ver c\u00f3mo evolucionaba el equipo esta temporada y cu\u00e1l era la posici\u00f3n del t\u00e9cnico. El cari\u00f1o de la plantilla y de la grada ha sido fundamental para que las partes pudieran dar ese paso definitivo de cara a un entendimiento que deja a todos satisfechos.<\/p>\n<p class=\"voc-p\" style=\"\">En ese sentido siempre se plante\u00f3 desde el Betis que el nuevo contrato iba a ser por una temporada y se ha reestructurado el salario del t\u00e9cnico quit\u00e1ndole algunas variables que estaban recogidas en anteriores v\u00ednculos. Quieren en Heli\u00f3polis consolidar la idea de que <strong>Europa es una obligaci\u00f3n<\/strong> en este club y no un premio, \u00e9ste s\u00ed ser\u00eda aplicable si el equipo se clasifica para la Champions.<\/p>\n<p class=\"voc-p\" style=\"\">S\u00ed est\u00e1 reflejada, como avanza El Desmarque, una cl\u00e1usula de posible salida en el caso de que <strong>Chile<\/strong> se vuelva a interesar por Pellegrini para su selecci\u00f3n y el t\u00e9cnico lo valore. S\u00f3lo ser\u00eda en escenarios que no perjudicaran al Betis, con lo que se producir\u00eda de mutuo acuerdo si llegase el caso antes de junio de 2027.<\/p>\n<p><img loading=\"lazy\" decoding=\"async\" width=\"530\" height=\"64\" class=\"logo-premium\" src=\"data:image\/gif;base64,R0lGODlhAQABAAAAACH5BAEKAAEALAAAAAABAAEAAAICTAEAOw==\" alt=\"ABC Premium\"\/><br \/>\nL\u00edmite de sesiones alcanzadas<\/p>\n<ul class=\"listado\">\n<li>El acceso al contenido Premium est\u00e1 abierto por cortes\u00eda del establecimiento donde te encuentras, pero ahora mismo hay demasiados usuarios conectados a la vez. Por favor, int\u00e9ntalo pasados unos minutos.<\/li>\n<\/ul>\n<p>Volver a intentar<\/p>\n<p><img loading=\"lazy\" decoding=\"async\" width=\"530\" height=\"64\" class=\"logo-premium\" src=\"data:image\/gif;base64,R0lGODlhAQABAAAAACH5BAEKAAEALAAAAAABAAEAAAICTAEAOw==\" alt=\"ABC Premium\"\/><br \/>\nHas superado el l\u00edmite de sesiones<\/p>\n<ul class=\"listado\">\n<li>S\u00f3lo puedes tener tres sesiones iniciadas a la vez. Hemos cerrado la sesi\u00f3n m\u00e1s antigua para que sigas navegando sin l\u00edmites en el resto.<\/li>\n<\/ul>\n<p>Sigue navegando<\/p>\n<p>\nArt\u00edculo solo para suscriptores\n<\/p>\n<p>Reportar un error<\/p>\n","protected":false},"excerpt":{"rendered":"26\/11\/2025 Actualizado a las 14:52h. El Betis est\u00e1 a la espera de la contestaci\u00f3n definitiva de Manuel Pellegrini&hellip;\n","protected":false},"author":2,"featured_media":257246,"comment_status":"","ping_status":"","sticky":false,"template":"","format":"standard","meta":{"footnotes":""},"categories":[268],"tags":[15609,291,168,25,24,4351,1058,280,282,22479,1135,64568,281,23,167],"class_list":{"0":"post-257245","1":"post","2":"type-post","3":"status-publish","4":"format-standard","5":"has-post-thumbnail","7":"category-futbol","8":"tag-15609","9":"tag-betis","10":"tag-deportes","11":"tag-es","12":"tag-espana","13":"tag-espera","14":"tag-final","15":"tag-football","16":"tag-futbol","17":"tag-pellegrini","18":"tag-renovacion","19":"tag-sellar","20":"tag-soccer","21":"tag-spain","22":"tag-sports"},"share_on_mastodon":{"url":"https:\/\/pubeurope.com\/@es\/115617521058574745","error":""},"_links":{"self":[{"href":"https:\/\/www.europesays.com\/es\/wp-json\/wp\/v2\/posts\/257245","targetHints":{"allow":["GET"]}}],"collection":[{"href":"https:\/\/www.europesays.com\/es\/wp-json\/wp\/v2\/posts"}],"about":[{"href":"https:\/\/www.europesays.com\/es\/wp-json\/wp\/v2\/types\/post"}],"author":[{"embeddable":true,"href":"https:\/\/www.europesays.com\/es\/wp-json\/wp\/v2\/users\/2"}],"replies":[{"embeddable":true,"href":"https:\/\/www.europesays.com\/es\/wp-json\/wp\/v2\/comments?post=257245"}],"version-history":[{"count":0,"href":"https:\/\/www.europesays.com\/es\/wp-json\/wp\/v2\/posts\/257245\/revisions"}],"wp:featuredmedia":[{"embeddable":true,"href":"https:\/\/www.europesays.com\/es\/wp-json\/wp\/v2\/media\/257246"}],"wp:attachment":[{"href":"https:\/\/www.europesays.com\/es\/wp-json\/wp\/v2\/media?parent=257245"}],"wp:term":[{"taxonomy":"category","embeddable":true,"href":"https:\/\/www.europesays.com\/es\/wp-json\/wp\/v2\/categories?post=257245"},{"taxonomy":"post_tag","embeddable":true,"href":"https:\/\/www.europesays.com\/es\/wp-json\/wp\/v2\/tags?post=257245"}],"curies":[{"name":"wp","href":"https:\/\/api.w.org\/{rel}","templated":true}]}}