{"id":257251,"date":"2025-11-26T18:58:12","date_gmt":"2025-11-26T18:58:12","guid":{"rendered":"https:\/\/www.europesays.com\/es\/257251\/"},"modified":"2025-11-26T18:58:12","modified_gmt":"2025-11-26T18:58:12","slug":"telecinco-aplaza-el-final-de-la-agencia-para-emitir-un-especial-de-el-precio-de-sobre-el-rey-emerito","status":"publish","type":"post","link":"https:\/\/www.europesays.com\/es\/257251\/","title":{"rendered":"Telecinco aplaza el final de &#8216;La agencia&#8217; para emitir un especial de &#8216;El precio de&#8217; sobre el rey em\u00e9rito"},"content":{"rendered":"<p class=\"article-text\">\n        Los seguidores de<strong> <\/strong><strong>La agencia<\/strong> tendr\u00e1n que esperar para conocer el desenlace. <strong>Telecinco <\/strong>aplaza la emisi\u00f3n del cap\u00edtulo final de la serie para emitir un especial de <strong>El precio de\u2026<\/strong><strong> <\/strong>sobre el rey em\u00e9rito.<strong> Juan Carlos I<\/strong> se convertir\u00e1 en protagonista del prime time el pr\u00f3ximo mi\u00e9rcoles, 3 de diciembre, con una entrega donde se analizar\u00e1n los claroscuros en la vida del monarca. Como ya <a href=\"https:\/\/www.eldiario.es\/vertele\/noticias\/telecinco-vuelta-el-precio-de-rey-juan-carlos-i-corona-nueva-investigacion_1_12768937.html\" target=\"_blank\" data-mrf-recirculation=\"links-noticia\" class=\"link\" rel=\"nofollow noopener\">publicamos en exclusiva<\/a>, <strong>El precio de la Corona<\/strong> abordar\u00e1 con <strong>Santi Acosta<\/strong> los episodios m\u00e1s pol\u00e9micos de sus memorias.\n    <\/p>\n<p>    <a href=\"https:\/\/www.eldiario.es\/vertele\/noticias\/telecinco-vuelta-el-precio-de-rey-juan-carlos-i-corona-nueva-investigacion_1_12768937.html\" data-mrf-recirculation=\"saber-mas\" data-dl-event=\"saber-mas\" rel=\"nofollow noopener\" target=\"_blank\"><\/p>\n<p class=\"know-more__title\">Telecinco prepara la vuelta de &#8216;El precio de\u2026&#8217; con el rey Juan Carlos I y la Corona en el centro de su nueva investigaci\u00f3n<\/p>\n<p>            <img decoding=\"async\" class=\"lazy\" loading=\"lazy\" data-src=\"https:\/\/static.eldiario.es\/clip\/902a9127-4fb2-4fbb-b9ff-27eb352f0718_16-9-aspect-ratio_default_0.jpg\" src=\"data:image\/svg+xml,%3Csvg xmlns=\" http:=\"\" viewbox=\"0 0 880 495\" alt=\"Telecinco prepara la vuelta de 'El precio de\u2026' con el rey Juan Carlos I y la Corona en el centro de su nueva investigaci\u00f3n\"\/><\/p>\n<p>                        <\/a><\/p>\n<p class=\"article-text\">\n        Esta apuesta por la investigaci\u00f3n provoca que el cap\u00edtulo final de La agencia no se emita en la fecha esperada por todos los espectadores. El desenlace de la serie se producir\u00e1 el <strong>mi\u00e9rcoles 10 de diciembre<\/strong>, seg\u00fan ha podido saber <strong>verTele<\/strong>, despu\u00e9s de la entrega habitual de <strong>La isla de las tentaciones 9<\/strong>. Ser\u00e1 entonces cuando la ficci\u00f3n, producida por Mediaset en colaboraci\u00f3n con Good Mood, d\u00e9 por cerrada su primera temporada, compuesta por un total de 13 cap\u00edtulos de 70 minutos cada uno.\n    <\/p>\n<p class=\"article-text\">\n        El serial comenz\u00f3 sus emisiones el pasado 10 de septiembre, dispuesta a ser un revulsivo clave en el prime time de la cadena. Pese a alcanzar un 10.9% de cuota en su estreno y rozar el mill\u00f3n de espectadores, sus audiencias no han vuelto a superar el list\u00f3n del doble d\u00edgito. A fecha de publicaci\u00f3n de esta noticia, La agencia promedia un <strong>8.7% de share y 657.000 espectadores<\/strong>. Conviene recordar que ya entonces analizamos c\u00f3mo esta serie se estren\u00f3 para <a href=\"https:\/\/www.eldiario.es\/vertele\/series\/telecinco-la-agencia-serie-ficcion-abierto-mediaset_1_12595109.html\" target=\"_blank\" data-mrf-recirculation=\"links-noticia\" class=\"link\" rel=\"nofollow noopener\">ensalzar el brillo de la ficci\u00f3n en abierto<\/a>.\n    <\/p>\n<p>    As\u00ed ser\u00e1 el especial de &#8216;El precio de&#8217; en Telecinco<\/p>\n<p class=\"article-text\">\n        La publicaci\u00f3n de las memorias del rey em\u00e9rito es el colof\u00f3n a una investigaci\u00f3n que lleva dos meses en marcha. Producido por Mediaset en colaboraci\u00f3n con Mandarina y Nivaria Oc\u00e9ano, Santi Acosta presentar\u00e1 un amplio documental sobre el rey em\u00e9rito y los pasajes m\u00e1s pol\u00e9micos narrados en sus memorias: desde su relaci\u00f3n con la actual <strong>reina Letizia<\/strong> hasta el idilio con<strong> Corinna Larsen<\/strong>, pasando por el &#8216;<strong>caso Noos<\/strong>&#8216; o el accidente de <strong>Botsuana<\/strong>.\n    <\/p>\n<p>    <a href=\"https:\/\/www.eldiario.es\/vertele\/noticias\/rtve-apuesta-continuismo-top-chef-presentara-paula-vazquez-compania-jueces-bake-off_1_12797545.html\" data-mrf-recirculation=\"saber-mas-abajo\" data-dl-event=\"saber-mas-abajo\" rel=\"nofollow noopener\" target=\"_blank\"><\/p>\n<p class=\"know-more__title\">RTVE apuesta por el continuismo con &#8216;Top Chef&#8217;, que presentar\u00e1 Paula V\u00e1zquez en compa\u00f1\u00eda de dos jueces de &#8216;Bake Off&#8217;<\/p>\n<p>            <img decoding=\"async\" class=\"lazy\" loading=\"lazy\" data-src=\"https:\/\/static.eldiario.es\/clip\/e51d15df-cbdf-4f34-9582-13790e62186f_16-9-aspect-ratio_default_0.jpg\" src=\"data:image\/svg+xml,%3Csvg xmlns=\" http:=\"\" viewbox=\"0 0 880 495\" alt=\"RTVE apuesta por el continuismo con 'Top Chef', que presentar\u00e1 Paula V\u00e1zquez en compa\u00f1\u00eda de dos jueces de 'Bake Off'\"\/><\/p>\n<p>                        <\/a><\/p>\n<p class=\"article-text\">\n        Este especial contar\u00e1 con la participaci\u00f3n de \u201c<strong>Miguel \u00c1ngel Revilla<\/strong>, \u00fanico ciudadano demandado por el rey em\u00e9rito; <strong>Francis Franco<\/strong>, nieto del dictador; <strong>Jaime Pe\u00f1afiel<\/strong>; <strong>I\u00f1aki Anasagasti<\/strong>; <strong>Rosa Villacast\u00edn<\/strong> y <strong>Lourdes Crespo<\/strong>, amiga y ahijada, respectivamente, de la fotoperiodista Queca Campillo, con quien el exjefe del Estado mantuvo una relaci\u00f3n secreta durante 30 a\u00f1os; y <strong>Jos\u00e9 Luis Ortega<\/strong>, exjefe de gabinete de do\u00f1a Sof\u00eda\u201d.\n    <\/p>\n","protected":false},"excerpt":{"rendered":"Los seguidores de La agencia tendr\u00e1n que esperar para conocer el desenlace. Telecinco aplaza la emisi\u00f3n del cap\u00edtulo&hellip;\n","protected":false},"author":2,"featured_media":257252,"comment_status":"","ping_status":"","sticky":false,"template":"","format":"standard","meta":{"footnotes":""},"categories":[171],"tags":[8217,35394,29626,11418,146,147,25,24,12608,1058,3282,5330,23,692,214],"class_list":{"0":"post-257251","1":"post","2":"type-post","3":"status-publish","4":"format-standard","5":"has-post-thumbnail","7":"category-tv","8":"tag-agencia","9":"tag-aplaza","10":"tag-emerito","11":"tag-emitir","12":"tag-entertainment","13":"tag-entretenimiento","14":"tag-es","15":"tag-espana","16":"tag-especial","17":"tag-final","18":"tag-precio","19":"tag-rey","20":"tag-spain","21":"tag-telecinco","22":"tag-tv"},"share_on_mastodon":{"url":"","error":""},"_links":{"self":[{"href":"https:\/\/www.europesays.com\/es\/wp-json\/wp\/v2\/posts\/257251","targetHints":{"allow":["GET"]}}],"collection":[{"href":"https:\/\/www.europesays.com\/es\/wp-json\/wp\/v2\/posts"}],"about":[{"href":"https:\/\/www.europesays.com\/es\/wp-json\/wp\/v2\/types\/post"}],"author":[{"embeddable":true,"href":"https:\/\/www.europesays.com\/es\/wp-json\/wp\/v2\/users\/2"}],"replies":[{"embeddable":true,"href":"https:\/\/www.europesays.com\/es\/wp-json\/wp\/v2\/comments?post=257251"}],"version-history":[{"count":0,"href":"https:\/\/www.europesays.com\/es\/wp-json\/wp\/v2\/posts\/257251\/revisions"}],"wp:featuredmedia":[{"embeddable":true,"href":"https:\/\/www.europesays.com\/es\/wp-json\/wp\/v2\/media\/257252"}],"wp:attachment":[{"href":"https:\/\/www.europesays.com\/es\/wp-json\/wp\/v2\/media?parent=257251"}],"wp:term":[{"taxonomy":"category","embeddable":true,"href":"https:\/\/www.europesays.com\/es\/wp-json\/wp\/v2\/categories?post=257251"},{"taxonomy":"post_tag","embeddable":true,"href":"https:\/\/www.europesays.com\/es\/wp-json\/wp\/v2\/tags?post=257251"}],"curies":[{"name":"wp","href":"https:\/\/api.w.org\/{rel}","templated":true}]}}