{"id":257267,"date":"2025-11-26T19:06:13","date_gmt":"2025-11-26T19:06:13","guid":{"rendered":"https:\/\/www.europesays.com\/es\/257267\/"},"modified":"2025-11-26T19:06:13","modified_gmt":"2025-11-26T19:06:13","slug":"un-enorme-incendio-en-un-complejo-de-rascacielos-residenciales-en-hong-kong-deja-al-menos-36-muertos-y-cientos-de-desaparecidos","status":"publish","type":"post","link":"https:\/\/www.europesays.com\/es\/257267\/","title":{"rendered":"Un enorme incendio en un complejo de rascacielos residenciales en Hong Kong deja al menos 36 muertos y cientos de desaparecidos"},"content":{"rendered":"<p><img fetchpriority=\"high\" decoding=\"async\" src=\"https:\/\/www.europesays.com\/es\/wp-content\/uploads\/2025\/11\/38d8ab00-caf4-11f0-b43f-e3318ee9f4fe.jpg.webp.webp\"   alt=\"Un hombre grita mientras al fondo un incendio consume varios rascacielos en Hong Kong\" loading=\"eager\" width=\"800\" height=\"450\" style=\"aspect-ratio:800 \/ 450\" class=\"css-4ejld5\"\/><\/p>\n<p class=\"css-by8ykd\" role=\"text\">Fuente de la imagen, Reuters<\/p>\n<p>Pie de foto, Varios rascacielos residenciales fueron consumidos por las llamas en Hong Kong.<strong id=\"article-byline\" aria-hidden=\"true\" class=\"css-m04vo2\">Informaci\u00f3n del art\u00edculo<\/strong><\/p>\n<ul class=\"css-1rvtlej\">\n<li class=\"css-oe8da4\">\n<ul role=\"list\" class=\"css-1rnycnn\">\n<li>Autor, Hafsa Khalil y Kathryn Armstrong<\/li>\n<li>T\u00edtulo del autor,  BBC News<\/li>\n<\/ul>\n<\/li>\n<li class=\"css-1clfxfc\">\n<p>39 minutos<\/p>\n<\/li>\n<li class=\"css-1clfxfc\"\/><\/ul>\n<p dir=\"ltr\" class=\"css-oygqes e17g058b0\"><b>Un enorme incendio que ha arrasado varios rascacielos residenciales en el distrito Tai Po de Hong Kong ha dejado al menos 36 muertos y cientos de desaparecidos.<\/b><\/p>\n<p dir=\"ltr\" class=\"css-oygqes e17g058b0\">M\u00e1s de 700 bomberos fueron desplegados para combatir el incendio que se inici\u00f3 el mi\u00e9rcoles por la tarde. Las im\u00e1genes mostraban llamas y densas nubes de humo gris saliendo de las torres, que dominan el horizonte de la ciudad.<\/p>\n<p dir=\"ltr\" class=\"css-oygqes e17g058b0\">Seg\u00fan informaci\u00f3n preliminar, algunos residentes quedaron atrapados en el edificio, y la polic\u00eda dijo que 279 personas permanecen desaparecidas.<\/p>\n<p dir=\"ltr\" class=\"css-oygqes e17g058b0\">Se desconoce la causa del fuego, que se propag\u00f3 r\u00e1pidamente a trav\u00e9s de los andamios de bamb\u00fa que cubr\u00edan el exterior de los edificios, que estaban siendo renovados.<\/p>\n<p dir=\"ltr\" class=\"css-oygqes e17g058b0\">El incendio se inici\u00f3 en el complejo residencial Wang Fuk Court a las 14:51 hora local (06:51 GMT) y fue clasificado como de nivel cinco, el m\u00e1s grave, por el departamento de bomberos local.<\/p>\n<p><img decoding=\"async\" src=\"https:\/\/www.europesays.com\/es\/wp-content\/uploads\/2025\/11\/577e5980-caf2-11f0-8c06-f5d460985095.jpg.webp.webp\"   alt=\"Una panor\u00e1mica de varios edificios envueltos en denso humo y llamas en sus diferentes pisos\" loading=\"lazy\" width=\"1024\" height=\"683\" style=\"aspect-ratio:1024 \/ 683\" class=\"css-4ejld5\"\/><\/p>\n<p class=\"css-by8ykd\" role=\"text\">Fuente de la imagen, Getty Images<\/p>\n<p>Pie de foto, Algunos residentes dicen que las alarmas no fueron activadas.<\/p>\n<p dir=\"ltr\" class=\"css-oygqes e17g058b0\">Entre los fallecidos se encuentra el bombero Ho Wai-ho, de 37 a\u00f1os. Fue encontrado inconsciente en el lugar del siniestro unos 30 minutos despu\u00e9s de que se perdiera el contacto con \u00e9l.<\/p>\n<p dir=\"ltr\" class=\"css-oygqes e17g058b0\">El intenso calor del incendio, as\u00ed como los peligrosos escombros, dificultaron las labores de rescate.<\/p>\n<p dir=\"ltr\" class=\"css-oygqes e17g058b0\">\u00abLa temperatura dentro de los edificios afectados es muy alta, por lo que nos resulta bastante dif\u00edcil entrar&#8230; y subir las escaleras para llevar a cabo las operaciones de extinci\u00f3n y rescate\u00bb, afirm\u00f3 Derek Armstrong Chan, subdirector del cuerpo de bomberos.<\/p>\n<p><img decoding=\"async\" src=\"https:\/\/www.europesays.com\/es\/wp-content\/uploads\/2025\/11\/ae74c530-caf2-11f0-a892-01d657345866.png.webp.webp\"   alt=\"Un hombre mira un edificio consumido por las llamas en Hong Kong\" loading=\"lazy\" width=\"1257\" height=\"828\" style=\"aspect-ratio:1257 \/ 828\" class=\"css-4ejld5\"\/><\/p>\n<p class=\"css-by8ykd\" role=\"text\">Fuente de la imagen, EPA<\/p>\n<p>Pie de foto, Las autoridades desplegaron cientos de bomberos para intentar sofocar las llamas.<\/p>\n<p dir=\"ltr\" class=\"css-oygqes e17g058b0\">Dado que el fuego segu\u00eda ardiendo hasta bien entrada la noche, el oficial dijo que no sab\u00edan cu\u00e1ndo se extinguir\u00edan por completo las llamas.<\/p>\n<p dir=\"ltr\" class=\"css-oygqes e17g058b0\">Construido en 1983, Wang Fuk Court est\u00e1 formado por ocho bloques de pisos que albergan 1.984 apartamentos para unos 4.600 residentes, seg\u00fan el censo gubernamental de 2021. Siete de los bloques se han visto afectados por el incendio.<\/p>\n<p dir=\"ltr\" class=\"css-oygqes e17g058b0\">No est\u00e1 claro cu\u00e1ntas personas se encontraban en los apartamentos en el momento del incendio y cu\u00e1ntas pudieron quedar atrapadas dentro del edificio, pero se cree que la mayor\u00eda fueron evacuadas.<\/p>\n<p><img decoding=\"async\" src=\"https:\/\/www.europesays.com\/es\/wp-content\/uploads\/2025\/11\/ef8a25b0-caf2-11f0-9fb5-5f3a3703a365.jpg.webp.webp\"   alt=\"Un brazo mec\u00e1nico de bomberos arroja agua sobre varios pisos incendiados en un edificio de Hong Kong\" loading=\"lazy\" width=\"1024\" height=\"683\" style=\"aspect-ratio:1024 \/ 683\" class=\"css-4ejld5\"\/><\/p>\n<p class=\"css-by8ykd\" role=\"text\">Fuente de la imagen, Getty Images<\/p>\n<p>Pie de foto, No era claro cu\u00e1l fue el origen del fuego, pero se sospecha que pudo ser propagado por unos andamios de bamb\u00fa.<\/p>\n<p dir=\"ltr\" class=\"css-oygqes e17g058b0\">Algunos residentes contaron a los medios locales que las alarmas contra incendios no sonaron y que, cuando los ascensores dejaron de funcionar, tuvieron dificultades para salir. Un concejal local dijo que muchas de las personas que viv\u00edan en Wang Fuk Court eran ancianos.<\/p>\n<p dir=\"ltr\" class=\"css-oygqes e17g058b0\">Tambi\u00e9n surgieron reportes de explosiones en el interior de los edificios, y las mangueras contra incendios ten\u00edan dificultades para llegar a los pisos superiores de las torres de 31 pisos.<\/p>\n<p dir=\"ltr\" class=\"css-oygqes e17g058b0\">La polic\u00eda tambi\u00e9n ha evacuado los edificios cercanos y se han abierto varios refugios temporales. <\/p>\n<p><img decoding=\"async\" src=\"https:\/\/www.europesays.com\/es\/wp-content\/uploads\/2025\/11\/943880c0-caf3-11f0-8c06-f5d460985095.jpg.webp.webp\"   alt=\"Varias personas miran hacia edificios incendiados en Hong Kong\" loading=\"lazy\" width=\"1024\" height=\"683\" style=\"aspect-ratio:1024 \/ 683\" class=\"css-4ejld5\"\/><\/p>\n<p class=\"css-by8ykd\" role=\"text\">Fuente de la imagen, Getty Images<\/p>\n<p>Pie de foto, Una buena parte de los residentes de los edificios eran ancianos, seg\u00fan los medios locales.<\/p>\n<p dir=\"ltr\" class=\"css-oygqes e17g058b0\">Fue decretada una gran zona de evacuaci\u00f3n alrededor del incendio, mientras las carreteras quedaron cerradas y fueron desviadas m\u00e1s de 30 l\u00edneas de autob\u00fas, seg\u00fan el Departamento de Transporte de Hong Kong.<\/p>\n<p dir=\"ltr\" class=\"css-oygqes e17g058b0\">Se prev\u00e9 que el incendio tenga un profundo efecto tanto en la comunidad como en el propio complejo residencial.<\/p>\n<p dir=\"ltr\" class=\"css-oygqes e17g058b0\">El uso de andamios de bamb\u00fa es habitual en Hong Kong, donde se montan atando varas con  cintas de nailon. Son ligeros y resistentes, y se han utilizado como herramienta de construcci\u00f3n durante siglos, pero Hong Kong es una de las \u00faltimas ciudades del mundo que sigue utiliz\u00e1ndolos en la construcci\u00f3n moderna.<\/p>\n<p><img decoding=\"async\" src=\"https:\/\/www.europesays.com\/es\/wp-content\/uploads\/2025\/11\/a9873700-caf3-11f0-a892-01d657345866.png.webp.webp\"   alt=\"Un hombre llora mientras en el fondo se incendian edificios del complejo Wang Fuk Court en Hong Kong\" loading=\"lazy\" width=\"1249\" height=\"832\" style=\"aspect-ratio:1249 \/ 832\" class=\"css-4ejld5\"\/><\/p>\n<p class=\"css-by8ykd\" role=\"text\">Fuente de la imagen, Reuters<\/p>\n<p dir=\"ltr\" class=\"css-oygqes e17g058b0\">Seg\u00fan informaron los medios locales en marzo, la oficina de desarrollo del gobierno ha estado tratando de eliminar su uso gradualmente, en favor de los andamios met\u00e1licos, debido a cuestiones de seguridad.<\/p>\n<p dir=\"ltr\" class=\"css-oygqes e17g058b0\">Han pasado 17 a\u00f1os desde que Hong Kong se enfrent\u00f3 a un incendio de nivel cinco, cuando un edificio construido en 1962 tambi\u00e9n se incendi\u00f3. Cuatro personas murieron en ese incidente.<\/p>\n<p dir=\"ltr\" class=\"css-oygqes e17g058b0\">Informaci\u00f3n adicional de Tiffany Wertheimer.<\/p>\n<p><img decoding=\"async\" src=\"https:\/\/www.europesays.com\/es\/wp-content\/uploads\/2025\/08\/c8beb280-fb45-11ee-8369-47dc4454b972.png.webp.webp\"   alt=\"L\u00ednea gris\" loading=\"lazy\" width=\"800\" height=\"100\" style=\"aspect-ratio:800 \/ 100\" class=\"css-4ejld5\"\/><\/p>\n<p dir=\"ltr\" class=\"css-oygqes e17g058b0\"><a href=\"https:\/\/www.bbc.com\/mundo\/send\/u184973209\" class=\"focusIndicatorReducedWidth css-n8oauk e1p3sufg0\" rel=\"nofollow noopener\" target=\"_blank\">Suscr\u00edbete aqu\u00ed<\/a> a nuestro nuevo newsletter para recibir cada viernes una selecci\u00f3n de nuestro mejor contenido de la semana.<\/p>\n<p dir=\"ltr\" class=\"css-oygqes e17g058b0\">Y recuerda que puedes recibir notificaciones en nuestra app. Descarga la \u00faltima versi\u00f3n y act\u00edvalas.<\/p>\n","protected":false},"excerpt":{"rendered":"Fuente de la imagen, Reuters Pie de foto, Varios rascacielos residenciales fueron consumidos por las llamas en Hong&hellip;\n","protected":false},"author":2,"featured_media":257268,"comment_status":"","ping_status":"","sticky":false,"template":"","format":"standard","meta":{"footnotes":""},"categories":[42],"tags":[17,18,13,14,11,61,62,63,64,19,20,9,10,15,16,12,21,22,65,66,67],"class_list":{"0":"post-257267","1":"post","2":"type-post","3":"status-publish","4":"format-standard","5":"has-post-thumbnail","7":"category-internacional","8":"tag-breaking-news","9":"tag-breakingnews","10":"tag-featured-news","11":"tag-featurednews","12":"tag-headlines","13":"tag-internacional","14":"tag-international","15":"tag-international-news","16":"tag-internationalnews","17":"tag-latest-news","18":"tag-latestnews","19":"tag-news","20":"tag-noticias","21":"tag-noticias-destacadas","22":"tag-noticiasdestacadas","23":"tag-titulares","24":"tag-ultimas-noticias","25":"tag-ultimasnoticias","26":"tag-world","27":"tag-world-news","28":"tag-worldnews"},"share_on_mastodon":{"url":"https:\/\/pubeurope.com\/@es\/115617568562809257","error":""},"_links":{"self":[{"href":"https:\/\/www.europesays.com\/es\/wp-json\/wp\/v2\/posts\/257267","targetHints":{"allow":["GET"]}}],"collection":[{"href":"https:\/\/www.europesays.com\/es\/wp-json\/wp\/v2\/posts"}],"about":[{"href":"https:\/\/www.europesays.com\/es\/wp-json\/wp\/v2\/types\/post"}],"author":[{"embeddable":true,"href":"https:\/\/www.europesays.com\/es\/wp-json\/wp\/v2\/users\/2"}],"replies":[{"embeddable":true,"href":"https:\/\/www.europesays.com\/es\/wp-json\/wp\/v2\/comments?post=257267"}],"version-history":[{"count":0,"href":"https:\/\/www.europesays.com\/es\/wp-json\/wp\/v2\/posts\/257267\/revisions"}],"wp:featuredmedia":[{"embeddable":true,"href":"https:\/\/www.europesays.com\/es\/wp-json\/wp\/v2\/media\/257268"}],"wp:attachment":[{"href":"https:\/\/www.europesays.com\/es\/wp-json\/wp\/v2\/media?parent=257267"}],"wp:term":[{"taxonomy":"category","embeddable":true,"href":"https:\/\/www.europesays.com\/es\/wp-json\/wp\/v2\/categories?post=257267"},{"taxonomy":"post_tag","embeddable":true,"href":"https:\/\/www.europesays.com\/es\/wp-json\/wp\/v2\/tags?post=257267"}],"curies":[{"name":"wp","href":"https:\/\/api.w.org\/{rel}","templated":true}]}}