{"id":257269,"date":"2025-11-26T19:07:08","date_gmt":"2025-11-26T19:07:08","guid":{"rendered":"https:\/\/www.europesays.com\/es\/257269\/"},"modified":"2025-11-26T19:07:08","modified_gmt":"2025-11-26T19:07:08","slug":"el-juez-expulsa-del-caso-begona-al-pseudosindicato-manos-limpias-impulsor-de-la-causa-espana","status":"publish","type":"post","link":"https:\/\/www.europesays.com\/es\/257269\/","title":{"rendered":"El juez expulsa del \u2018caso Bego\u00f1a\u2019 al pseudosindicato Manos Limpias, impulsor de la causa | Espa\u00f1a"},"content":{"rendered":"<p class=\"\">El titular del Juzgado de instrucci\u00f3n N\u00famero 41 de Madrid, Juan Carlos Peinado, ha decidido expulsar a Manos Limpias de la causa que sigue contra la mujer del presidente del Gobierno, Bego\u00f1a G\u00f3mez, al no haber presentado el pseudosindicato justificante del pago de la fianza. La expulsi\u00f3n del procedimiento de esta acusaci\u00f3n popular, que fue la que interpuso la denuncia inicial, ocurri\u00f3 el mismo d\u00eda en el que el abogado de Manos Limpias se\u00f1al\u00f3 que dejaba la defensa porque la causa se hab\u00eda convertido en \u201cuna controversia pol\u00edtica medi\u00e1tica\u201d. En una providencia, con fecha de este lunes 24 de noviembre y a la que ha tenido acceso EL PA\u00cdS, Peinado decide tener \u201cpor apartado\u201d a la asociaci\u00f3n que dirige Miguel Bernard. <\/p>\n<p class=\"\">Manos Limpias era hasta ahora una de las acusaciones populares en la causa contra la esposa de S\u00e1nchez, investigada por presuntos delitos de tr\u00e1fico de influencias, corrupci\u00f3n en los negocios, malversaci\u00f3n, intrusismo y apropiaci\u00f3n indebida. El origen de estas pesquisas, de hecho, est\u00e1 en una denuncia de la asociaci\u00f3n de Bernard en el mes de abril de 2024. Adem\u00e1s, est\u00e1n personados los partidos Vox e Iustitia Europa, la asociaci\u00f3n ultracat\u00f3lica Hazte O\u00edr, el Movimiento de Regeneraci\u00f3n Pol\u00edtica de Espa\u00f1a y el abogado Marco Antonio Caballero.<\/p>\n<p class=\"\">Hace dos d\u00edas,<a href=\"https:\/\/elpais.com\/espana\/2025-11-24\/el-abogado-de-manos-limpias-renuncia-al-caso-begona-porque-se-ha-convertido-en-una-controversia-politica-y-mediatica.html\" target=\"_self\" rel=\"nofollow noopener\" title=\"https:\/\/elpais.com\/espana\/2025-11-24\/el-abogado-de-manos-limpias-renuncia-al-caso-begona-porque-se-ha-convertido-en-una-controversia-politica-y-mediatica.html\"> el pseudosindicato se qued\u00f3 sin representantes legales<\/a> en la investigaci\u00f3n contra la esposa del presidente del Gobierno. El abogado y el procurador que integraban la acusaci\u00f3n de la organizaci\u00f3n renunciaron a seguir ejerci\u00e9ndola al entender que \u201clo que un inicio era un encargo jur\u00eddico\u201d se hab\u00eda ido transformando \u201cen una controversia pol\u00edtica y medi\u00e1tica\u201d, seg\u00fan un escrito que terminaron presentando en el juzgado. <\/p>\n<p class=\"\">Fuentes de la causa explican que esta decisi\u00f3n se enmarc\u00f3, precisamente, en la pol\u00e9mica de la fianza, puesto que ese mismo d\u00eda el juez Peinado hab\u00eda decidido expulsar a la acusaci\u00f3n popular por no presentar \u201cjustificaci\u00f3n documental\u201d de haber consignado el importe exigido. El magistrado solicit\u00f3 al inicio de la investigaci\u00f3n una fianza de 10.000 euros a las acusaciones populares, si bien estas recurrieron tal cantidad al ser varias y se decidi\u00f3 rebajarla finalmente hasta los 3.000. Cada acusaci\u00f3n deb\u00eda presentar un justificante de que el dinero quedaba consignado en la cuenta que se\u00f1al\u00f3 el juzgado para ello, pero Manos Limpias no lo aport\u00f3, seg\u00fan explican fuentes de las pesquisas. <\/p>\n<p class=\"\">\u201cLo que en un inicio se configuraba como un encargo jur\u00eddico (&#8230;) ha ido transform\u00e1ndose de manera paulatina en un asunto cuya exposici\u00f3n y tratamiento exceden del marco jur\u00eddico para situarse en el terreno de la controversia pol\u00edtica y medi\u00e1tica\u201d, critic\u00f3 el letrado, en la carta de renuncia, en la que adem\u00e1s apuntaba que Manos Limpias no se mueve por la solidez de los argumentos jur\u00eddicos y que, en cambio, \u201cresponden, en buena medida, a consideraciones de oportunidad pol\u00edtica, impacto en la opini\u00f3n p\u00fablica o posicionamiento ideol\u00f3gico\u201d. Es algo \u201cleg\u00edtimo\u201d, apuntaba, desde la perspectiva de la propia organizaci\u00f3n, pero no desde la del ejercicio de la abogac\u00eda \u201cfundada en la independencia, el rigor t\u00e9cnico y la estricta sujeci\u00f3n a criterios jur\u00eddicos objetivos\u201d.<\/p>\n<p class=\"\">Por su parte, Miguel Bernard ha asegurado en conversaci\u00f3n con este peri\u00f3dico que la fianza la retiraron los letrados al marcharse hace unos d\u00edas y ese ha sido el motivo de la expulsi\u00f3n. En esa l\u00ednea, se\u00f1ala que ya tiene nuevo abogado y que se personar\u00e1 de la mano de V\u00edctor Soriano, el letrado que ha liderado la acusaci\u00f3n popular de Manos Limpias en la causa contra el fiscal general del Estado, \u00c1lvaro Garc\u00eda Ortiz, en el Tribunal Supremo. <\/p>\n","protected":false},"excerpt":{"rendered":"El titular del Juzgado de instrucci\u00f3n N\u00famero 41 de Madrid, Juan Carlos Peinado, ha decidido expulsar a Manos&hellip;\n","protected":false},"author":2,"featured_media":253711,"comment_status":"","ping_status":"","sticky":false,"template":"","format":"standard","meta":{"footnotes":""},"categories":[8],"tags":[16640,17,18,25,24,13,14,11,16638,2128,19,20,42952,9,10,15,16,23,12,493,21,22],"class_list":{"0":"post-257269","1":"post","2":"type-post","3":"status-publish","4":"format-standard","5":"has-post-thumbnail","7":"category-espana","8":"tag-begona-gomez-fernandez","9":"tag-breaking-news","10":"tag-breakingnews","11":"tag-es","12":"tag-espana","13":"tag-featured-news","14":"tag-featurednews","15":"tag-headlines","16":"tag-juan-carlos-peinado","17":"tag-juicios","18":"tag-latest-news","19":"tag-latestnews","20":"tag-manos-limpias","21":"tag-news","22":"tag-noticias","23":"tag-noticias-destacadas","24":"tag-noticiasdestacadas","25":"tag-spain","26":"tag-titulares","27":"tag-tribunales","28":"tag-ultimas-noticias","29":"tag-ultimasnoticias"},"share_on_mastodon":{"url":"https:\/\/pubeurope.com\/@es\/115617572114957693","error":""},"_links":{"self":[{"href":"https:\/\/www.europesays.com\/es\/wp-json\/wp\/v2\/posts\/257269","targetHints":{"allow":["GET"]}}],"collection":[{"href":"https:\/\/www.europesays.com\/es\/wp-json\/wp\/v2\/posts"}],"about":[{"href":"https:\/\/www.europesays.com\/es\/wp-json\/wp\/v2\/types\/post"}],"author":[{"embeddable":true,"href":"https:\/\/www.europesays.com\/es\/wp-json\/wp\/v2\/users\/2"}],"replies":[{"embeddable":true,"href":"https:\/\/www.europesays.com\/es\/wp-json\/wp\/v2\/comments?post=257269"}],"version-history":[{"count":0,"href":"https:\/\/www.europesays.com\/es\/wp-json\/wp\/v2\/posts\/257269\/revisions"}],"wp:featuredmedia":[{"embeddable":true,"href":"https:\/\/www.europesays.com\/es\/wp-json\/wp\/v2\/media\/253711"}],"wp:attachment":[{"href":"https:\/\/www.europesays.com\/es\/wp-json\/wp\/v2\/media?parent=257269"}],"wp:term":[{"taxonomy":"category","embeddable":true,"href":"https:\/\/www.europesays.com\/es\/wp-json\/wp\/v2\/categories?post=257269"},{"taxonomy":"post_tag","embeddable":true,"href":"https:\/\/www.europesays.com\/es\/wp-json\/wp\/v2\/tags?post=257269"}],"curies":[{"name":"wp","href":"https:\/\/api.w.org\/{rel}","templated":true}]}}