{"id":257270,"date":"2025-11-26T19:08:25","date_gmt":"2025-11-26T19:08:25","guid":{"rendered":"https:\/\/www.europesays.com\/es\/257270\/"},"modified":"2025-11-26T19:08:25","modified_gmt":"2025-11-26T19:08:25","slug":"osakidetza-amplia-su-plantilla-estructural-con-la-creacion-de-2-160-nuevos-puestos-de-trabajo-en-linea-con-su-apuesta-por-el-empleo-de-calidad-gobierno-vasco-euskadi-eus","status":"publish","type":"post","link":"https:\/\/www.europesays.com\/es\/257270\/","title":{"rendered":"Osakidetza ampl\u00eda su plantilla estructural con la creaci\u00f3n de 2.160 nuevos puestos de trabajo, en l\u00ednea con su apuesta por el empleo de calidad &#8211; Gobierno Vasco &#8211; Euskadi.eus"},"content":{"rendered":"<ol>\n<li><a href=\"https:\/\/news.google.com\/rss\/articles\/CBMi-wFBVV95cUxPOVpNY1h1T2hjOTZXeV9ZeEtMQkNXME11TUlRQkcxQW5QalpmaVFOTWNoSlphWE0teGM3aVV6dnF3S3VfNmlnNlFMZkplNGF0cVpubG5IbUplcE1fdjhlTmhKMkE4MmNGc015dWJ1dkwycnk0Ry11a2RiYjRaRVFQTnhVQ25BWUlqaU9wYkl3SF9YZ2o5MWMxQ3k0aFYyeW40QTRqdWtUekVfWVZMNThHaGV1Wk1zQlFoRk1qMzJlSHJUanh5a3VqM29pamozZjJsMzNNZlhFS3NOZmhtSXptOW5LUUViVmo3OGUzUVpVV1VaRVVsMjQzN0VwYw?oc=5\" target=\"_blank\" rel=\"nofollow noopener\">Osakidetza ampl\u00eda su plantilla estructural con la creaci\u00f3n de 2.160 nuevos puestos de trabajo, en l\u00ednea con su apuesta por el empleo de calidad &#8211; Gobierno Vasco<\/a>&nbsp;&nbsp;Euskadi.eus<\/li>\n<li><a href=\"https:\/\/news.google.com\/rss\/articles\/CBMirwFBVV95cUxNenZuZElBeGVEb1dHM2pVVXlaZkJoUm9KWGRxNVlPX0k1c0dENENSNXN2S05Qa1JoZC1aWHRlRl8tMXJoMmMyY2pKWGhxaXhXNWtwV242OUhfN1U5M2dCckFqUW9ndC1FS3dlU2R5Nk1qZXpteDV3V0dMcXl3RjZncDNUbWliMDYwbGFYUnpPQW95NWVfVUhGWk1uc2gxYk9UaUQxem1Qa1lEZlUtdURR?oc=5\" target=\"_blank\" rel=\"nofollow noopener\">Osakidetza ampliar\u00e1 en 2.160 puestos m\u00e1s su plantilla fija<\/a>&nbsp;&nbsp;El Correo<\/li>\n<li><a href=\"https:\/\/news.google.com\/rss\/articles\/CBMiwwFBVV95cUxNWWxhQlg3UVhuWklVbXdleHF0T1prZTNSOTlybkxyamEyUkcteVhsY0duMnZ0TzlPd05nMXYxMkxRcFlsWmNGNVBfNW16Qko0dkRQdXo5dkZ1a0RadEpwOTR0VFowVDFSbjJXcUo1aXVTc3Vza3BJNkZheE9uZmN2ODVCYW54T0xvWGVQNFZONTZGRzhJM21Oc05DaGVOMm1acFlmdE9NcW1vNFhLRkZtVHVKbEUwNkxGd3FDTlVBNXA3Q2c?oc=5\" target=\"_blank\" rel=\"nofollow noopener\">Osakidetza ampl\u00eda su plantilla estructural con 2.160 nuevos puestos y alcanza los 34.600 profesionales<\/a>&nbsp;&nbsp;El Diario Vasco<\/li>\n<li><a href=\"https:\/\/news.google.com\/rss\/articles\/CBMi2wFBVV95cUxNMGhyXzVQVXRPdzE3S2F5d25SYUhyOHhJTFVuc0Q1RXdfQnFLRlU0cV9mVFgzZXJIbGJYNjJlWk9YMV90Z28xU3pDVXc4dG5CbGlubEppME9DcFREbWptMTJ2ZktEVGo0QnhyY044Q0tfN1lmQkFvdFpYYWdwcFpKZXJhcDlPTVpIVDN1dXJMRWdjQXh4OWRBS0hFQ0w5SUlqZUtLU0ZqUjdRSGZvRXRrS0g2RmhVdlBPbUZtY2pJX25mSnNWdHRncGQzWDMtcjg2UGozZFhaNGdXUGM?oc=5\" target=\"_blank\" rel=\"nofollow noopener\">Osakidetza s\u00f3lo admitir\u00e1 como estructurales 1.920 plazas de personal eventual de larga duraci\u00f3n<\/a>&nbsp;&nbsp;ELA Sindikatua<\/li>\n<li><a href=\"https:\/\/news.google.com\/rss\/articles\/CBMixwFBVV95cUxQMlpuNGI2MFNKemJydExSN193c2VFNXdfNTI0aFFIS0h5Wmg3eHpGcG5KQXZDY2F0MENyV0FsRlRydm05RjNlYWlzV3M4MnBaWlpRcHlnaUd2NktqSXJoWXhSc2QxRVRzYUpkVFg5SXNoRWJvcTdrQVdIR1NGTFZaQy1Henk5SzZ3eVhxbnJHeXF6QzZDZkZXZS1HeGxGWnppX0lEU191cHRmNlVKbFAtbW9rWWVzZjFkS2o5dHlrdmkxOUs2d2pv0gHMAUFVX3lxTE9CQXpGMkVsTDlLeV95R1RkUHJaU1M2QUE2dzVwdllQQ05QOGlEZXdkYURiMjZJS2dEc3E0ajlfX1NxSk1rdGIyOFZ5a0FJdnA0YndpTm5hSG9ldXQxRHBrOUJWV05vdkZ3T2w3RVI4dS02ckZ3RkJfUVNKSnZ0dktkMTZTdmN0M0JRU05kejR4WXFPbnJKTkhiRTNOQWdJRzVZY0QwWmFzTHBheTR5Q2NZRDBKRF9hS0wtREtMS3lUanpfdFRseDRCY1RFZQ?oc=5\" target=\"_blank\" rel=\"nofollow noopener\">Osakidetza ampl\u00eda su plantilla estructural con 2.160 nuevos puestos<\/a>&nbsp;&nbsp;Cr\u00f3nica Vasca<\/li>\n<\/ol>\n","protected":false},"excerpt":{"rendered":"Osakidetza ampl\u00eda su plantilla estructural con la creaci\u00f3n de 2.160 nuevos puestos de trabajo, en l\u00ednea con su&hellip;\n","protected":false},"author":2,"featured_media":248356,"comment_status":"","ping_status":"","sticky":false,"template":"","format":"standard","meta":{"footnotes":""},"categories":[5],"tags":[17,18,25,24,13,14,11,19,20,9,10,15,16,23,12,21,22],"class_list":{"0":"post-257270","1":"post","2":"type-post","3":"status-publish","4":"format-standard","5":"has-post-thumbnail","7":"category-titulares","8":"tag-breaking-news","9":"tag-breakingnews","10":"tag-es","11":"tag-espana","12":"tag-featured-news","13":"tag-featurednews","14":"tag-headlines","15":"tag-latest-news","16":"tag-latestnews","17":"tag-news","18":"tag-noticias","19":"tag-noticias-destacadas","20":"tag-noticiasdestacadas","21":"tag-spain","22":"tag-titulares","23":"tag-ultimas-noticias","24":"tag-ultimasnoticias"},"share_on_mastodon":{"url":"https:\/\/pubeurope.com\/@es\/115617575926951629","error":""},"_links":{"self":[{"href":"https:\/\/www.europesays.com\/es\/wp-json\/wp\/v2\/posts\/257270","targetHints":{"allow":["GET"]}}],"collection":[{"href":"https:\/\/www.europesays.com\/es\/wp-json\/wp\/v2\/posts"}],"about":[{"href":"https:\/\/www.europesays.com\/es\/wp-json\/wp\/v2\/types\/post"}],"author":[{"embeddable":true,"href":"https:\/\/www.europesays.com\/es\/wp-json\/wp\/v2\/users\/2"}],"replies":[{"embeddable":true,"href":"https:\/\/www.europesays.com\/es\/wp-json\/wp\/v2\/comments?post=257270"}],"version-history":[{"count":0,"href":"https:\/\/www.europesays.com\/es\/wp-json\/wp\/v2\/posts\/257270\/revisions"}],"wp:featuredmedia":[{"embeddable":true,"href":"https:\/\/www.europesays.com\/es\/wp-json\/wp\/v2\/media\/248356"}],"wp:attachment":[{"href":"https:\/\/www.europesays.com\/es\/wp-json\/wp\/v2\/media?parent=257270"}],"wp:term":[{"taxonomy":"category","embeddable":true,"href":"https:\/\/www.europesays.com\/es\/wp-json\/wp\/v2\/categories?post=257270"},{"taxonomy":"post_tag","embeddable":true,"href":"https:\/\/www.europesays.com\/es\/wp-json\/wp\/v2\/tags?post=257270"}],"curies":[{"name":"wp","href":"https:\/\/api.w.org\/{rel}","templated":true}]}}