{"id":257275,"date":"2025-11-26T19:16:11","date_gmt":"2025-11-26T19:16:11","guid":{"rendered":"https:\/\/www.europesays.com\/es\/257275\/"},"modified":"2025-11-26T19:16:11","modified_gmt":"2025-11-26T19:16:11","slug":"ultima-hora-en-belgrado-zeljko-obradovic-presenta-su-dimision-como-tecnico-de-partizan","status":"publish","type":"post","link":"https:\/\/www.europesays.com\/es\/257275\/","title":{"rendered":"\u00a1\u00daltima hora en Belgrado! Zeljko Obradovic presenta su dimisi\u00f3n como t\u00e9cnico de Partizan"},"content":{"rendered":"<p>El experimentado t\u00e9cnico toma una dif\u00edcil decisi\u00f3n tras el mal arranque de temporada del club serbio. El desenlace, m\u00e1s pronto que tarde.<\/p>\n<p>Las horas de Zeljko Obradovic como t\u00e9cnico del Partizan podr\u00edan estar llegando a su fin. Seg\u00fan ha informado el medio serbio <a href=\"https:\/\/www.mozzartsport.com\/kosarka\/vesti\/zeljko-obradovic-podneo-ostavku\/529210\" rel=\"nofollow noopener\" target=\"_blank\">Mozzart Sport<\/a>, el experimentado entrenador ha presentado su dimisi\u00f3n, aunque todav\u00eda est\u00e1 por ver si es aceptada o no por la directiva a lo largo de las pr\u00f3ximas horas.<\/p>\n<p>Esta decisi\u00f3n del t\u00e9cnico en su segunda etapa en el club llega tras cosechar 7 derrotas en los \u00faltimos 8 partidos de Euroliga. El conjunto balc\u00e1nico es antepen\u00faltimo en la tabla de la mejor competici\u00f3n continental, con un balance de 4 triunfos en 13 encuentros y tan solo por delante de Maccabi tel Aviv y ASVEL.<\/p>\n<p>Al t\u00e9rmino de la derrota ante Panathinaikos, Obradovic compareci\u00f3 anoche cabizbajo, con poca energ\u00eda, asegurando con gran sinceridad que desconoc\u00eda las razones de algunos de los problemas del equipo sobre la cancha. Poco despu\u00e9s, bas\u00e1ndose en su experiencia y con un gesto fr\u00edo, el t\u00e9cnico serbio explic\u00f3 que lo principal para darle la vuelta a la situaci\u00f3n tan compleja en la que se encuentran ser\u00eda con motivaci\u00f3n y ganas de luchar por parte de sus jugadores.<\/p>\n<p>Foto: Partizan<\/p>\n<p>\t\t\t\t\t\t<a href=\"https:\/\/www.gigantes.com\/tienda\/hemeroteca\/especial-40-aniversario-gigantes-del-basket-no-1-562-noviembre-2025\/\" target=\"_blank\" rel=\"noopener nofollow\"><br \/>\n\t\t\t\t\t\t\t<img decoding=\"async\" src=\"https:\/\/www.europesays.com\/es\/wp-content\/uploads\/2025\/11\/cropped-40.jpg\" alt=\"cropped-40.jpg\"\/><br \/>\n\t\t\t\t\t\t<\/a><\/p>\n<p class=\"magazine-meta\">\n\t\t\t\t\t\t\t\t\t\t\t\t\t\t\t\t\t1562<br \/>\n\t\t\t\t\t\t\t\t\t\t\t\t\t\t\t\t\t\t\t\t\t\t\t\t\t |<br \/>\n\t\t\t\t\t\t\t\t\t\t\t\t\t\t\t\t\t\t\t\t\t\t\t\t\tNoviembre 2025\n\t\t\t\t\t\t\t\t\t\t\t\t\t\t\t<\/p>\n<p class=\"magazine-description\">Testigos del baloncesto. Cumplimos 40 a\u00f1os. Una edici\u00f3n diferente, llena de curiosidades, opiniones, gui\u00f1os, historia y cari\u00f1o. Cuatro d\u00e9cadas fusionando basket y papel.<\/p>\n<p>\t\t\t\t\t<a href=\"https:\/\/www.gigantes.com\/tienda\/hemeroteca\/especial-40-aniversario-gigantes-del-basket-no-1-562-noviembre-2025\/\" class=\"btn-primary\" target=\"_blank\" rel=\"noopener nofollow\">Comprar<\/a><\/p>\n","protected":false},"excerpt":{"rendered":"El experimentado t\u00e9cnico toma una dif\u00edcil decisi\u00f3n tras el mal arranque de temporada del club serbio. El desenlace,&hellip;\n","protected":false},"author":2,"featured_media":257276,"comment_status":"","ping_status":"","sticky":false,"template":"","format":"standard","meta":{"footnotes":""},"categories":[269],"tags":[299,298,168,25,24,23,167],"class_list":{"0":"post-257275","1":"post","2":"type-post","3":"status-publish","4":"format-standard","5":"has-post-thumbnail","7":"category-baloncesto","8":"tag-baloncesto","9":"tag-basketball","10":"tag-deportes","11":"tag-es","12":"tag-espana","13":"tag-spain","14":"tag-sports"},"share_on_mastodon":{"url":"https:\/\/pubeurope.com\/@es\/115617607906273656","error":""},"_links":{"self":[{"href":"https:\/\/www.europesays.com\/es\/wp-json\/wp\/v2\/posts\/257275","targetHints":{"allow":["GET"]}}],"collection":[{"href":"https:\/\/www.europesays.com\/es\/wp-json\/wp\/v2\/posts"}],"about":[{"href":"https:\/\/www.europesays.com\/es\/wp-json\/wp\/v2\/types\/post"}],"author":[{"embeddable":true,"href":"https:\/\/www.europesays.com\/es\/wp-json\/wp\/v2\/users\/2"}],"replies":[{"embeddable":true,"href":"https:\/\/www.europesays.com\/es\/wp-json\/wp\/v2\/comments?post=257275"}],"version-history":[{"count":0,"href":"https:\/\/www.europesays.com\/es\/wp-json\/wp\/v2\/posts\/257275\/revisions"}],"wp:featuredmedia":[{"embeddable":true,"href":"https:\/\/www.europesays.com\/es\/wp-json\/wp\/v2\/media\/257276"}],"wp:attachment":[{"href":"https:\/\/www.europesays.com\/es\/wp-json\/wp\/v2\/media?parent=257275"}],"wp:term":[{"taxonomy":"category","embeddable":true,"href":"https:\/\/www.europesays.com\/es\/wp-json\/wp\/v2\/categories?post=257275"},{"taxonomy":"post_tag","embeddable":true,"href":"https:\/\/www.europesays.com\/es\/wp-json\/wp\/v2\/tags?post=257275"}],"curies":[{"name":"wp","href":"https:\/\/api.w.org\/{rel}","templated":true}]}}