{"id":257277,"date":"2025-11-26T19:17:09","date_gmt":"2025-11-26T19:17:09","guid":{"rendered":"https:\/\/www.europesays.com\/es\/257277\/"},"modified":"2025-11-26T19:17:09","modified_gmt":"2025-11-26T19:17:09","slug":"einar-galilea-me-parece-surrealista-que-se-hablase-de-cama-a-pellicer","status":"publish","type":"post","link":"https:\/\/www.europesays.com\/es\/257277\/","title":{"rendered":"Einar Galilea: \u00abMe parece surrealista que se hablase de cama a Pellicer\u00bb"},"content":{"rendered":"<p>\t\tCompartir esta publicaci\u00f3n\t\t\t\t\t<\/p>\n<p>Entrevist\u00f3n en <a href=\"http:\/\/www.merchanendirecto.es\" target=\"_blank\" rel=\"noopener nofollow\">Radio MARCA M\u00e1laga<\/a>. <strong>Einar Galilea<\/strong> se ha pasado por el micr\u00f3fono rojo en una semana realmente especial y en la que el aficionado malaguista est\u00e1 necesitado de voces de capitanes. Tras el <strong>cese de Pellicer<\/strong>, el <strong>anuncio de Funes<\/strong> y su <strong>debut con victoria ante el CD Mirand\u00e9s<\/strong>, precisamente con gol del central vasco en el tiempo de prolongaci\u00f3n, nos ha detallado c\u00f3mo se encuentra el vestuario, su visi\u00f3n de los acontecimientos, vistas a futuro de la mano del t\u00e9cnico loje\u00f1o y mucho m\u00e1s. Casi una hora de entrevista imperdible.<\/p>\n<p><strong>Entrevista \u00edntegra de Einar Galilea en audio<\/strong><\/p>\n<p><a href=\"https:\/\/www.merchanendirecto.es\/wp-content\/uploads\/2025\/11\/ENT-GALILEA.mp3\" rel=\"nofollow noopener\" target=\"_blank\">https:\/\/www.merchanendirecto.es\/wp-content\/uploads\/2025\/11\/ENT-GALILEA.mp3<\/a><br \/>\n<strong>Transcripci\u00f3n de las palabras de Einar Galilea<\/strong><br \/>\n<strong>Gol ante el Mirand\u00e9s<\/strong><\/p>\n<p>\u201cMe toc\u00f3 ser protagonista para lo bueno y para lo malo. Siempre es mejor pasar de villano a h\u00e9roe que de h\u00e9roe a villano. Lo importante eran los tres puntos para cambiar la din\u00e1mica. Tienen paralelismo con el gol ante el Atl\u00e9tico y ojal\u00e1 sirva tambi\u00e9n para dar ese peque\u00f1o cambio\u201d.<\/p>\n<p><strong>\u00bfC\u00f3mo viviste la salida de Pellicer?<\/strong><\/p>\n<p>\u201cLo he vivido como un duelo. Como cuando rompes con alguien. Eran dos a\u00f1os y medio conviviendo y viviendo cosas preciosas. Que acabe esa relaci\u00f3n es una pena. Quiero agradecerle todo su trabajo. Sabemos que por esfuerzo y trabajo no ha sido, pero los resultados mandan. El club ha decidido dar el cambio y nosotros a seguir con Funes igual que con Pelli. Somos un vestuario muy unido\u201d.<\/p>\n<blockquote class=\"instagram-media\" style=\"background: #FFF; border: 0; border-radius: 3px; box-shadow: 0 0 1px 0 rgba(0,0,0,0.5),0 1px 10px 0 rgba(0,0,0,0.15); margin: 1px; max-width: 540px; min-width: 326px; padding: 0; width: calc(100% - 2px);\" data-instgrm-captioned=\"\" data-instgrm-permalink=\"https:\/\/www.instagram.com\/reel\/DRhQxXDCO3h\/?utm_source=ig_embed&amp;utm_campaign=loading\" data-instgrm-version=\"14\">\n<\/blockquote>\n<p><strong>\u00bfCu\u00e1ndo os enter\u00e1is de la noticia?<\/strong><\/p>\n<p>\u201cFuimos conscientes m\u00e1s adelante, durante el viaje. Nos lo imaginamos por la sensaci\u00f3n que hab\u00eda. Nosotros salimos como cualquier otro partido y despu\u00e9s, en el viaje de vuelta, se hablaba mucho y nosotros no somos ajenos. Nos lo imaginamos y se hizo oficial al d\u00eda siguiente. Es una pena que tuviera que acabar as\u00ed\u201d.<\/p>\n<p><strong>\u00bfEl equipo estaba con el m\u00edster?<\/strong><\/p>\n<p>\u201cCreo que todo el equipo estaba en el mismo barco. Pero los resultados han sido as\u00ed y nos hubiera gustado dar m\u00e1s en lo individual y tambi\u00e9n en lo colectivo. \u201cPor el tiempo, no. Al final los resultados hacen mucho. Trabaj\u00e1bamos a tope y ten\u00edamos la conciencia tranquila, pero cuando el fin de semana las cosas no salen surge ese runr\u00fan. Muchas preguntas y pocas respuestas\u00bb. <\/p>\n<p>\u00abEl equipo estaba unido y en su barco, igual que con Funes. Somos un equipo de gente muy buena y es muy dif\u00edcil que pase eso. En otros vestuarios hay jugadores con m\u00e1s ego y aqu\u00ed no pasa. Si viene alguien de ese perfil no se integra del todo. Eso es algo muy positivo que tenemos y que a la larga demuestra nuestra capacidad humana\u201d.<\/p>\n<p><strong>Se lleg\u00f3 a especular con una posible cama al entrenador\u2026<\/strong><\/p>\n<p>\u201cNo, en absoluto. A m\u00ed todo esto que se hablaba de que no est\u00e1bamos con el m\u00edster me parece surrealista. Creo que es un equipo sin egos. A m\u00ed ahora me ha tocado no jugar tanto y he intentado animar. Somos muy buenas personas y nadie est\u00e1 por encima de nadie. Yo no lo he sentido. Por el tipo de personas que somos es imposible que pasen esas cosas, creo yo\u201d.<\/p>\n<p><strong>\u00bfOs ha pesado haber generado tantas expectativas a principios de temporada?<\/strong><\/p>\n<p>\u201cEl f\u00fatbol es as\u00ed, puedes trabajar como el que m\u00e1s, pero la pelota ten\u00eda que entrar. Yo creo que cuando te haces expectativas se crea frustraci\u00f3n. Cada uno lo lleva a su manera y s\u00ed puede haber pesado, pero m\u00e1s en el ambiente de fuera que dentro. Las ilusiones hicieron que salieran dudas cuando no llegaron los resultados. Mantener la calma y salir adelante como creo que hemos hecho cuando no nos sal\u00edan las cosas\u201d.<\/p>\n<p><strong>Clasificaci\u00f3n LaLiga Hypermotion<\/strong><\/p>\n<p>\u201cLo positivo es que hay muchos equipos muy pegados. En dos partidos est\u00e1 el 80 % de los equipos. No es la situaci\u00f3n que quer\u00edamos al principio, pero si creamos una buena din\u00e1mica puede cambiar la situaci\u00f3n y no verlo tan negro\u201d.<\/p>\n<p><strong>\u00bfEch\u00e1is en falta el buen rollo en el vestuario que trasladaban jugadores como Manu Molina o Kevin?<\/strong><\/p>\n<p>\u201cEs diferente en el cachondeo, pero en el trabajo y la humildad es muy similar. Creo que se han hecho avances, pero esto va de resultados. Por ejemplo, si Ni\u00f1o no estuviera metiendo, se hablar\u00eda de un mal fichaje por muy bueno que sea. Al final es lo que cuenta. Los an\u00e1lisis se suelen hacer despu\u00e9s en el f\u00fatbol y en el trayecto la gente est\u00e1 convencida de que los nuevos nos pueden sumar m\u00e1s. Yo tambi\u00e9n lo pienso\u00bb. <\/p>\n<p>\u00abEl M\u00e1laga tiene que ir recicl\u00e1ndose con el paso de las temporadas. Creo que tenemos mejor plantilla que el a\u00f1o pasado, pero esto va de resultados. Yo soy la misma persona que el a\u00f1o pasado y estoy jugando bastante peor. El verde no miente\u201d.<\/p>\n<p><strong>Mal estado de forma a nivel particular<\/strong><\/p>\n<p>\u201cNo s\u00e9. Si lo supiese lo cambiar\u00eda. En el deporte hay picos de forma. Hay que darle tranquilidad. El primero que se frustra soy yo, pero hay que limpiar la cabeza y mirar adelante. Creo que tambi\u00e9n toda la plantilla. La de Luismi, lesiones musculares\u2026 nos han hecho tener altibajos. Es una pena, pero si conseguimos que nadie se salga nos va a ayudar mucho en lo colectivo y en lo individual\u201d.<\/p>\n<p><strong>Idea de f\u00fatbol de presi\u00f3n alta, un arma de doble filo<\/strong><\/p>\n<p>\u201cNuestro modelo es jugar con la l\u00ednea alta. Tiene sus riesgos. Son muchos metros y son acciones de 50-50: si te la llevas, como me pas\u00f3 contra el Celta B, sale bien; si no, acaba en gol. No queremos defender al borde del \u00e1rea porque creemos que a largo plazo nos va a beneficiar m\u00e1s que un bloque bajo\u201d.<\/p>\n<p><strong>\u00bfSe os hace raro jugar con dos centrales zurdos?<\/strong><\/p>\n<p>\u201cJugu\u00e9 contra C\u00e1diz y Burgos en la derecha. Pueden jugar dos centrales zurdos igual que dos diestros. No es habitual, pero se puede. Es cuesti\u00f3n de hacerse. Si me da la posibilidad de ser vertical, m\u00e1s rico va a ser ese jugador\u201d.<\/p>\n<p><strong>\u00bfCrees que los capitanes actuasteis bien en cuanto a salir, o no, a defender a Pellicer de forma p\u00fablica?<\/strong><\/p>\n<p>\u201cS\u00ed, por qu\u00e9 no. Tengo la conciencia tranquila. Yo no sal\u00ed a hablar porque no estaba jugando. Larru es un peso pesado y Alfonso igual. Hay que entender el contexto en el que se dice cada cosa\u201d.<\/p>\n<p><strong>\u00bfSigue Funes la l\u00ednea de Pellicer en cuanto al trabajo diario?<\/strong><\/p>\n<p>\u201cDiferente, obviamente. Va implantando sus ideas porque quiere meter m\u00e1s t\u00e1ctica y presi\u00f3n; cada uno mete su sello. Yo no he estado con \u00e9l y no he visto mucho al Malague\u00f1o. Tiene una idea muy clara, definida y arriesgada. Podemos perder partidos por esa forma de jugar, pero si nos sale bien a largo plazo ganaremos m\u00e1s de los que perderemos\u00bb. <\/p>\n<p>\u00abS\u00ed me sorprendi\u00f3 porque no lo hab\u00edamos escuchado. As\u00ed se dio y a tope con \u00e9l. Entiendo que si llega a ir primero habr\u00eda menos debate, pero no tiene que ir una cosa con la otra. Loren le conoce mucho y sabe c\u00f3mo trabaja. Conf\u00eda en \u00e9l y nosotros tambi\u00e9n\u201d.<\/p>\n<blockquote class=\"twitter-tweet\"><p><a href=\"https:\/\/twitter.com\/RadioMarcaMLG\/status\/1993666121182904435\" target=\"_blank\" rel=\"noopener nofollow\"><\/p><\/blockquote>\n<p><strong>\u00bfC\u00f3mo es Funes en distancias cortas?<\/strong><\/p>\n<p>\u201cLe encantan las mates y cuenta muchas an\u00e9cdotas de cosas de la vida. Sali\u00f3 lo de multiplicar y dividir. Tiene la ventaja de conocer a casi todos y eso allana el camino. Si con esta victoria en el \u00faltimo momento se saca una buena din\u00e1mica, bienvenido sea y tengamos \u00e9xitos\u201d.<\/p>\n<p><strong>Errores ante el CD Mirand\u00e9s<\/strong><\/p>\n<p>\u201cUn poco como contra el Atleti. El primer gol es un error de ir al suelo. Yo me tiro con la derecha y deber\u00eda haberlo hecho con la izquierda. Fue un gesto poco \u00e1gil. Le he dado vueltas, pero se asume. Yo sab\u00eda que en un c\u00f3rner o algo la iba a tener, porque el f\u00fatbol es as\u00ed. Cre\u00ed en ello y se dio por suerte. Me vino a la derecha y rec\u00e9 para que no fuera arriba. Intent\u00e9 alejarla un poco. Lo necesit\u00e1bamos porque hemos perdido mucho en el descuento haciendo cosas bien\u201d.<\/p>\n<p><img fetchpriority=\"high\" decoding=\"async\" class=\"alignnone size-large wp-image-387802\" src=\"https:\/\/www.europesays.com\/es\/wp-content\/uploads\/2025\/11\/einar-entrevista-2-1024x768.jpeg\" alt=\"\" width=\"1024\" height=\"768\"  \/><\/p>\n<p><strong>Un partido clave ante los jabatos<\/strong><\/p>\n<p>\u201cFueron partidos muy diferentes en la primera y la segunda parte. El primer gol nos perjudic\u00f3 mucho. El f\u00fatbol es de din\u00e1micas y cuando est\u00e1s en una mala lo ves m\u00e1s oscuro de lo que es. Nos \u00edbamos a ir con sabor a derrota pese al empate. Era un alivio para empezar esta nueva etapa. Nos gustar\u00eda que el ambiente fuese otro, pero est\u00e1n en su derecho, para algo pagan su abono. Intentamos que no afecte\u00bb. <\/p>\n<p>\u00abSi tengo que elegir un escenario, ojal\u00e1 no sea ese. Creo que el escudo del entrenador se ha ido y los siguientes somos nosotros. Hay que trabajar para que no llegue y demostrar con actos. Ser conscientes de que en el f\u00fatbol mandan los resultados. Coger confianza y quitarnos la losa para que todo vaya mejor\u201d.<\/p>\n<p><strong>Centros laterales<\/strong><\/p>\n<p>\u201cEstamos sufriendo bastante en ese aspecto, pero es como m\u00e1s goles se hacen. Que te metan doce goles significa que no est\u00e1s defendiendo bien. Es una situaci\u00f3n dif\u00edcil de defender. Creo que es cuesti\u00f3n de mentalidad. El a\u00f1o pasado tambi\u00e9n se hablaba y yo lo relacionaba con que las jugadas en Primera RFEF no son las mismas que en Segunda. Nos cost\u00f3 hacernos. Lo estamos entrenando. El rival busca sus armas y tenemos que defenderlo mejor\u201d.<\/p>\n<p><strong>Pr\u00f3ximo partido en Pucela<\/strong><\/p>\n<p>\u201cSabemos que ser\u00e1 complicado. El Valladolid es un reci\u00e9n descendido que juega en casa, pero vamos all\u00ed para intentar conseguir tres puntos. Tenemos que ir con esa mentalidad porque estos meses no han sido buenos. Tenemos la oportunidad de olvidarlo y quitarnos esa mochila\u201d.<\/p>\n<p><strong>Victorias fuera de casa<\/strong><\/p>\n<p>\u201cSon pocas victorias. Hemos hablado del porqu\u00e9 sentimos eso, si es por falta de tensi\u00f3n\u2026 pero no lo creo, porque salimos a competir. En esta liga puedes ganar a cualquiera. No sabr\u00eda decirte a qu\u00e9 se debe, pero intentamos salir como si fuera en La Rosaleda. Es un hecho que debemos mejorar porque de local estamos bien, pero fuera sumamos muy poco\u201d.<\/p>\n<p><strong>Aterrizaje de Juan Carlos Andr\u00e9s como segundo entrenador<\/strong><\/p>\n<p>\u201cHa entrenado hoy solo con nosotros y es muy intenso. Parec\u00eda que nos conoc\u00eda de toda la vida, metiendo tensi\u00f3n, que agradecemos y es necesaria\u201d.<\/p>\n<p><strong>Una Segunda impredecible<\/strong><\/p>\n<p>\u201cTe lo conoces, pero mira la Real B: de l\u00edder a colista. Dir\u00e1n lo mismo. Y como en el f\u00fatbol 2+2 son 4\u2026 Cada partido es un mundo. Puedes ganar o no contra cualquier equipo. Puedes ganar en casa del l\u00edder y luego salir a otro partido y verte sobrepasado\u201d.<\/p>\n<p><strong>\u00bfHas hablado recientemente con Pellicer?<\/strong><\/p>\n<p>\u201cCuando estuvimos aqu\u00ed despu\u00e9s de la rueda de prensa hablamos. Me coment\u00f3 que se iba de vacaciones\u201d<\/p>\n<p><img loading=\"lazy\" decoding=\"async\" class=\"alignnone size-large wp-image-387801\" src=\"https:\/\/www.europesays.com\/es\/wp-content\/uploads\/2025\/11\/einar-entrevista-1-1024x768.jpeg\" alt=\"\" width=\"1024\" height=\"768\"  \/><\/p>\n<p><b>Test de Radio MARCA M\u00e1laga<\/b><\/p>\n<p><strong>Ritual<\/strong>. \u201cNo tengo muchos, no soy mani\u00e1tico\u201d. <\/p>\n<p><strong>Hobbies<\/strong>. \u201cFotograf\u00eda, pero me robaron la c\u00e1mara. M\u00fasica tambi\u00e9n. Me gusta mucho, pero no tengo idea de ritmo\u201d. <\/p>\n<p><strong>M\u00fasica<\/strong>. \u201cSuelo escuchar rock y hardcore\u201d. <\/p>\n<p><strong>Comida favorita<\/strong>. \u201cChulet\u00f3n con patatas y pimiento\u201d. <\/p>\n<p><strong>Un lugar en el que perderte<\/strong>. \u201cUn atardecer en una playa\u201d. <\/p>\n<p><strong>Una profesi\u00f3n si no fueras futbolista<\/strong>. \u201cMaestro de primaria. Me veo ah\u00ed\u201d. <\/p>\n<p><strong>Mejor momento de tu carrera<\/strong>. \u201cAscensos con el Alav\u00e9s o el M\u00e1laga\u201d. <\/p>\n<p><strong>Y el peor<\/strong>. \u201cLa lesi\u00f3n de la rodilla que tuve. No tengo descensos ni nada muy traum\u00e1tico\u201d. <\/p>\n<p><strong>Un referente en la vida<\/strong>. \u201cMi madre. Es una trabajadora incansable\u201d. <\/p>\n<p><strong>En el f\u00fatbol<\/strong>. \u201cManu Garc\u00eda, del Alav\u00e9s\u201d. <\/p>\n<p><strong>Una palabra que te defina como persona<\/strong>. \u201cNatural\u201d. <\/p>\n<p><strong>Y como futbolista<\/strong>. \u201cHumilde\u201d. <\/p>\n<p><strong>\u00bfVes mucho f\u00fatbol?<\/strong> \u201cVeo f\u00fatbol, pero no mucho\u201d. <\/p>\n<p><strong>Una afici\u00f3n que te haya sorprendido<\/strong>. \u201cRacing de Santander\u201d. <\/p>\n<p><strong>Un estadio impresionante<\/strong>. \u201cEl Molin\u00f3n, el Villamar\u00edn\u2026\u201d. <\/p>\n<p><strong>Mejores amigos en el club.<\/strong> \u201cAlfonso, V\u00edctor, Jokin\u201d. <\/p>\n<p><strong>Jugador que te sorprende m\u00e1s en los entrenamientos<\/strong>. \u201cAar\u00f3n Ochoa\u201d. <\/p>\n<p><strong>\u00bfCon qui\u00e9n cambiar\u00edas la camiseta si jugases contra este M\u00e1laga CF?<\/strong> \u201cNo soy de pedir camisetas\u201d. <\/p>\n<p><strong>El mejor futbolista con el que has jugado<\/strong>. \u201cTheo Hern\u00e1ndez o Marcos Llorente\u201d. <\/p>\n<p><strong>Un rival que fuera un dolor de cabeza<\/strong>. \u201cLivaja\u201d. <\/p>\n<p><strong>Funes es\u2026<\/strong> \u201cUn estudioso del f\u00fatbol\u201d. <\/p>\n<p><strong>Un entrenador especial en tu carrera<\/strong>. \u201cGonzalo Garc\u00eda\u201d. <\/p>\n<p><strong>El <a href=\"http:\/\/malagacf.com\" target=\"_blank\" rel=\"noopener nofollow\">M\u00e1laga CF<\/a> es\u2026<\/strong> \u201cMuy grande\u201d.<\/p>\n<p>\t<script async src=\"https:\/\/platform.twitter.com\/widgets.js\" charset=\"utf-8\"><\/script><script async src=\"\/\/www.instagram.com\/embed.js\"><\/script><\/p>\n","protected":false},"excerpt":{"rendered":"Compartir esta publicaci\u00f3n Entrevist\u00f3n en Radio MARCA M\u00e1laga. Einar Galilea se ha pasado por el micr\u00f3fono rojo en&hellip;\n","protected":false},"author":2,"featured_media":257278,"comment_status":"","ping_status":"","sticky":false,"template":"","format":"standard","meta":{"footnotes":""},"categories":[268],"tags":[168,25,24,280,282,281,23,167],"class_list":{"0":"post-257277","1":"post","2":"type-post","3":"status-publish","4":"format-standard","5":"has-post-thumbnail","7":"category-futbol","8":"tag-deportes","9":"tag-es","10":"tag-espana","11":"tag-football","12":"tag-futbol","13":"tag-soccer","14":"tag-spain","15":"tag-sports"},"share_on_mastodon":{"url":"https:\/\/pubeurope.com\/@es\/115617611835536021","error":""},"_links":{"self":[{"href":"https:\/\/www.europesays.com\/es\/wp-json\/wp\/v2\/posts\/257277","targetHints":{"allow":["GET"]}}],"collection":[{"href":"https:\/\/www.europesays.com\/es\/wp-json\/wp\/v2\/posts"}],"about":[{"href":"https:\/\/www.europesays.com\/es\/wp-json\/wp\/v2\/types\/post"}],"author":[{"embeddable":true,"href":"https:\/\/www.europesays.com\/es\/wp-json\/wp\/v2\/users\/2"}],"replies":[{"embeddable":true,"href":"https:\/\/www.europesays.com\/es\/wp-json\/wp\/v2\/comments?post=257277"}],"version-history":[{"count":0,"href":"https:\/\/www.europesays.com\/es\/wp-json\/wp\/v2\/posts\/257277\/revisions"}],"wp:featuredmedia":[{"embeddable":true,"href":"https:\/\/www.europesays.com\/es\/wp-json\/wp\/v2\/media\/257278"}],"wp:attachment":[{"href":"https:\/\/www.europesays.com\/es\/wp-json\/wp\/v2\/media?parent=257277"}],"wp:term":[{"taxonomy":"category","embeddable":true,"href":"https:\/\/www.europesays.com\/es\/wp-json\/wp\/v2\/categories?post=257277"},{"taxonomy":"post_tag","embeddable":true,"href":"https:\/\/www.europesays.com\/es\/wp-json\/wp\/v2\/tags?post=257277"}],"curies":[{"name":"wp","href":"https:\/\/api.w.org\/{rel}","templated":true}]}}