{"id":257287,"date":"2025-11-26T19:23:11","date_gmt":"2025-11-26T19:23:11","guid":{"rendered":"https:\/\/www.europesays.com\/es\/257287\/"},"modified":"2025-11-26T19:23:11","modified_gmt":"2025-11-26T19:23:11","slug":"la-1-estrena-el-documental-miradas-desobedientes","status":"publish","type":"post","link":"https:\/\/www.europesays.com\/es\/257287\/","title":{"rendered":"La 1 estrena el documental \u2018Miradas desobedientes\u2019"},"content":{"rendered":"<p>La 1 estrena \u2018Miradas desobedientes\u2019, el cuarto y \u00faltimo documental del ciclo especial \u2018<a href=\"https:\/\/www.rtve.es\/play\/videos\/50-anos-del-gran-cambio\/\" rel=\"nofollow noopener\" target=\"_blank\">50 a\u00f1os del gran cambio<\/a>\u2019. Una producci\u00f3n de RTVE, dirigida por Anna Solana y Julio de la Parra, en la que sus protagonistas, hijos y nietos de vencedores de la guerra civil y de verdugos de la dictadura, denuncian y piden perd\u00f3n por los actos de sus antepasados.<\/p>\n<p>Este nuevo documental completa el ciclo formado por \u2018<a href=\"https:\/\/www.rtve.es\/play\/videos\/50-anos-del-gran-cambio\/foto\/16801943\/\" rel=\"nofollow noopener\" target=\"_blank\">La foto<\/a>\u2019, \u2018<a href=\"https:\/\/www.rtve.es\/play\/videos\/50-anos-del-gran-cambio\/democracia-no-se-hara-sin-nosotrxs\/16801969\/\" rel=\"nofollow noopener\" target=\"_blank\">La democracia no se har\u00e1 sin nosotrxs<\/a>\u2019 y \u2018<a href=\"https:\/\/www.rtve.es\/play\/videos\/voladura-76\/\" rel=\"nofollow noopener\" target=\"_blank\">Voladura 76<\/a>\u2019, cuyos estrenos en La 1 han tenido una buena acogida de la audiencia.<\/p>\n<p>\u2018Miradas desobedientes\u2019<\/p>\n<p>90 a\u00f1os despu\u00e9s del golpe de estado militar que termin\u00f3 con la II Rep\u00fablica y provoc\u00f3 la guerra civil y 40 a\u00f1os de dictadura, una tercera generaci\u00f3n mira hacia atr\u00e1s y alza la voz con historias que desobedecen a la lealtad familiar. Son ciudadanos y ciudadanas profundamente comprometidos con la memoria democr\u00e1tica, que exponen un relato sincero y crudo sobre su dif\u00edcil proceso personal para hacer p\u00fablicos los desmanes y cr\u00edmenes de sus familiares.<\/p>\n<p>Loreto Urraca es nieta de Pedro Urraca, un polic\u00eda franquista \u201ccazador de rojos\u201d en Francia que colaboraba con la Gestapo y los fascistas franceses para detener a los republicanos y llevarlos a Espa\u00f1a para fusilarlos. Loreto Urraca impulsa el movimiento de Desobedientes espa\u00f1oles, y el documental tambi\u00e9n recoge el testimonio de la primera Desobediente del mundo, la argentina Anal\u00eda Kalinec, hija de un genocida condenado por cr\u00edmenes de lesa humanidad a cadena perpetua.<\/p>\n<p>Anna Velasco es nieta de Luis Velasco, un falangista sanguinario. En C\u00f3rdoba, Anna tiene la confirmaci\u00f3n de que asesin\u00f3 a mucha gente, incluida su cu\u00f1ada, la socialista Pilar Barrena.<\/p>\n<p>Tom\u00e1s Gil es hijo de Juli\u00e1n Gil, responsable de la Brigada Pol\u00edtico Social de Barcelona en los a\u00f1os 70, que detuvo al joven antifascista Salvador Puig Antich. Con pruebas falsas y un juicio lleno de irregularidades, fue ejecutado en 1974. En el documental, Tom\u00e1s se re\u00fane con dos hermanas de Puig Antich, a las que ha pedido perd\u00f3n por lo que hizo su padre. <\/p>\n<p>El an\u00e1lisis de tres historiadores, del jurista Jos\u00e9 Lu\u00eds Mart\u00edn Pall\u00edn, del presidente de la Asociaci\u00f3n para la Recuperaci\u00f3n de la Memoria Hist\u00f3rica y de un psicoterapeuta especializado en traumas transgeneracionales complementan y dan contexto a los testimonios.<\/p>\n","protected":false},"excerpt":{"rendered":"La 1 estrena \u2018Miradas desobedientes\u2019, el cuarto y \u00faltimo documental del ciclo especial \u201850 a\u00f1os del gran cambio\u2019.&hellip;\n","protected":false},"author":2,"featured_media":257288,"comment_status":"","ping_status":"","sticky":false,"template":"","format":"standard","meta":{"footnotes":""},"categories":[169],"tags":[177,146,147,25,24,176,175,23],"class_list":{"0":"post-257287","1":"post","2":"type-post","3":"status-publish","4":"format-standard","5":"has-post-thumbnail","7":"category-cine","8":"tag-cine","9":"tag-entertainment","10":"tag-entretenimiento","11":"tag-es","12":"tag-espana","13":"tag-film","14":"tag-movies","15":"tag-spain"},"share_on_mastodon":{"url":"https:\/\/pubeurope.com\/@es\/115617635055391258","error":""},"_links":{"self":[{"href":"https:\/\/www.europesays.com\/es\/wp-json\/wp\/v2\/posts\/257287","targetHints":{"allow":["GET"]}}],"collection":[{"href":"https:\/\/www.europesays.com\/es\/wp-json\/wp\/v2\/posts"}],"about":[{"href":"https:\/\/www.europesays.com\/es\/wp-json\/wp\/v2\/types\/post"}],"author":[{"embeddable":true,"href":"https:\/\/www.europesays.com\/es\/wp-json\/wp\/v2\/users\/2"}],"replies":[{"embeddable":true,"href":"https:\/\/www.europesays.com\/es\/wp-json\/wp\/v2\/comments?post=257287"}],"version-history":[{"count":0,"href":"https:\/\/www.europesays.com\/es\/wp-json\/wp\/v2\/posts\/257287\/revisions"}],"wp:featuredmedia":[{"embeddable":true,"href":"https:\/\/www.europesays.com\/es\/wp-json\/wp\/v2\/media\/257288"}],"wp:attachment":[{"href":"https:\/\/www.europesays.com\/es\/wp-json\/wp\/v2\/media?parent=257287"}],"wp:term":[{"taxonomy":"category","embeddable":true,"href":"https:\/\/www.europesays.com\/es\/wp-json\/wp\/v2\/categories?post=257287"},{"taxonomy":"post_tag","embeddable":true,"href":"https:\/\/www.europesays.com\/es\/wp-json\/wp\/v2\/tags?post=257287"}],"curies":[{"name":"wp","href":"https:\/\/api.w.org\/{rel}","templated":true}]}}