{"id":257291,"date":"2025-11-26T19:25:22","date_gmt":"2025-11-26T19:25:22","guid":{"rendered":"https:\/\/www.europesays.com\/es\/257291\/"},"modified":"2025-11-26T19:25:22","modified_gmt":"2025-11-26T19:25:22","slug":"100-000-mascarillas-por-toda-zaragoza-para-parar-el-brote-de-gripe-se-reparten-en-varios-puntos-hoy-aragon","status":"publish","type":"post","link":"https:\/\/www.europesays.com\/es\/257291\/","title":{"rendered":"100.000 mascarillas por toda Zaragoza para parar el brote de gripe: se reparten en varios puntos &#8211; hoy arag\u00f3n"},"content":{"rendered":"<ol>\n<li><a href=\"https:\/\/news.google.com\/rss\/articles\/CBMi2gFBVV95cUxPVFBRaXlScGVRdXRyY1FJNGI4cjVUTnVRQWR4NVB4QkxscGdQM1hSZjRfTFVVd01OYk9QMU9lNEp0Q25DT1VfTHRaYjY4UmNFeDBqWnp1WDdmcHkzQzFkNldOWjF0eUh4VEJRMWNwa2UwZ2ZwN3B2YU16dzYzb2Y1dnQyaTN0ektCZTJJR25Xb0s4cElIeGJaMnVsZUwyTUhVS1FqSlVwNGVsakU4eTVXNGxxUkQxejM5V2wxMTZRM19RaGRsV09iV3A2MW1yM0xQZEdiSWw3cGd4Zw?oc=5\" target=\"_blank\" rel=\"nofollow noopener\">100.000 mascarillas por toda Zaragoza para parar el brote de gripe: se reparten en varios puntos<\/a>&nbsp;&nbsp;hoy arag\u00f3n<\/li>\n<li><a href=\"https:\/\/news.google.com\/rss\/articles\/CBMi0wFBVV95cUxPOHp6QXRmSUpVYXNVQlpaZ1c4Vk9NeHJyZGFHZ3NhTW4zRDNvSVNNZ3lzOVo4VTVENzBJUGplQ3VVYVRrWVNNSS1BMC1NdTVqdmFoVTV2dlo0bHBaS2tvZGpuV1V1NDdWWVlZTlVFc29ycHZVSEhDb0E3bUFXU1ZqMmU1RzRRdVlVbFlzSEtvWFUtTFRaYTRZV3VmVEp4c3pBS2c1cWtkY2w1QngtSk9mNThXanhhSWhxcWl5T3N0WTdvelVHZXZxMDFBTHFlVmg2anNJ?oc=5\" target=\"_blank\" rel=\"nofollow noopener\">La gripe ya es epidemia en Arag\u00f3n y rescatan las mascarillas para hacerle frente<\/a>&nbsp;&nbsp;LaSexta<\/li>\n<li><a href=\"https:\/\/news.google.com\/rss\/articles\/CBMikAFBVV95cUxNbm5KSFNLbUFYUWhxVnRfMk1Td1ptUlJabzlWMWsyRHUxSW1uM0MzYllRQnNyU1VyeGR0QzUwbnBuNWF3Z3YtRjNib0thcEw2VG1WZzhGQWloSnVLQXE4c2ZXbzlxby1SeWUzVFg5Q3BpS2RLRk9pX094dFNVa3FVd1FWd0lZa24xdE5fRmhJWGzSAZYBQVVfeXFMUDQ2UmxWWE1mU3V2LXZ1LTZMUkctWVI5ejd3cVBBS2hlVHVVMUlPcGxObXQ1VHRfbFRLUUJEb0VkMGM2amlyNkk5d043VkUybWVYMnpkMlg5SkY4ZXZOYTRDU2U3Nksyb29HZ3ZQWGh0aV9IVllsRTJrVzZXMWJTcjNXOEphd2xvdlN1OVZzUENSd3ZJNGRn?oc=5\" target=\"_blank\" rel=\"nofollow noopener\">La mascarilla vuelve a Espa\u00f1a: Arag\u00f3n la convierte en obligatoria en centros sanitarios para frenar la gripe<\/a>&nbsp;&nbsp;El Confidencial<\/li>\n<li><a href=\"https:\/\/news.google.com\/rss\/articles\/CBMipAFBVV95cUxQNGFjdGRNclluNmhrcE4xSFJtanI2Q1k0Y2RFQXU2TEZseFpUdGUteXZYSjZqNkMyeHdtSDlldGNjNThyWmY1UTlMdUN4ajZrbjdQeHR3UkFzSG0xd3l2U1gyME51QTAyQll2a1BmMUJkZWpvQlZMdnBaLWpmQzlWX1kwaThtc2RrcW1GLWtrRVNJVVp0dGdlUFhHRE91OG9ZZWtUcg?oc=5\" target=\"_blank\" rel=\"nofollow noopener\">Arag\u00f3n abre la vacunaci\u00f3n sin cita previa el pr\u00f3ximo fin de semana para detener el aumento de casos de gripe<\/a>&nbsp;&nbsp;ABC<\/li>\n<li><a href=\"https:\/\/news.google.com\/rss\/articles\/CBMikwJBVV95cUxQWnZuQ0xGZ25mZ2NqSkp2WEJaX2cxNHJiQWJBVEFrUFg0ZW04MkdMc3ZERGE4VEVOdjdJSUE2UFhnZTdLV3AyR0lpeDZoVmYzQ1NnMGMyS05NUHFLLVVyRHM4N09faXVDX3hYSm5CaVBTbmVMSVNMNFBTZTRKcDZVLWQ5aVJlYUp4NEx2WDhjdmg2VXFMU0JpNy04WGxWa1VFSlF4djFsYnE1SXhUSnJFWmk2dlMtRmMxVVUzazJHUkJWVmhhMmRpWl9JRVgyVFg3Y0hpV2VhYUVzS0NPMzAtRUxQb0gwaVlTOVRERXQwSWlZQXhWWHJiWlVPT2p3MU16NXhHaEROcFdhT25IWlhqV0pSYw?oc=5\" target=\"_blank\" rel=\"nofollow noopener\">Reparto de mascarillas en el tranv\u00eda de Zaragoza, ante la epidemia de gripe: \u00abHay que protegerse, como en los tiempos de covid\u00bb<\/a>&nbsp;&nbsp;heraldo.es<\/li>\n<\/ol>\n","protected":false},"excerpt":{"rendered":"100.000 mascarillas por toda Zaragoza para parar el brote de gripe: se reparten en varios puntos&nbsp;&nbsp;hoy arag\u00f3n La&hellip;\n","protected":false},"author":2,"featured_media":257292,"comment_status":"","ping_status":"","sticky":false,"template":"","format":"standard","meta":{"footnotes":""},"categories":[92],"tags":[25,24,7749,165,58057,166,23,491],"class_list":{"0":"post-257291","1":"post","2":"type-post","3":"status-publish","4":"format-standard","5":"has-post-thumbnail","7":"category-salud","8":"tag-es","9":"tag-espana","10":"tag-gripe","11":"tag-health","12":"tag-mascarillas","13":"tag-salud","14":"tag-spain","15":"tag-zaragoza"},"share_on_mastodon":{"url":"https:\/\/pubeurope.com\/@es\/115617643111845863","error":""},"_links":{"self":[{"href":"https:\/\/www.europesays.com\/es\/wp-json\/wp\/v2\/posts\/257291","targetHints":{"allow":["GET"]}}],"collection":[{"href":"https:\/\/www.europesays.com\/es\/wp-json\/wp\/v2\/posts"}],"about":[{"href":"https:\/\/www.europesays.com\/es\/wp-json\/wp\/v2\/types\/post"}],"author":[{"embeddable":true,"href":"https:\/\/www.europesays.com\/es\/wp-json\/wp\/v2\/users\/2"}],"replies":[{"embeddable":true,"href":"https:\/\/www.europesays.com\/es\/wp-json\/wp\/v2\/comments?post=257291"}],"version-history":[{"count":0,"href":"https:\/\/www.europesays.com\/es\/wp-json\/wp\/v2\/posts\/257291\/revisions"}],"wp:featuredmedia":[{"embeddable":true,"href":"https:\/\/www.europesays.com\/es\/wp-json\/wp\/v2\/media\/257292"}],"wp:attachment":[{"href":"https:\/\/www.europesays.com\/es\/wp-json\/wp\/v2\/media?parent=257291"}],"wp:term":[{"taxonomy":"category","embeddable":true,"href":"https:\/\/www.europesays.com\/es\/wp-json\/wp\/v2\/categories?post=257291"},{"taxonomy":"post_tag","embeddable":true,"href":"https:\/\/www.europesays.com\/es\/wp-json\/wp\/v2\/tags?post=257291"}],"curies":[{"name":"wp","href":"https:\/\/api.w.org\/{rel}","templated":true}]}}