{"id":257298,"date":"2025-11-26T19:29:11","date_gmt":"2025-11-26T19:29:11","guid":{"rendered":"https:\/\/www.europesays.com\/es\/257298\/"},"modified":"2025-11-26T19:29:11","modified_gmt":"2025-11-26T19:29:11","slug":"militares-toman-el-control-total-de-guinea-bisau-y-suspenden-el-proceso-electoral","status":"publish","type":"post","link":"https:\/\/www.europesays.com\/es\/257298\/","title":{"rendered":"Militares toman el \u00abcontrol total\u00bb de Guinea-Bis\u00e1u y \u00absuspenden\u00bb el proceso electoral"},"content":{"rendered":"<p>    <img src=\"https:\/\/www.europesays.com\/es\/wp-content\/uploads\/2025\/11\/2025-11-26T183A053A09Z-90511968.jpg\" width=\"1024\" height=\"682\" alt=\"\" loading=\"eager\" decoding=\"sync\" fetchpriority=\"high\"\/><\/p>\n<p>            afp_tickers        <\/p>\n<p>        Este contenido fue publicado en    <\/p>\n<p>        26 noviembre 2025 &#8211; 19:05\n<\/p>\n<p>Militares de Guinea-Bis\u00e1u anunciaron este mi\u00e9rcoles que tomaron el \u00abcontrol total del pa\u00eds\u00bb, \u00absuspendieron el proceso electoral\u00bb y cerraron las fronteras tras las elecciones generales del domingo, de las que a\u00fan no se conocen los resultados.<\/p>\n<p>Los militares leyeron un comunicado en la sede del Estado Mayor del Ej\u00e9rcito, situado en Bis\u00e1u, la capital de este empobrecido pa\u00eds del Oeste de \u00c1frica.<\/p>\n<p>Poco antes se escucharon disparos cerca del palacio presidencial y hombres con traje militar tomaron el control de la principal arteria que conduce al recinto.<\/p>\n<p>Guinea-Bis\u00e1u ha sufrido cuatro golpes de Estado desde su independencia de Portugal en 1974, adem\u00e1s de una serie de intentos de golpe.\u00a0<\/p>\n<p>Cerca de un mill\u00f3n de electores fueron llamados a las urnas el domingo, en unos comicios celebrados sin la presencia del principal partido de la oposici\u00f3n y su candidato.\u00a0<\/p>\n<p>Los resultados provisionales oficiales se esperaban para el jueves.<\/p>\n<p>aye-sjd-lp-els\/sag\/mb<\/p>\n","protected":false},"excerpt":{"rendered":"afp_tickers Este contenido fue publicado en 26 noviembre 2025 &#8211; 19:05 Militares de Guinea-Bis\u00e1u anunciaron este mi\u00e9rcoles que&hellip;\n","protected":false},"author":2,"featured_media":257299,"comment_status":"","ping_status":"","sticky":false,"template":"","format":"standard","meta":{"footnotes":""},"categories":[42],"tags":[17,18,13,14,11,61,62,63,64,19,20,9,10,15,16,88,90,12,21,22,65,66,67],"class_list":{"0":"post-257298","1":"post","2":"type-post","3":"status-publish","4":"format-standard","5":"has-post-thumbnail","7":"category-internacional","8":"tag-breaking-news","9":"tag-breakingnews","10":"tag-featured-news","11":"tag-featurednews","12":"tag-headlines","13":"tag-internacional","14":"tag-international","15":"tag-international-news","16":"tag-internationalnews","17":"tag-latest-news","18":"tag-latestnews","19":"tag-news","20":"tag-noticias","21":"tag-noticias-destacadas","22":"tag-noticiasdestacadas","23":"tag-politics","24":"tag-ticker","25":"tag-titulares","26":"tag-ultimas-noticias","27":"tag-ultimasnoticias","28":"tag-world","29":"tag-world-news","30":"tag-worldnews"},"share_on_mastodon":{"url":"https:\/\/pubeurope.com\/@es\/115617659374901729","error":""},"_links":{"self":[{"href":"https:\/\/www.europesays.com\/es\/wp-json\/wp\/v2\/posts\/257298","targetHints":{"allow":["GET"]}}],"collection":[{"href":"https:\/\/www.europesays.com\/es\/wp-json\/wp\/v2\/posts"}],"about":[{"href":"https:\/\/www.europesays.com\/es\/wp-json\/wp\/v2\/types\/post"}],"author":[{"embeddable":true,"href":"https:\/\/www.europesays.com\/es\/wp-json\/wp\/v2\/users\/2"}],"replies":[{"embeddable":true,"href":"https:\/\/www.europesays.com\/es\/wp-json\/wp\/v2\/comments?post=257298"}],"version-history":[{"count":0,"href":"https:\/\/www.europesays.com\/es\/wp-json\/wp\/v2\/posts\/257298\/revisions"}],"wp:featuredmedia":[{"embeddable":true,"href":"https:\/\/www.europesays.com\/es\/wp-json\/wp\/v2\/media\/257299"}],"wp:attachment":[{"href":"https:\/\/www.europesays.com\/es\/wp-json\/wp\/v2\/media?parent=257298"}],"wp:term":[{"taxonomy":"category","embeddable":true,"href":"https:\/\/www.europesays.com\/es\/wp-json\/wp\/v2\/categories?post=257298"},{"taxonomy":"post_tag","embeddable":true,"href":"https:\/\/www.europesays.com\/es\/wp-json\/wp\/v2\/tags?post=257298"}],"curies":[{"name":"wp","href":"https:\/\/api.w.org\/{rel}","templated":true}]}}