{"id":257303,"date":"2025-11-26T19:37:09","date_gmt":"2025-11-26T19:37:09","guid":{"rendered":"https:\/\/www.europesays.com\/es\/257303\/"},"modified":"2025-11-26T19:37:09","modified_gmt":"2025-11-26T19:37:09","slug":"jodar-se-suma-a-landaluce-en-las-next-gen-finals","status":"publish","type":"post","link":"https:\/\/www.europesays.com\/es\/257303\/","title":{"rendered":"J\u00f3dar se suma a Landaluce en las Next Gen Finals"},"content":{"rendered":"<p class=\"\">Las <a href=\"https:\/\/as.com\/tenis\/\" target=\"_self\" rel=\"nofollow noopener\" title=\"https:\/\/as.com\/tenis\/\"><b>Next Gen ATP Finals<\/b><\/a>, que reunir\u00e1n en <b>Arabia Saud\u00ed <\/b>(17-21 diciembre en <b>Yeda<\/b>) a los ocho mejores jugadores j\u00f3venes del mundo Sub-20, tendr\u00e1n si nada se tuerce a dos espa\u00f1oles: <b>Mart\u00edn Landaluce<\/b> y <b>Rafa J\u00f3dar<\/b>. El primero es sexto en el ranking que da acceso al torneo. Y hoy la ATP comunic\u00f3 la baja para el mismo del brasile\u00f1o <b>Jo\u00e3o Fonseca<\/b>, que ocupaba la segunda posici\u00f3n tras el checo <b>Jakub Mensik<\/b>, por lo que corre turno y J\u00f3dar, que era noveno, sube hasta la octava plaza que marca el corte. Aun as\u00ed, hay torneos en marcha que pueden traer variaciones en el ranking. <\/p>\n<p class=\"\">Landaluce (19 a\u00f1os y 135\u00ba del ranking) ha ganado este curso un Challenger, el segundo escal\u00f3n del circuito ATP, en <b>Orleans<\/b>. Por su parte, J\u00f3dar (19 y 167\u00ba) acumula tres triunfos en <b>Challengers<\/b> en <b>Estados Unidos<\/b>, donde estudia en la <b>Universidad de Virginia<\/b>. En 2024 se proclam\u00f3 campe\u00f3n del <b>US Open<\/b> j\u00fanior, un t\u00edtulo que tambi\u00e9n logr\u00f3 el otro madrile\u00f1o en 2022. <\/p>\n<p class=\"\">Adem\u00e1s de Mensik y los dos espa\u00f1oles, completar\u00edan el plantel <b>Learner Tien<\/b> (<b>EE UU<\/b>), <b>Alexander Blockx<\/b> (<b>B\u00e9lgica<\/b>), <b>Dino Prizmic<\/b> (<b>Croacia<\/b>), <b>Nicolai Budkov<\/b> (<b>Noruega<\/b>) y <b>Nishesh Basavareddy <\/b>(EE <b>UU<\/b>). Las ATP Next Gen Finals, un torneo que han ganado Jannik Sinner y Carlos Alcaraz, ofrece un bot\u00edn de 539.750 euros (465.000 euros) al ganador.<\/p>\n<p>Noticias relacionadas<\/p>\n<p class=\"\"><b>\u00a1Tus opiniones importan!<\/b> Comenta en los art\u00edculos y suscr\u00edbete gratis a nuestra <a href=\"https:\/\/asfan.as.com\/newsletters\/\" target=\"_blank\" rel=\"nofollow noopener\" title=\"https:\/\/asfan.as.com\/newsletters\/\">newsletter<\/a> y a las alertas informativas en la <a href=\"https:\/\/as.com\/aplicacion-de-as-n\/\" target=\"_blank\" rel=\"nofollow noopener\" title=\"https:\/\/as.com\/aplicacion-de-as-n\/\">App<\/a> o el canal de <a href=\"https:\/\/www.whatsapp.com\/channel\/0029VaAasdA7j6g745nz9M10\" target=\"_blank\" rel=\"nofollow noopener\" title=\"https:\/\/www.whatsapp.com\/channel\/0029VaAasdA7j6g745nz9M10\">WhatsApp<\/a>.<\/p>\n<p class=\"\">\u00bfBuscas licenciar contenido? Haz clic <a href=\"https:\/\/profesional.elpais.com\/soluciones-sindicacion?utm_medium=interno&amp;utm_source=crosslinking&amp;utm_campaign=sindicacion_as_pie_articulos\" target=\"_blank\" rel=\"nofollow noopener\" title=\"https:\/\/profesional.elpais.com\/soluciones-sindicacion?utm_medium=interno&amp;utm_source=crosslinking&amp;utm_campaign=sindicacion_as_pie_articulos\">aqu\u00ed<\/a><\/p>\n","protected":false},"excerpt":{"rendered":"Las Next Gen ATP Finals, que reunir\u00e1n en Arabia Saud\u00ed (17-21 diciembre en Yeda) a los ocho mejores&hellip;\n","protected":false},"author":2,"featured_media":215440,"comment_status":"","ping_status":"","sticky":false,"template":"","format":"standard","meta":{"footnotes":""},"categories":[274],"tags":[168,25,24,23,167,327,326],"class_list":{"0":"post-257303","1":"post","2":"type-post","3":"status-publish","4":"format-standard","5":"has-post-thumbnail","7":"category-tenis","8":"tag-deportes","9":"tag-es","10":"tag-espana","11":"tag-spain","12":"tag-sports","13":"tag-tenis","14":"tag-tennis"},"share_on_mastodon":{"url":"https:\/\/pubeurope.com\/@es\/115617690105791904","error":""},"_links":{"self":[{"href":"https:\/\/www.europesays.com\/es\/wp-json\/wp\/v2\/posts\/257303","targetHints":{"allow":["GET"]}}],"collection":[{"href":"https:\/\/www.europesays.com\/es\/wp-json\/wp\/v2\/posts"}],"about":[{"href":"https:\/\/www.europesays.com\/es\/wp-json\/wp\/v2\/types\/post"}],"author":[{"embeddable":true,"href":"https:\/\/www.europesays.com\/es\/wp-json\/wp\/v2\/users\/2"}],"replies":[{"embeddable":true,"href":"https:\/\/www.europesays.com\/es\/wp-json\/wp\/v2\/comments?post=257303"}],"version-history":[{"count":0,"href":"https:\/\/www.europesays.com\/es\/wp-json\/wp\/v2\/posts\/257303\/revisions"}],"wp:featuredmedia":[{"embeddable":true,"href":"https:\/\/www.europesays.com\/es\/wp-json\/wp\/v2\/media\/215440"}],"wp:attachment":[{"href":"https:\/\/www.europesays.com\/es\/wp-json\/wp\/v2\/media?parent=257303"}],"wp:term":[{"taxonomy":"category","embeddable":true,"href":"https:\/\/www.europesays.com\/es\/wp-json\/wp\/v2\/categories?post=257303"},{"taxonomy":"post_tag","embeddable":true,"href":"https:\/\/www.europesays.com\/es\/wp-json\/wp\/v2\/tags?post=257303"}],"curies":[{"name":"wp","href":"https:\/\/api.w.org\/{rel}","templated":true}]}}