{"id":257314,"date":"2025-11-26T19:45:11","date_gmt":"2025-11-26T19:45:11","guid":{"rendered":"https:\/\/www.europesays.com\/es\/257314\/"},"modified":"2025-11-26T19:45:11","modified_gmt":"2025-11-26T19:45:11","slug":"a-que-hora-se-estrena-stranger-things-5-en-espana-y-latinoamerica-horarios-de-los-capitulos-finales-de-la-diario-as","status":"publish","type":"post","link":"https:\/\/www.europesays.com\/es\/257314\/","title":{"rendered":"\u00bfA qu\u00e9 hora se estrena \u2018Stranger Things 5\u2019 en Espa\u00f1a y Latinoam\u00e9rica? Horarios de los cap\u00edtulos finales de la &#8211; Diario AS"},"content":{"rendered":"<ol>\n<li><a href=\"https:\/\/news.google.com\/rss\/articles\/CBMi-wFBVV95cUxNMWJfTTR6NFZIVV9tU0VTMnBHaENCbW5wQnFoMDNxQVk2Mm1pX09vT1o2OUs1U2Y0Ml9mN0g0RVZJVi1RamdSZUsyQ3c3X2Rab25RYWxwSkUyRVhNNkVJRW5VbmJ5dHRLeWxDRzN3ZEtXX0p5M1JsMC1qblJ5ek9hVUllaFBaSEVBZV91cXUzN3NZcGZYaWtNQTN6a0ozMHFIQklxR1Z3dTVaeTJyanBDazJXN2lsb015cjFtak1EWmJ0SGwyZmtfZ3l2X1BFRm1TLXNzcW1nYUplUHdUNEc3TzBONS1WdlNCX1BPV1JFU0o5RWxIR3RUcnc5UdIBjwJBVV95cUxOb1ktUzZsX29Gb3g4ckUwSnp6UFpCT3g4UGJtTXFic2tfYkNPNkZGZzhUWDFaN2N3LVNLWGJEdC11NGd1dy1uX3VRaWJyMFgwMHB1bE9KZ2NzWTFMS2tPTWg5RXBFZTVYa0c0bm1STFJxN2VEbXRZb3ZHUnJ0eFF5RC1GZHdIX09XQ0FCd1cyUVFVSm1IRnpmd3loTnREa1hZaWxWYlF0aUI1QXRlS2d4Nkc1UUh5V2dtR1Nlc1RyaERoVTZNRHdGSkJ4TDNiS0cxdmZ6MUF1aHJrUzJPQS13YjIwazFERWdqSF9xTm5jWUt1WkZhNmxCRGFidDhwazIxV08xa2xLejJWQ1IyQWpV?oc=5\" target=\"_blank\" rel=\"nofollow noopener\">\u00bfA qu\u00e9 hora se estrena \u2018Stranger Things 5\u2019 en Espa\u00f1a y Latinoam\u00e9rica? Horarios de los cap\u00edtulos finales de la<\/a>&nbsp;&nbsp;Diario AS<\/li>\n<li><a href=\"https:\/\/news.google.com\/rss\/articles\/CBMid0FVX3lxTE1iREpCMlMwN2VJZE1SeGpXMkd3RFlpMUNPOW1KWkhZMnJ3Y0dUZHdMQWpRdDVScXRpU0xqVVEtYVVWQ1NnaWVzZFhPM016ODQwRUNlbmJZdl9ldm4xZG5tVEUwX2tUOU5jbXhYUGJwM21LejMxSGhj0gF3QVVfeXFMTm1TOXBuLTRqbTNiVHRSUzRINUZ6d19xYWtMZzZRTUhYSzRWSVltb2doc3VscW9sUjIzdkYwdjd3M0pvekZZQ2ZGdUF5VG5KcVZxWkpqQmVyQTJvQXl4eWhENWpKNFVOcUNqbHN1TWhuRVRFUnNIRDQ?oc=5\" target=\"_blank\" rel=\"nofollow noopener\">Temporada 5 de Stranger Things: a qu\u00e9 hora se estrenan los nuevos cap\u00edtulos en Espa\u00f1a<\/a>&nbsp;&nbsp;El Mundo<\/li>\n<li><a href=\"https:\/\/news.google.com\/rss\/articles\/CBMi7wFBVV95cUxNbTNLcG9vVkpTQUtPcnpldWRUQnV6X0sxOEFiUm5yanY3bEY2aHZWb3ltVEVqdktUU2w4VDY2MWNEQTNJLWZsMmNDUjBjX0dteHV0eFNHQUpGVkV1Y1ZNT2l4QnJ0c2N2Qm9OdHEzSTdlWG9zaVVlcWhoLUpwcTlFZzBkd1M1ODlQZFdCUVAtMTJIWDJjZWl4WU1OVFdYOFA3Q1B6N2JNb0hkeWNHZnV4SmVWZHA1TVktcUlEQlpiY25oNjFHeEYtcnJiRkxSWXN3N2lKWkxwRzJUX29CaUd3UU41V19JUTd6S2R0cnhSa9IBgwJBVV95cUxPZ2tUYmVJNTBSb1dMRWEwX1ZEeDZTLWNLRUJ3cVBfRVp0Y0Y2UWtoc3NXUHU0MlJmMXR5eU0xOWdVMG12NS1MOV83UFhZMndPUU5GZzdWcEx5TEV4QWJ6SEdRTEtpNnNtX2hGc3ZwRWVNZmFHcnRXSFdlWmVfbjJBVjd1SUd0dG5seXU0MW5lb2xUMFYzNU0wa1pmTU03QlJLWTlLM3pGQWV4U0hXcEhBcFE5eEpwcGp0SHpiM0VvT1M3bFF1ekFkMkdvN3V6cjdCQzloMTBFeDZyU3BGSXFUU2c5T29OSWVxQ3l2b0hFZjNzbHNMTzNfTWR0dk5YbmYxWW5B?oc=5\" target=\"_blank\" rel=\"nofollow noopener\">Los creadores de \u2018Stranger Things 5\u2019 recomiendan ver estos cuatro episodios de la serie antes de la nueva temp<\/a>&nbsp;&nbsp;Diario AS<\/li>\n<li><a href=\"https:\/\/news.google.com\/rss\/articles\/CBMitwFBVV95cUxQR2FzYkkzU0dLWDl6ajMxb3pvUHFXRXBqU1lLLTJFYTI1SHpCbUgtX3QyaVJXTnlnNXp2M1VJZ2dWS3RHUExobFZoY0ZSNzA4QWJvc0Z4VnJJTlNpNm8tR3NEZjRJNHBURFpYYzVvYS02MVN0Q1JtOHVSQVYzWEttei1URk54eGdRQmVGZXJ0WUlSV0k3cVNlUi03bXNUU0haaFhrQm5uQmhMcDk4SnlsdlBsejdKRVk?oc=5\" target=\"_blank\" rel=\"nofollow noopener\">&#8216;Stranger Things&#8217;: \u00bfqu\u00e9 trama Netflix para seguir rob\u00e1ndote horas?<\/a>&nbsp;&nbsp;La Vanguardia<\/li>\n<li><a href=\"https:\/\/news.google.com\/rss\/articles\/CBMijAFBVV95cUxPeXhCUENsVEd5TWRyYWhYVjBOaV9KUkp2eldXZEZ6U0kyVDFsN3E2RldpN0dWVzR3NVIyc01ZWVY4Y2t3UmY4WjA4SFMxMkhlamVMWW84a09Ibk5DVEphTHVYb0xBX1JzZm5tT25FTlVKUkphaUVabTU4ekp0eUw5NVlibEk2X0NaNHFaX9IBkgFBVV95cUxPWTBrcFhKZWZ5cGdmS09iSGgteUN1Qy1qSklkTnlaZkVVbHFLMVJBLWdkSDhWbGI2X0llZ3ExYU9zZjVzRmN2dWc0WTdUOTdQS2ZUMngtZ2M3R0s1UjNPanI0SmJJeVNQTDk1NUwxeXdabUliTElfQjZGMHNwallFd0E0NklzLXo4QzdUZXB6VHF1UQ?oc=5\" target=\"_blank\" rel=\"nofollow noopener\">&#8216;Stranger Things&#8217; temporada 5: todo lo que debes recordar antes del estreno de Netflix<\/a>&nbsp;&nbsp;Diario P\u00fablico<\/li>\n<\/ol>\n","protected":false},"excerpt":{"rendered":"\u00bfA qu\u00e9 hora se estrena \u2018Stranger Things 5\u2019 en Espa\u00f1a y Latinoam\u00e9rica? Horarios de los cap\u00edtulos finales de&hellip;\n","protected":false},"author":2,"featured_media":248356,"comment_status":"","ping_status":"","sticky":false,"template":"","format":"standard","meta":{"footnotes":""},"categories":[171],"tags":[146,147,25,24,23,214],"class_list":{"0":"post-257314","1":"post","2":"type-post","3":"status-publish","4":"format-standard","5":"has-post-thumbnail","7":"category-tv","8":"tag-entertainment","9":"tag-entretenimiento","10":"tag-es","11":"tag-espana","12":"tag-spain","13":"tag-tv"},"share_on_mastodon":{"url":"https:\/\/pubeurope.com\/@es\/115617721642305106","error":""},"_links":{"self":[{"href":"https:\/\/www.europesays.com\/es\/wp-json\/wp\/v2\/posts\/257314","targetHints":{"allow":["GET"]}}],"collection":[{"href":"https:\/\/www.europesays.com\/es\/wp-json\/wp\/v2\/posts"}],"about":[{"href":"https:\/\/www.europesays.com\/es\/wp-json\/wp\/v2\/types\/post"}],"author":[{"embeddable":true,"href":"https:\/\/www.europesays.com\/es\/wp-json\/wp\/v2\/users\/2"}],"replies":[{"embeddable":true,"href":"https:\/\/www.europesays.com\/es\/wp-json\/wp\/v2\/comments?post=257314"}],"version-history":[{"count":0,"href":"https:\/\/www.europesays.com\/es\/wp-json\/wp\/v2\/posts\/257314\/revisions"}],"wp:featuredmedia":[{"embeddable":true,"href":"https:\/\/www.europesays.com\/es\/wp-json\/wp\/v2\/media\/248356"}],"wp:attachment":[{"href":"https:\/\/www.europesays.com\/es\/wp-json\/wp\/v2\/media?parent=257314"}],"wp:term":[{"taxonomy":"category","embeddable":true,"href":"https:\/\/www.europesays.com\/es\/wp-json\/wp\/v2\/categories?post=257314"},{"taxonomy":"post_tag","embeddable":true,"href":"https:\/\/www.europesays.com\/es\/wp-json\/wp\/v2\/tags?post=257314"}],"curies":[{"name":"wp","href":"https:\/\/api.w.org\/{rel}","templated":true}]}}