{"id":257317,"date":"2025-11-26T19:47:14","date_gmt":"2025-11-26T19:47:14","guid":{"rendered":"https:\/\/www.europesays.com\/es\/257317\/"},"modified":"2025-11-26T19:47:14","modified_gmt":"2025-11-26T19:47:14","slug":"todos-los-estrenos-y-novedades-de-movistar-plus-en-diciembre-de-2025","status":"publish","type":"post","link":"https:\/\/www.europesays.com\/es\/257317\/","title":{"rendered":"Todos los estrenos y novedades de Movistar Plus+ en diciembre de 2025"},"content":{"rendered":"<p class=\"\"><b>Diciembre<\/b> de <b>2025<\/b> trae consigo una nuevos <b>estrenos<\/b> de <b>pel\u00edculas<\/b>, <b>series<\/b> y <b>documentales<\/b> para todos los p\u00fablicos a <a href=\"https:\/\/clk.tradedoubler.com\/click?p=357743&amp;a=3041888&amp;epi=notimeriestrenosagosto170725&amp;url=https%3A%2F%2Fwww.movistarplus.es%2F\" target=\"_blank\" rel=\"nofollow sponsored noopener\" title=\"https:\/\/clk.tradedoubler.com\/click?p=357743&amp;a=3041888&amp;epi=notimeriestrenosagosto170725&amp;url=https%3A%2F%2Fwww.movistarplus.es%2F\"><b>Movistar Plus+<\/b><\/a>. A lo largo de este mes, la plataforma a\u00f1adir\u00e1 nuevas obras interesantes como <a href=\"https:\/\/as.com\/meristation\/cine\/critica-de-una-pelicula-de-minecraft-una-divertida-adaptacion-del-videojuego-mas-vendido-de-la-historia-r\/\" target=\"_blank\" rel=\"nofollow noopener\" title=\"https:\/\/as.com\/meristation\/cine\/critica-de-una-pelicula-de-minecraft-una-divertida-adaptacion-del-videojuego-mas-vendido-de-la-historia-r\/\"><b>\u2018Una pel\u00edcula de Minecraft\u2019<\/b><\/a> con Jack Black y Jason Momoa, <a href=\"https:\/\/as.com\/meristation\/cine\/josh-hartnett-quiere-ser-john-wick-en-fight-or-flight-su-nueva-pelicula-de-accion-en-un-avion-repleto-de-asesinos-v\/\" target=\"_blank\" rel=\"nofollow noopener\" title=\"https:\/\/as.com\/meristation\/cine\/josh-hartnett-quiere-ser-john-wick-en-fight-or-flight-su-nueva-pelicula-de-accion-en-un-avion-repleto-de-asesinos-v\/\"><b>\u2018Fight or Flight\u2019<\/b><\/a> con Josh Hartnett o <a href=\"https:\/\/as.com\/meristation\/cine\/primer-trailer-de-the-alto-knights-la-pelicula-en-la-que-de-niro-da-vida-a-dos-miticos-mafiosos-v\/\" target=\"_blank\" rel=\"nofollow noopener\" title=\"https:\/\/as.com\/meristation\/cine\/primer-trailer-de-the-alto-knights-la-pelicula-en-la-que-de-niro-da-vida-a-dos-miticos-mafiosos-v\/\"><b>\u2018The Alto Knights\u2019<\/b><\/a> con Robert De Niro. Justo debajo os dejamos con la programaci\u00f3n al completo:<\/p>\n<p>Todas las series y programas originales de estreno en <a href=\"https:\/\/clk.tradedoubler.com\/click?p=357743&amp;a=3041888&amp;epi=notimeriestrenosagosto170725&amp;url=https%3A%2F%2Fwww.movistarplus.es%2F\" target=\"_blank\" rel=\"nofollow sponsored noopener\" title=\"https:\/\/clk.tradedoubler.com\/click?p=357743&amp;a=3041888&amp;epi=notimeriestrenosagosto170725&amp;url=https%3A%2F%2Fwww.movistarplus.es%2F\">Movistar Plus+<\/a> en diciembre de 2025<\/p>\n<p class=\"\"><b>1 de diciembre<\/b><\/p>\n<p class=\"\"><b>4 de diciembre<\/b><\/p>\n<p class=\"\"><b>18 de diciembre<\/b><\/p>\n<p class=\"\"><b>20 de diciembre<\/b><\/p>\n<ul>\n<li>\u2018Doce citas antes de Navidad\u2019<\/li>\n<li>\u2018The Chosen (Los elegidos)\u2019 temporada 5<\/li>\n<\/ul>\n<p>Todas las pel\u00edculas de estreno en <a href=\"https:\/\/clk.tradedoubler.com\/click?p=357743&amp;a=3041888&amp;epi=notimeriestrenosagosto170725&amp;url=https%3A%2F%2Fwww.movistarplus.es%2F\" target=\"_blank\" rel=\"nofollow sponsored noopener\" title=\"https:\/\/clk.tradedoubler.com\/click?p=357743&amp;a=3041888&amp;epi=notimeriestrenosagosto170725&amp;url=https%3A%2F%2Fwww.movistarplus.es%2F\">Movistar Plus+<\/a> en diciembre de 2025<\/p>\n<p class=\"\"><b>1 de diciembre<\/b><\/p>\n<ul>\n<li>\u2018Problemista\u2019<\/li>\n<li>\u2018Sigue volando\u2019<\/li>\n<\/ul>\n<p class=\"\"><b>2 de diciembre<\/b><\/p>\n<p class=\"\"><b>3 de diciembre<\/b><\/p>\n<ul>\n<li>\u2018Cr\u00f3nicas de guerra\u2019<\/li>\n<\/ul>\n<p class=\"\"><b>4 de diciembre<\/b><\/p>\n<ul>\n<li>\u2018D\u00e9jame ir\u2019<\/li>\n<li>\u2018H\u00e9roes de Central Park\u2019<\/li>\n<\/ul>\n<p class=\"\"><b>5 de diciembre<\/b><\/p>\n<ul>\n<li>\u2018Fight or Flight (Sicarios en el aire)\u2019<\/li>\n<\/ul>\n<p class=\"\"><b>6 de diciembre<\/b><\/p>\n<p class=\"\"><b>7 de diciembre<\/b><\/p>\n<ul>\n<li>\u201813 d\u00edas, 13 noches\u2019<\/li>\n<\/ul>\n<p class=\"\"><b>8 de diciembre<\/b><\/p>\n<ul>\n<li>\u2018La casa al final de la curva\u2019<\/li>\n<\/ul>\n<p class=\"\"><b>9 de diciembre<\/b><\/p>\n<ul>\n<li>\u2018\u00a1En bicicleta!\u2019<\/li>\n<li>\u2018Moon, mi amigo panda\u2019<\/li>\n<\/ul>\n<p class=\"\"><b>11 de diciembre<\/b><\/p>\n<ul>\n<li>\u2018Un lugar tranquilo: D\u00eda 1\u2032<\/li>\n<\/ul>\n<p class=\"\"><b>12 de diciembre<\/b><\/p>\n<p class=\"\"><b>13 de diciembre<\/b><\/p>\n<ul>\n<li>\u2018Navidad en Baltimore\u2019<\/li>\n<\/ul>\n<p class=\"\"><b>14 de diciembre<\/b><\/p>\n<p class=\"\"><b>15 de diciembre<\/b><\/p>\n<p class=\"\"><b>16 de diciembre<\/b><\/p>\n<ul>\n<li>\u2018La sociedad americana de negros m\u00e1gicos\u2019<\/li>\n<\/ul>\n<p class=\"\"><b>17 de diciembre<\/b><\/p>\n<ul>\n<li>\u2018Una funci\u00f3n inesperada\u2019<\/li>\n<\/ul>\n<p class=\"\"><b>18 de diciembre<\/b><\/p>\n<ul>\n<li>\u2018Una Navidad diferente\u2019<\/li>\n<\/ul>\n<p class=\"\"><b>19 de diciembre<\/b><\/p>\n<p class=\"\"><b>20 de diciembre<\/b><\/p>\n<ul>\n<li>\u2018Amor a la italiana\u2019<\/li>\n<li>\u2018Under the Stars\u2019<\/li>\n<\/ul>\n<p class=\"\"><b>21 de diciembre<\/b><\/p>\n<ul>\n<li>\u2018Las cuatro fant\u00e1sticas\u2019<\/li>\n<\/ul>\n<p class=\"\"><b>22 de diciembre<\/b><\/p>\n<ul>\n<li>\u2018Los futbol\u00edsimos 2: El misterio del tesoro pirata\u2019<\/li>\n<li>\u2018Solitud\u2019<\/li>\n<\/ul>\n<p class=\"\"><b>23 de diciembre<\/b><\/p>\n<ul>\n<li>\u2018Kayara. La guerrera del imperio Inca\u2019<\/li>\n<\/ul>\n<p class=\"\"><b>24 de diciembre<\/b><\/p>\n<ul>\n<li>\u2018Historia de una madre\u2019<\/li>\n<\/ul>\n<p class=\"\"><b>25 de diciembre<\/b><\/p>\n<ul>\n<li>\u2018Una pel\u00edcula de Minecraft\u2019<\/li>\n<\/ul>\n<p class=\"\"><b>26 de diciembre<\/b><\/p>\n<p class=\"\"><b>27 de diciembre<\/b><\/p>\n<ul>\n<li>\u2018Superagente Hit Pig\u2019<\/li>\n<\/ul>\n<p class=\"\"><b>28 de diciembre<\/b><\/p>\n<p class=\"\"><b>29 de diciembre<\/b><\/p>\n<p class=\"\"><b>30 de diciembre<\/b><\/p>\n<p class=\"\"><b>31 de diciembre<\/b><\/p>\n<ul>\n<li>\u2018Lo que aprend\u00ed de mi ping\u00fcino\u2019<\/li>\n<\/ul>\n<p>Todos los documentales de estreno en <a href=\"https:\/\/clk.tradedoubler.com\/click?p=357743&amp;a=3041888&amp;epi=notimeriestrenosagosto170725&amp;url=https%3A%2F%2Fwww.movistarplus.es%2F\" target=\"_blank\" rel=\"nofollow sponsored noopener\" title=\"https:\/\/clk.tradedoubler.com\/click?p=357743&amp;a=3041888&amp;epi=notimeriestrenosagosto170725&amp;url=https%3A%2F%2Fwww.movistarplus.es%2F\">Movistar Plus+<\/a> en diciembre de 2025<\/p>\n<p class=\"\"><b>1 de diciembre<\/b><\/p>\n<ul>\n<li>\u2018La verdad sobre el Ozempic\u2019<\/li>\n<\/ul>\n<p class=\"\"><b>3 de diciembre<\/b><\/p>\n<ul>\n<li>\u2018El \u00faltimo arrebato\u2019<\/li>\n<\/ul>\n<p class=\"\"><b>5 de diciembre<\/b><\/p>\n<ul>\n<li>\u2018Charles Thomas: tiempo muerto\u2019<\/li>\n<li>\u2018Mercadillo navide\u00f1o\u2019<\/li>\n<\/ul>\n<p class=\"\"><b>6 de diciembre<\/b><\/p>\n<ul>\n<li>\u2018Thom Browne: The Man Who Tailors Dreams\u2019<\/li>\n<\/ul>\n<p class=\"\"><b>11 de diciembre<\/b><\/p>\n<ul>\n<li>\u2018La sombra del emperador\u2019<\/li>\n<\/ul>\n<p class=\"\"><b>23 de diciembre<\/b><\/p>\n<ul>\n<li>\u2018Hasta que me quede sin voz\u2019<\/li>\n<\/ul>\n<p class=\"\">Como siempre, recordad que estas fechas de estreno podr\u00edan ser modificadas sin previo aviso debido a imprevistos o inconvenientes de \u00faltima hora. En cualquier caso, la mejor forma de comprobar qu\u00e9 programaci\u00f3n hay disponible es desde la propia plataforma.<\/p>\n<p>Noticias relacionadas<\/p>\n<p class=\"\">Suscr\u00edbete al <a href=\"https:\/\/www.youtube.com\/@meristation\" target=\"_blank\" rel=\"nofollow noopener\" title=\"https:\/\/www.youtube.com\/@meristation\">canal de MeriStation en YouTube<\/a>: somos tu web de videojuegos y entretenimiento, donde podr\u00e1s conocer todas las noticias y novedades sobre el mundo del videojuego, cine, series, manga y anime. An\u00e1lisis, entrevistas, tr\u00e1ileres, gameplays, p\u00f3dcast y mucho m\u00e1s. Tambi\u00e9n te animamos a seguir <a href=\"https:\/\/www.tiktok.com\/@meristation\" target=\"_blank\" rel=\"nofollow noopener\" title=\"https:\/\/www.tiktok.com\/@meristation\">nuestra cuenta de TikTok<\/a>. <\/p>\n<p class=\"\">\u00a1S\u00edguenos en ambas plataformas y, si est\u00e1s interesado en licenciar este contenido, pincha <a href=\"https:\/\/profesional.elpais.com\/soluciones-sindicacion?utm_medium=interno&amp;utm_source=crosslinking&amp;utm_campaign=sindicacion_as_pie_articulos\" target=\"_blank\" rel=\"nofollow noopener\" title=\"https:\/\/profesional.elpais.com\/soluciones-sindicacion?utm_medium=interno&amp;utm_source=crosslinking&amp;utm_campaign=sindicacion_as_pie_articulos\">aqu\u00ed<\/a>!<\/p>\n<p><script async src=\"\/\/www.tiktok.com\/embed.js\"><\/script><\/p>\n","protected":false},"excerpt":{"rendered":"Diciembre de 2025 trae consigo una nuevos estrenos de pel\u00edculas, series y documentales para todos los p\u00fablicos a&hellip;\n","protected":false},"author":2,"featured_media":257318,"comment_status":"","ping_status":"","sticky":false,"template":"","format":"standard","meta":{"footnotes":""},"categories":[169],"tags":[177,146,147,25,24,176,175,23],"class_list":{"0":"post-257317","1":"post","2":"type-post","3":"status-publish","4":"format-standard","5":"has-post-thumbnail","7":"category-cine","8":"tag-cine","9":"tag-entertainment","10":"tag-entretenimiento","11":"tag-es","12":"tag-espana","13":"tag-film","14":"tag-movies","15":"tag-spain"},"share_on_mastodon":{"url":"https:\/\/pubeurope.com\/@es\/115617729477137121","error":""},"_links":{"self":[{"href":"https:\/\/www.europesays.com\/es\/wp-json\/wp\/v2\/posts\/257317","targetHints":{"allow":["GET"]}}],"collection":[{"href":"https:\/\/www.europesays.com\/es\/wp-json\/wp\/v2\/posts"}],"about":[{"href":"https:\/\/www.europesays.com\/es\/wp-json\/wp\/v2\/types\/post"}],"author":[{"embeddable":true,"href":"https:\/\/www.europesays.com\/es\/wp-json\/wp\/v2\/users\/2"}],"replies":[{"embeddable":true,"href":"https:\/\/www.europesays.com\/es\/wp-json\/wp\/v2\/comments?post=257317"}],"version-history":[{"count":0,"href":"https:\/\/www.europesays.com\/es\/wp-json\/wp\/v2\/posts\/257317\/revisions"}],"wp:featuredmedia":[{"embeddable":true,"href":"https:\/\/www.europesays.com\/es\/wp-json\/wp\/v2\/media\/257318"}],"wp:attachment":[{"href":"https:\/\/www.europesays.com\/es\/wp-json\/wp\/v2\/media?parent=257317"}],"wp:term":[{"taxonomy":"category","embeddable":true,"href":"https:\/\/www.europesays.com\/es\/wp-json\/wp\/v2\/categories?post=257317"},{"taxonomy":"post_tag","embeddable":true,"href":"https:\/\/www.europesays.com\/es\/wp-json\/wp\/v2\/tags?post=257317"}],"curies":[{"name":"wp","href":"https:\/\/api.w.org\/{rel}","templated":true}]}}