{"id":257330,"date":"2025-11-26T19:54:10","date_gmt":"2025-11-26T19:54:10","guid":{"rendered":"https:\/\/www.europesays.com\/es\/257330\/"},"modified":"2025-11-26T19:54:10","modified_gmt":"2025-11-26T19:54:10","slug":"el-ticket-de-la-comida-de-mazon-en-el-ventorro","status":"publish","type":"post","link":"https:\/\/www.europesays.com\/es\/257330\/","title":{"rendered":"el ticket de la comida de Maz\u00f3n en &#8216;El Ventorro&#8217;"},"content":{"rendered":"<p class=\"L6-news-detail__text\"><b>Carlos Maz\u00f3n<\/b> y <b>Maribel Vilaplana<\/b> comieron en &#8216;<b><a title=\"El Ventorro\" href=\"https:\/\/www.lasexta.com\/noticias\/nacional\/companero-piso-mazon-reconoce-que-viven-15-minutos-ventorro-que-nunca-han-hablado-que-paso-vilaplana-tarde-dana_202511266927032455584d48fb5dfc3f.html\" target=\"_blank\" rel=\"nofollow noopener\">El Ventorro<\/a>&#8216;<\/b> el d\u00eda de la DANA dos \u00abmen\u00fas concertados\u00bb que sumaron <b>un total de 165 euros<\/b><b>y que corrieron a cargo del Partido Popular valenciano<\/b>. As\u00ed lo refleja la factura proporcionada por el due\u00f1o del establecimiento a la jueza <b>Nuria Ruiz Torraba<\/b>, y al que ha tenido acceso laSexta.<\/p>\n<p class=\"L6-news-detail__text\">El papel constata la comida el 29 de octubre de 2024 entre el entonces president de la Generalitat Valenciana y la periodista, aunque <b>no detalla la hora en la que fue emitido<\/b>. Tampoco desglosa, por ejemplo, qu\u00e9 bebidas tomaron o los platos que compon\u00edan ese \u00abmen\u00fa concertado\u00bb, pese a que la magistrada pidi\u00f3 concretamente la comanda.<\/p>\n<p class=\"L6-news-detail__text\"><b>Alfredo Romero<\/b>, propietario del restaurante, ha entregado este mi\u00e9rcoles el ticket a petici\u00f3n de la jueza de Catarroja que instruye el caso. La magistrada requiri\u00f3 a Romero tanto el ticket como <b><a title=\"fotograf\u00edas del reservado en el que comieron Maz\u00f3n y Vilaplana\" href=\"https:\/\/www.lasexta.com\/noticias\/nacional\/foto-reservado-ventorro-donde-comieron-mazon-vilaplana-dia-dana_2025112669271b836e5e5012dcceec56.html\" target=\"_blank\" rel=\"nofollow noopener\">fotograf\u00edas del reservado en el que comieron Maz\u00f3n y Vilaplana<\/a><\/b> despu\u00e9s de que la <b><a title=\"declaraci\u00f3n del due\u00f1o\" href=\"https:\/\/www.lasexta.com\/noticias\/nacional\/dueno-ventorro-declara-que-mazon-vilaplana-abandonaron-local-cuando-habia-clientes-trabajadores_2025112169202ffe6c137a698776a6da.html\" target=\"_blank\" rel=\"nofollow noopener\">declaraci\u00f3n del due\u00f1o<\/a><\/b> contradijera algunos datos que dio Vilaplana anteriormente.<\/p>\n<p class=\"L6-news-detail__text\">Concretamente, la periodista <b><a title=\"afirm\u00f3 en sede judicial que Maz\u00f3n recibi\u00f3 llamadas durante el encuentro\" href=\"https:\/\/www.lasexta.com\/noticias\/nacional\/claves-declaracion-vilaplana-descompuesta-jueza-president-despreocupado-cambio-ropa-extorsion_202511036908f532513f437cb8f5d200.html\" target=\"_blank\" rel=\"nofollow noopener\">afirm\u00f3 en sede judicial que Maz\u00f3n recibi\u00f3 llamadas durante el encuentro<\/a><\/b>, pero que no pudo escuchar sus conversaciones porque se levantaba a hablar a otro lado de la sala.<\/p>\n<p class=\"L6-news-detail__text\">Por su parte, Romero indic\u00f3 que estuvieron solos en <b>un reservado de apenas tres metros cuadrados<\/b> y que \u00e9l nunca vio a Maz\u00f3n salir del sal\u00f3n para hablar. Con este testimonio, se pod\u00eda considerar dif\u00edcil que Vilaplana no escuchase nada.<\/p>\n<p class=\"L6-news-detail__text\">Sobre la comida, Vilaplana asegur\u00f3 que <b>tomaron vino<\/b>, pero nada m\u00e1s. Tanto el president en funciones como ella, a\u00f1adieron que salieron del restaurante sobre las 18:30 horas. Sin embargo, la factura entregada a la jueza no da muchos detalles que verifiquen o contradigan estas afirmaciones.<\/p>\n<p class=\"L6-news-detail__text\">Solamente confirma que el cargo se hizo al Partido Popular y no a la Generalitat, como dijo Maz\u00f3n en sus comparecencias parlamentarias.<\/p>\n<p class=\"L6-news-detail__text\">La magistrada tambi\u00e9n ha pedido el ticket del aparcamiento en el que Vilaplana dej\u00f3 su coche aquel d\u00eda, para corroborar las horas de las que ha hablado la periodista. Tiene la vista puesta en verificar su declaraci\u00f3n y <b><a title=\"averiguar qu\u00e9 hizo Maz\u00f3n desde las 18:30 a las 19:43 horas\" href=\"https:\/\/www.lasexta.com\/noticias\/nacional\/mazon-sigue-aclarar-donde-estaba-dia-dana-enesima-version-tenia-telefono-mochila_20251117691afb88360d0840bce50e10.html\" target=\"_blank\" rel=\"nofollow noopener\">averiguar qu\u00e9 hizo Maz\u00f3n desde las 18:30 a las 19:43 horas<\/a><\/b>, cuando volvi\u00f3 a hablar con su entonces consellera de Interior, <b>Salom\u00e9 Pradas<\/b>.<\/p>\n<p class=\"L6-news-detail__text\"><b><a title=\"*Sigue a laSexta en Google. Toda la actualidad y el mejor contenido aqu\u00ed.\" href=\"https:\/\/profile.google.com\/cp\/CgkvbS8wZG5xejA\" target=\"_blank\" rel=\"nofollow noopener\">*Sigue a laSexta en Google. Toda la actualidad y el mejor contenido aqu\u00ed.<\/a><\/b><\/p>\n<p class=\"L6-support-news-video__title\">En la memoria del em\u00e9rito<\/p>\n<p>            <a href=\"https:\/\/www.lasexta.com\/noticias\/nacional\/juan-carlos-dice-arrepentirse-tener-remordimientos-achaca-salida-trono-abdicacion-fisica_2025112669273d166e5e5012dccf14ef.html\" class=\"L6-news__link\" rel=\"nofollow noopener\" target=\"_blank\"><br \/>\n                Juan Carlos I dice no arrepentirse ni tener remordimientos y achaca su salida del trono a una \u00ababdicaci\u00f3n f\u00edsica\u00bb<\/p>\n<p class=\"recirculation-video-desc\">\u00bfPor qu\u00e9 es importante? El rey em\u00e9rito ha concedido una entrevista a &#8216;France 3&#8217; en la que ha dicho que, si volviera a empezar, tendr\u00eda m\u00e1s cuidado: \u00abS\u00ed, por supuesto\u00bb.<\/p>\n<p>            <\/a><\/p>\n","protected":false},"excerpt":{"rendered":"Carlos Maz\u00f3n y Maribel Vilaplana comieron en &#8216;El Ventorro&#8216; el d\u00eda de la DANA dos \u00abmen\u00fas concertados\u00bb que&hellip;\n","protected":false},"author":2,"featured_media":257331,"comment_status":"","ping_status":"","sticky":false,"template":"","format":"standard","meta":{"footnotes":""},"categories":[8],"tags":[17,18,25,24,13,14,11,19,20,9,10,15,16,23,12,21,22],"class_list":{"0":"post-257330","1":"post","2":"type-post","3":"status-publish","4":"format-standard","5":"has-post-thumbnail","7":"category-espana","8":"tag-breaking-news","9":"tag-breakingnews","10":"tag-es","11":"tag-espana","12":"tag-featured-news","13":"tag-featurednews","14":"tag-headlines","15":"tag-latest-news","16":"tag-latestnews","17":"tag-news","18":"tag-noticias","19":"tag-noticias-destacadas","20":"tag-noticiasdestacadas","21":"tag-spain","22":"tag-titulares","23":"tag-ultimas-noticias","24":"tag-ultimasnoticias"},"share_on_mastodon":{"url":"https:\/\/pubeurope.com\/@es\/115617756973774396","error":""},"_links":{"self":[{"href":"https:\/\/www.europesays.com\/es\/wp-json\/wp\/v2\/posts\/257330","targetHints":{"allow":["GET"]}}],"collection":[{"href":"https:\/\/www.europesays.com\/es\/wp-json\/wp\/v2\/posts"}],"about":[{"href":"https:\/\/www.europesays.com\/es\/wp-json\/wp\/v2\/types\/post"}],"author":[{"embeddable":true,"href":"https:\/\/www.europesays.com\/es\/wp-json\/wp\/v2\/users\/2"}],"replies":[{"embeddable":true,"href":"https:\/\/www.europesays.com\/es\/wp-json\/wp\/v2\/comments?post=257330"}],"version-history":[{"count":0,"href":"https:\/\/www.europesays.com\/es\/wp-json\/wp\/v2\/posts\/257330\/revisions"}],"wp:featuredmedia":[{"embeddable":true,"href":"https:\/\/www.europesays.com\/es\/wp-json\/wp\/v2\/media\/257331"}],"wp:attachment":[{"href":"https:\/\/www.europesays.com\/es\/wp-json\/wp\/v2\/media?parent=257330"}],"wp:term":[{"taxonomy":"category","embeddable":true,"href":"https:\/\/www.europesays.com\/es\/wp-json\/wp\/v2\/categories?post=257330"},{"taxonomy":"post_tag","embeddable":true,"href":"https:\/\/www.europesays.com\/es\/wp-json\/wp\/v2\/tags?post=257330"}],"curies":[{"name":"wp","href":"https:\/\/api.w.org\/{rel}","templated":true}]}}