{"id":257332,"date":"2025-11-26T19:55:23","date_gmt":"2025-11-26T19:55:23","guid":{"rendered":"https:\/\/www.europesays.com\/es\/257332\/"},"modified":"2025-11-26T19:55:23","modified_gmt":"2025-11-26T19:55:23","slug":"el-juzgado-de-la-dana-certifica-que-el-coche-de-vilaplana-entro-a-las-14-38-en-el-parking-y-salio-a-las-19-51-tras-el-ventorro","status":"publish","type":"post","link":"https:\/\/www.europesays.com\/es\/257332\/","title":{"rendered":"El juzgado de la dana certifica que el coche de Vilaplana entr\u00f3 a las 14.38 en el parking y sali\u00f3 a las 19.51 tras El Ventorro"},"content":{"rendered":"<p class=\"article-text\">\n        La comunicadora Maribel Vilaplana entr\u00f3 el 29 de octubre de 2024 a las 14.38 en el aparcamiento de la plaza de Tetu\u00e1n para dirigirse a la comida con el president Carlos Maz\u00f3n en el restaurante El Ventorro. As\u00ed se desprende de la certificaci\u00f3n de la Letrada de la Administraci\u00f3n de Justicia (LAJ) del Juzgado de Instrucci\u00f3n n\u00famero 3 de Catarroja a la que ha tenido acceso elDiario.es.\n    <\/p>\n<p>    <a href=\"https:\/\/www.eldiario.es\/comunitat-valenciana\/jefe-gabinete-mazon-reconoce-jueza-dana-borro-whatsapps_1_12797304.html\" data-mrf-recirculation=\"saber-mas\" data-dl-event=\"saber-mas\" rel=\"nofollow noopener\" target=\"_blank\"><\/p>\n<p class=\"know-more__title\">El jefe de gabinete de Maz\u00f3n reconoce ante la jueza de la dana que borr\u00f3 sus &#8216;whatsapps&#8217; con \u00e9l<\/p>\n<p>            <img decoding=\"async\" class=\"lazy\" loading=\"lazy\" data-src=\"https:\/\/static.eldiario.es\/clip\/952b2211-b44c-449f-9d11-fcb4f5986af0_16-9-aspect-ratio_default_0_x2449y825.jpg\" src=\"data:image\/svg+xml,%3Csvg xmlns=\" http:=\"\" viewbox=\"0 0 880 495\" alt=\"El jefe de gabinete de Maz\u00f3n reconoce ante la jueza de la dana que borr\u00f3 sus 'whatsapps' con \u00e9l\"\/><\/p>\n<p>                        <\/a><\/p>\n<p class=\"article-text\">\n        La LAJ tambi\u00e9n certifica que el veh\u00edculo de Vilaplana sali\u00f3 del aparcamiento subterr\u00e1neo a las 19.51. La comunicadora pag\u00f3 el ticket, por una tarifa de 15,10 euros, a las 19.47, tal como acredita la documentaci\u00f3n que consta en la causa.\n    <\/p>\n<p class=\"article-text\">\n        La empresa que gestiona el aparcamiento ha confirmado la cronolog\u00eda de entrada y salida del veh\u00edculo de Vilaplana, as\u00ed como el acceso por donde introdujo su coche y el cajero en el que abon\u00f3 el ticket, por poco m\u00e1s de cinco horas de estacionamiento.\n    <\/p>\n<p class=\"article-text\">\n        \u201cConforme a la documentaci\u00f3n remitida por la mercantil Interparking, as\u00ed como por la testigo Mar\u00eda Isabel Vilaplana Vilaplana en fecha 25 de noviembre de 2025; la entrada de su veh\u00edculo se produjo a las 14:38 horas del d\u00eda 29 de octubre de 2024 por la \u201dEntrada 1\u201c, y posteriormente, se produjo su salida a las 19:51 horas del d\u00eda 29 de octubre de 2024; produci\u00e9ndose el pago en el \u201dCajero 2\u201c a las 19:48 horas del d\u00eda 29 de octubre de 2024, por un importe de 15,10 euros\u201d, indica la certificaci\u00f3n de la LAJ.\n    <\/p>\n<p>    <a href=\"https:\/\/www.eldiario.es\/comunitat-valenciana\/dueno-ventorro-aporta-fotos-reservado-factura-comida-mazon-vilaplana-82-5-euros-cabeza_1_12799150.html\" data-mrf-recirculation=\"saber-mas-abajo\" data-dl-event=\"saber-mas-abajo\" rel=\"nofollow noopener\" target=\"_blank\"><\/p>\n<p class=\"know-more__title\">El due\u00f1o de El Ventorro entrega a la jueza las fotos del reservado y la factura de la comida de Maz\u00f3n y Vilaplana: 82,5 euros por cabeza<\/p>\n<p>            <img decoding=\"async\" class=\"lazy\" loading=\"lazy\" data-src=\"https:\/\/static.eldiario.es\/clip\/dec6f5ca-23b4-4311-b093-94e87279d626_16-9-aspect-ratio_default_0.jpg\" src=\"data:image\/svg+xml,%3Csvg xmlns=\" http:=\"\" viewbox=\"0 0 880 495\" alt=\"El due\u00f1o de El Ventorro entrega a la jueza las fotos del reservado y la factura de la comida de Maz\u00f3n y Vilaplana: 82,5 euros por cabeza\"\/><\/p>\n<p>                        <\/a><\/p>\n<p class=\"article-text\">\n        La certificaci\u00f3n confirma que el veh\u00edculo de Maribel Vilaplana permaneci\u00f3 unas cinco horas en el estacionamiento subterr\u00e1neo durante su estancia en el reservado del restaurante El Ventorro.\n    <\/p>\n","protected":false},"excerpt":{"rendered":"La comunicadora Maribel Vilaplana entr\u00f3 el 29 de octubre de 2024 a las 14.38 en el aparcamiento de&hellip;\n","protected":false},"author":2,"featured_media":257333,"comment_status":"","ping_status":"","sticky":false,"template":"","format":"standard","meta":{"footnotes":""},"categories":[5],"tags":[517,2206,1705,17,18,3965,242,25,24,13,14,11,1667,19,20,9,10,15,16,1925,23,12,21,22,235],"class_list":{"0":"post-257332","1":"post","2":"type-post","3":"status-publish","4":"format-standard","5":"has-post-thumbnail","7":"category-titulares","8":"tag-actualidad","9":"tag-alicante","10":"tag-analisis","11":"tag-breaking-news","12":"tag-breakingnews","13":"tag-castellon","14":"tag-comunidad-valenciana","15":"tag-es","16":"tag-espana","17":"tag-featured-news","18":"tag-featurednews","19":"tag-headlines","20":"tag-informacion","21":"tag-latest-news","22":"tag-latestnews","23":"tag-news","24":"tag-noticias","25":"tag-noticias-destacadas","26":"tag-noticiasdestacadas","27":"tag-opinion","28":"tag-spain","29":"tag-titulares","30":"tag-ultimas-noticias","31":"tag-ultimasnoticias","32":"tag-valencia"},"share_on_mastodon":{"url":"https:\/\/pubeurope.com\/@es\/115617760733963054","error":""},"_links":{"self":[{"href":"https:\/\/www.europesays.com\/es\/wp-json\/wp\/v2\/posts\/257332","targetHints":{"allow":["GET"]}}],"collection":[{"href":"https:\/\/www.europesays.com\/es\/wp-json\/wp\/v2\/posts"}],"about":[{"href":"https:\/\/www.europesays.com\/es\/wp-json\/wp\/v2\/types\/post"}],"author":[{"embeddable":true,"href":"https:\/\/www.europesays.com\/es\/wp-json\/wp\/v2\/users\/2"}],"replies":[{"embeddable":true,"href":"https:\/\/www.europesays.com\/es\/wp-json\/wp\/v2\/comments?post=257332"}],"version-history":[{"count":0,"href":"https:\/\/www.europesays.com\/es\/wp-json\/wp\/v2\/posts\/257332\/revisions"}],"wp:featuredmedia":[{"embeddable":true,"href":"https:\/\/www.europesays.com\/es\/wp-json\/wp\/v2\/media\/257333"}],"wp:attachment":[{"href":"https:\/\/www.europesays.com\/es\/wp-json\/wp\/v2\/media?parent=257332"}],"wp:term":[{"taxonomy":"category","embeddable":true,"href":"https:\/\/www.europesays.com\/es\/wp-json\/wp\/v2\/categories?post=257332"},{"taxonomy":"post_tag","embeddable":true,"href":"https:\/\/www.europesays.com\/es\/wp-json\/wp\/v2\/tags?post=257332"}],"curies":[{"name":"wp","href":"https:\/\/api.w.org\/{rel}","templated":true}]}}