{"id":257335,"date":"2025-11-26T20:01:15","date_gmt":"2025-11-26T20:01:15","guid":{"rendered":"https:\/\/www.europesays.com\/es\/257335\/"},"modified":"2025-11-26T20:01:15","modified_gmt":"2025-11-26T20:01:15","slug":"neil-stephens-regresa-al-jayco-alula-como-director-deportivo","status":"publish","type":"post","link":"https:\/\/www.europesays.com\/es\/257335\/","title":{"rendered":"Neil Stephens regresa al Jayco AlUla como director deportivo"},"content":{"rendered":"<p>                    El australiano -ciclista profesional entre 1985 y 1998- vuelve a un equipo al que ayud\u00f3 a crecer desde su staff t\u00e9cnico en sus primeros a\u00f1os de vida (entre 2012 y 2017).<\/p>\n<p class=\"c-news-list__author\">Ciclismoafondo.es. Foto: GreenEDGE Cycling<\/p>\n<p class=\"c-mainarticle__date\">\n<p>                    26 de noviembre de 2025 (10:15 CET)<\/p>\n<p>                                                                                                                                        <img fetchpriority=\"high\" decoding=\"async\" src=\"https:\/\/www.europesays.com\/es\/wp-content\/uploads\/2025\/11\/neil-stephens-regresa-al-jayco-alula-como-director-deportivo.jpeg\" alt=\"Neil Stephens regresa al Jayco AlUla como director deportivo\" title=\"Neil Stephens regresa al Jayco AlUla como director deportivo\" class=\"c-mainarticle__img\" loading=\"eager\" width=\"790\" height=\"454\"\/><\/p>\n<p>                    Neil Stephens regresa al Jayco AlUla como director deportivo<\/p>\n<p>El\u00a0<strong>Team Jayco AlUla <\/strong>anuncia la <strong>vuelta al equipo<\/strong> la pr\u00f3xima temporada,<strong> como director deportivo<\/strong>, del australiano\u00a0<strong>Neil Stephens, <\/strong>ciclista profesional entre 1985 y 1998, y fuera miembro original del staff de la estructura australiana\u00a0cuando el equipo se fund\u00f3 en 2012 bajo el nombre de\u00a0Orica GreenEDGE.\u00a0<\/p>\n<p>Durante esos primeros a\u00f1os de vida del equipo<strong> Stephens desempe\u00f1\u00f3 un papel fundamental <\/strong>como asistente de la direcci\u00f3n\u00a0deportiva<strong>\u00a0en algunos de sus mayores \u00e9xitos<\/strong>, incluyendo la primera victoria de la escuadra\u00a0en un\u00a0Monumento -la\u00a0<strong>Mil\u00e1n-San Remo <\/strong>2012 que se adjudic\u00f3 Simon Gerrans- y su <strong>primera victoria en el Tour de Francia<\/strong> en 2013, protagonizada tambi\u00e9n por el australiano Gerrans.\u00a0\u00a0<\/p>\n<blockquote class=\"twitter-tweet\"><p>&#13;<\/p>\n<p dir=\"ltr\" lang=\"de\">\ud83c\udde6\ud83c\uddfa Aussie, Aussie, Aussie<\/p>\n<p>Neil Stephens OAM is BACK! \ud83e\udd20 G&#8217;day Neil \ud83d\udc4b<\/p>\n<p>\ud83d\uddde\ufe0f <a href=\"https:\/\/t.co\/6p47UgJJtu\" rel=\"nofollow\">https:\/\/t.co\/6p47UgJJtu<\/a> <a href=\"https:\/\/t.co\/xQWNQfCG4e\" rel=\"nofollow\">pic.twitter.com\/xQWNQfCG4e<\/a><\/p>\n<p>&#13;<br \/>\n\u2014 GreenEDGE Cycling (@GreenEDGEteam) <a href=\"https:\/\/twitter.com\/GreenEDGEteam\/status\/1993605846857593079?ref_src=twsrc%5Etfw\" rel=\"nofollow noopener\" target=\"_blank\">November 26, 2025<\/a>\n<\/p><\/blockquote>\n<p>Stephens, de 62 a\u00f1os, estuvo en el staff t\u00e9cnico del <strong>Orica GreenEdge \/ Orica SCOTT<\/strong> entre 2012 y 2017, y despu\u00e9s ha trabajado\u00a0en otros equipos del WorldTour como el <strong>UAE Team Emirates<\/strong> y <strong>Bahrain Victorious,<\/strong> donde ha estado\u00a0hasta este\u00a02025. Ahora,\u00a0la direcci\u00f3n de GreenEDGE Cycling\u00a0cree que el australiano\u00a0<strong>aportar\u00e1 a\u00fan m\u00e1s experiencia y conocimientos valiosos<\/strong> al equipo de rendimiento del Team Jayco AlUla.<\/p>\n<p>\u00a0<strong>Neil Stephens:\u00a0\u00a0<\/strong>\u00abEs emocionante poder volver al equipo despu\u00e9s de siete a\u00f1os fuera;\u00a0un equipo al que ayud\u00e9 a crear hace muchos a\u00f1os. Tengo muchas ganas de verlo y simplemente me parece un encaje natural. Me alegra reunirme con grandes compa\u00f1eros con los que ya he trabajado, gente nueva y volver a esa forma \u00fanica de trabajar en GreenEDGE Cycling.\u00a0Siempre he pensado que ser\u00eda buena idea volver a GreenEDGE en alg\u00fan momento. Una vez que empezaron las conversaciones con Brent [Copeland \u2013 Director General] y Gerry [Ryan \u2013 Propietario del equipo], parec\u00eda el momento adecuado para volver, y todo encaj\u00f3 r\u00e1pidamente.\u00a0Estoy agradecido a los equipos con los que he estado, he tenido una gran experiencia y eso me ha ayudado a formar mi carrera profesional. Tengo ganas de traer mis experiencias al equipo mientras luchamos por grandes victorias en los pr\u00f3ximos a\u00f1os. Estoy emocionado por empezar y formar parte de ese esp\u00edritu de lucha, y aportar algo de ese ADN australiano\u00bb.<br \/>&#13;<br \/>\n\u00a0<br \/>&#13;<br \/>\n<strong>Gene Bates \u2013 Director deportivo del Jayco AlUla:\u00a0\u00a0<\/strong>\u00abEs genial tener a Neil de vuelta\u00a0para la pr\u00f3xima temporada. Estuvo con el equipo desde el principio y jug\u00f3 un papel fundamental en hacerlo crecer\u00a0hasta lo que somos hoy. Ya conoce a muchas personal del staff\u00a0y a los ciclistas, as\u00ed como la cultura del equipo. Aporta consigo una gran experiencia de sus a\u00f1os trabajando al m\u00e1s alto nivel de este\u00a0deporte, que complementar\u00e1 al consolidado equipo de directores deportivos del Team Jayco AlUla. Estoy deseando volver a trabajar con \u00e9l mientras pretendemos abrir un nuevo cap\u00edtulo con el equipo\u00bb.<\/p>\n<p>\u00a0<\/p>\n<p><script async src=\"https:\/\/platform.twitter.com\/widgets.js\" charset=\"utf-8\"><\/script><\/p>\n","protected":false},"excerpt":{"rendered":"El australiano -ciclista profesional entre 1985 y 1998- vuelve a un equipo al que ayud\u00f3 a crecer desde&hellip;\n","protected":false},"author":2,"featured_media":257336,"comment_status":"","ping_status":"","sticky":false,"template":"","format":"standard","meta":{"footnotes":""},"categories":[273],"tags":[313,312,168,25,24,23,167],"class_list":{"0":"post-257335","1":"post","2":"type-post","3":"status-publish","4":"format-standard","5":"has-post-thumbnail","7":"category-ciclismo","8":"tag-ciclismo","9":"tag-cycling","10":"tag-deportes","11":"tag-es","12":"tag-espana","13":"tag-spain","14":"tag-sports"},"share_on_mastodon":{"url":"https:\/\/pubeurope.com\/@es\/115617784530144392","error":""},"_links":{"self":[{"href":"https:\/\/www.europesays.com\/es\/wp-json\/wp\/v2\/posts\/257335","targetHints":{"allow":["GET"]}}],"collection":[{"href":"https:\/\/www.europesays.com\/es\/wp-json\/wp\/v2\/posts"}],"about":[{"href":"https:\/\/www.europesays.com\/es\/wp-json\/wp\/v2\/types\/post"}],"author":[{"embeddable":true,"href":"https:\/\/www.europesays.com\/es\/wp-json\/wp\/v2\/users\/2"}],"replies":[{"embeddable":true,"href":"https:\/\/www.europesays.com\/es\/wp-json\/wp\/v2\/comments?post=257335"}],"version-history":[{"count":0,"href":"https:\/\/www.europesays.com\/es\/wp-json\/wp\/v2\/posts\/257335\/revisions"}],"wp:featuredmedia":[{"embeddable":true,"href":"https:\/\/www.europesays.com\/es\/wp-json\/wp\/v2\/media\/257336"}],"wp:attachment":[{"href":"https:\/\/www.europesays.com\/es\/wp-json\/wp\/v2\/media?parent=257335"}],"wp:term":[{"taxonomy":"category","embeddable":true,"href":"https:\/\/www.europesays.com\/es\/wp-json\/wp\/v2\/categories?post=257335"},{"taxonomy":"post_tag","embeddable":true,"href":"https:\/\/www.europesays.com\/es\/wp-json\/wp\/v2\/tags?post=257335"}],"curies":[{"name":"wp","href":"https:\/\/api.w.org\/{rel}","templated":true}]}}