{"id":257341,"date":"2025-11-26T20:05:09","date_gmt":"2025-11-26T20:05:09","guid":{"rendered":"https:\/\/www.europesays.com\/es\/257341\/"},"modified":"2025-11-26T20:05:09","modified_gmt":"2025-11-26T20:05:09","slug":"me-encantaria-que-me-diesen-10-minutos-para-volverla-a-ver","status":"publish","type":"post","link":"https:\/\/www.europesays.com\/es\/257341\/","title":{"rendered":"\u201cMe encantar\u00eda que me diesen 10 minutos para volverla a ver\u201d"},"content":{"rendered":"<p data-gtm-element-container=\"modulo-texto-link\" class=\"paragraph\">El guionista y productor Luis Canut ha aparecido junto a su mujer en el programa de la televisi\u00f3n gallega Land Rober, visita en la que aprovecharon para hablar sobre su relaci\u00f3n tras la grave enfermedad que sufri\u00f3 Canut hace dos a\u00f1os.<\/p>\n<p data-gtm-element-container=\"modulo-texto-link\" class=\"paragraph\">En 2023, el guionista y hermano de Nacho Canut, sufri\u00f3 una meningitis criptoc\u00f3cica que le dej\u00f3 varios meses postrado en una cama. Esta enfermedad casi le provoca la muerte. Sin embargo, logr\u00f3 sobrevivir aunque la infecci\u00f3n le dej\u00f3 graves secuelas. Desde entonces, el productor perdi\u00f3 el 95% de la vista, dej\u00e1ndole solo con la capacidad de reconocer luces, sombras y figuras, pero sin poder identificar rostros.<\/p>\n<p>                <img loading=\"lazy\" decoding=\"async\" data-full-src=\"https:\/\/www.lavanguardia.com\/uploads\/2024\/09\/04\/66d7fefe8e687.jpeg\" alt=\"La presentadora Patricia P\u00e9rez y Luis Canut en la presentaci\u00f3n del programa \" yo=\"\" s=\"\" que=\"\" como=\"\" durante=\"\" la=\"\" edici=\"\" del=\"\" fetival=\"\" de=\"\" televisi=\"\" vitoria.=\"\" en=\"\" foto=\"\" :=\"\" mirando=\"\" vitoria=\"\" width=\"449\" height=\"299\" src=\"https:\/\/www.europesays.com\/es\/wp-content\/uploads\/2025\/11\/66d7fefe8e687.jpeg\" class=\"lazy\"\/><\/p>\n<p class=\"caption-title \">La presentadora Patricia P\u00e9rez y Luis Canut en la presentaci\u00f3n del programa \u201cYo s\u00ed que como\u201d durante la 8 edici\u00f3n del Fetival de televisi\u00f3n de Vitoria.&#13;<br \/>\nen la foto : mirando&#13;<br \/>\n07\/09\/2016&#13;<br \/>\nVitoria<\/p>\n<p>                    GTRES<\/p>\n<p data-gtm-element-container=\"modulo-texto-link\" class=\"paragraph\">A pesar de esta \u00e9poca tan dura que tuvo que vivir, Patricia P\u00e9rez, su mujer y presentadora de televisi\u00f3n, fue su gran apoyo durante esta etapa. En el plat\u00f3 del programa de televisi\u00f3n gallega, el valenciano aprovech\u00f3 para revelar qu\u00e9 es lo que realmente echa de menos tras perder la vista. \u201cYo no echo de menos nada. Lo \u00fanico que realmente me duele es que me encantar\u00eda volver a ver a Patricia\u201d, confes\u00f3. \u201cLa recuerdo, nunca voy a olvidar su cara, la tengo grabada. Pero me encantar\u00eda que me diesen 10 minutos para volverla a ver\u201d, palabras que no solo emocionaron a los presentes, sino tambi\u00e9n a la actriz.<\/p>\n<p data-gtm-element-container=\"modulo-texto-link\" class=\"paragraph\">Tras o\u00edr esta confesi\u00f3n, P\u00e9rez llev\u00f3 la mano de su marido a su cara, para que pudiera sentirla a trav\u00e9s del tacto, a pesar de no poder verla. \u201cDa igual, nos tocamos\u201d, respondi\u00f3 la int\u00e9rprete gallega. \u201cCuando conoc\u00ed a Luis mi mundo cambi\u00f3. Sab\u00eda que quer\u00eda estar a su lado, como fuera, como amiga, como pareja&#8230; es una persona que a m\u00ed me hace muy feliz. Me encanta, Luis\u201d, record\u00f3.<\/p>\n<blockquote class=\"instagram-media\" data-instgrm-captioned=\"\" data-instgrm-version=\"6\" style=\"background: #FFF; border: 0; border-radius: 3px; box-shadow: 0 0 1px 0 rgba(0,&#10;0, 0, 0.5), 0 1px 10px 0 rgba(0, 0, 0, 0.15); margin: 1px; max-width: 658px; padding: 0;&#10;width: 99.375%; width: -webkit-calc(100% - 2px); width: calc(100% - 2px);\">\n<\/blockquote>\n<p> \u00ab&gt;<\/p>\n<p data-gtm-element-container=\"modulo-texto-link\" class=\"paragraph\">Pese a la adversidad, Canut se mantiene positivo. Admite que la ceguera tambi\u00e9n le ha tra\u00eddo mejoras a su vida. \u201cYo, en mi otra vida, era muy exigente conmigo mismo, con mi \u00e9xito profesional, con mi \u00e9xito personal. Y ahora estoy totalmente libre\u201d, se\u00f1al\u00f3. \u201cEl no ver tiene muy pocas cosas buenas, pero tiene algunas; una de ellas es que yo no puedo prejuzgar\u201d, a\u00f1adi\u00f3. Otro de los cambios que ha tra\u00eddo este hecho a su vida, es su manera de relacionarse con los dem\u00e1s. \u201cTe tengo que escuchar, te tengo que tocar. No s\u00e9 c\u00f3mo vas vestido, no s\u00e9 tu cara. Y eso me hace relacionarme de otra manera\u201d.<\/p>\n<p>        Lee tambi\u00e9n<\/p>\n<p>    Judith del R\u00edo<\/p>\n<p>             <img loading=\"lazy\" decoding=\"async\" data-full-src=\"https:\/\/www.lavanguardia.com\/uploads\/2024\/09\/04\/66d8045db6739.jpeg\" alt=\"Luis Canut muestra orgulloso su carnet de afiliado a la ONCE.\" width=\"104\" height=\"108\" src=\"https:\/\/www.europesays.com\/es\/wp-content\/uploads\/2025\/11\/66d8045db6739.r_d.527-328.jpeg\" class=\"lazy\"\/><\/p>\n<p data-gtm-element-container=\"modulo-texto-link\" class=\"paragraph\">Ambos se conocieron en 2005 y dos a\u00f1os despu\u00e9s se casaron. A pesar de que la pareja intent\u00f3 tener hijos, les result\u00f3 imposible. En una entrevista con la revista Hola!, la pareja habl\u00f3 abiertamente sobre su decisi\u00f3n final de no ser padres, ya que para ellos lo primero es su bienestar. \u201cTuvo un embarazo ect\u00f3pico y le tuvieron que operar de urgencia. Cuando le dijeron que pod\u00eda volver a intentarlo, me negu\u00e9. Para m\u00ed lo importante es Patricia. No necesito m\u00e1s y no voy a correr ning\u00fan riesgo\u201d, se\u00f1al\u00f3 el valenciano. \u201cRealmente, lo bonito es encontrar a la persona con la que compartir tu vida. Eso no lo puede decir todo el mundo\u201d, a\u00f1adi\u00f3 P\u00e9rez.<\/p>\n","protected":false},"excerpt":{"rendered":"El guionista y productor Luis Canut ha aparecido junto a su mujer en el programa de la televisi\u00f3n&hellip;\n","protected":false},"author":2,"featured_media":257342,"comment_status":"","ping_status":"","sticky":false,"template":"","format":"standard","meta":{"footnotes":""},"categories":[174],"tags":[255,146,147,25,24,256,23],"class_list":{"0":"post-257341","1":"post","2":"type-post","3":"status-publish","4":"format-standard","5":"has-post-thumbnail","7":"category-famosos","8":"tag-celebrities","9":"tag-entertainment","10":"tag-entretenimiento","11":"tag-es","12":"tag-espana","13":"tag-famosos","14":"tag-spain"},"share_on_mastodon":{"url":"https:\/\/pubeurope.com\/@es\/115617801898191038","error":""},"_links":{"self":[{"href":"https:\/\/www.europesays.com\/es\/wp-json\/wp\/v2\/posts\/257341","targetHints":{"allow":["GET"]}}],"collection":[{"href":"https:\/\/www.europesays.com\/es\/wp-json\/wp\/v2\/posts"}],"about":[{"href":"https:\/\/www.europesays.com\/es\/wp-json\/wp\/v2\/types\/post"}],"author":[{"embeddable":true,"href":"https:\/\/www.europesays.com\/es\/wp-json\/wp\/v2\/users\/2"}],"replies":[{"embeddable":true,"href":"https:\/\/www.europesays.com\/es\/wp-json\/wp\/v2\/comments?post=257341"}],"version-history":[{"count":0,"href":"https:\/\/www.europesays.com\/es\/wp-json\/wp\/v2\/posts\/257341\/revisions"}],"wp:featuredmedia":[{"embeddable":true,"href":"https:\/\/www.europesays.com\/es\/wp-json\/wp\/v2\/media\/257342"}],"wp:attachment":[{"href":"https:\/\/www.europesays.com\/es\/wp-json\/wp\/v2\/media?parent=257341"}],"wp:term":[{"taxonomy":"category","embeddable":true,"href":"https:\/\/www.europesays.com\/es\/wp-json\/wp\/v2\/categories?post=257341"},{"taxonomy":"post_tag","embeddable":true,"href":"https:\/\/www.europesays.com\/es\/wp-json\/wp\/v2\/tags?post=257341"}],"curies":[{"name":"wp","href":"https:\/\/api.w.org\/{rel}","templated":true}]}}