{"id":257349,"date":"2025-11-26T20:10:10","date_gmt":"2025-11-26T20:10:10","guid":{"rendered":"https:\/\/www.europesays.com\/es\/257349\/"},"modified":"2025-11-26T20:10:10","modified_gmt":"2025-11-26T20:10:10","slug":"flores-para-antonio-2025-critica-no-duda-en-aportar-honestidad-a-una-familia-opacada-por-su-fama-y-a-un-genio-con-mas-interrogantes-que-respuestas","status":"publish","type":"post","link":"https:\/\/www.europesays.com\/es\/257349\/","title":{"rendered":"&#8216;Flores para Antonio&#8217; (2025), cr\u00edtica | No duda en aportar honestidad a una familia opacada por su fama y a un genio con m\u00e1s interrogantes que respuestas"},"content":{"rendered":"<p>\u00abLolita Flores Imperio de Jerez: joven canzonetista y bailarina\u00bb: con ese nombre empez\u00f3 todo, el 10 de octubre de 1939, cuando debut\u00f3 la que estaba destinada a ser la mayor cantaora flamenca de la historia de Espa\u00f1a. Lola Flores dio luz no solo a una de las carreras m\u00e1s fulgurantes y brillantes de la historia de la m\u00fasica hispana, sino tambi\u00e9n del papel couch\u00e9: <strong>un clan siempre a medio camino entre el talento y poner la mano para que la \u00a1Hola! pague una exclusiva.<\/strong>\u00a0<\/p>\n<p>Es normal, con todo lo que sabemos a estas alturas, acercarse con miedo a &#8216;Flores para Antonio&#8217;, temerosos de encontrarnos un retrato maltrecho entre el morbo y la prensa rosa. Sin embargo, <strong>lo que Isaki Lacuesta y Elena Molina nos han regalado es un homenaje al arte<\/strong> realizado desde el amor de una hija que jam\u00e1s conoci\u00f3 a su progenitor.<\/p>\n<p>Esta \u00faltima la quiero vivir a tu lado<\/p>\n<p>Los directores ten\u00edan en &#8216;Flores para Antonio&#8217; una labor terriblemente complicada: contar la historia de un artista opacado por sus propios fantasmas que fuera al mismo tiempo comprensible por todo el mundo y terriblemente espec\u00edfico. <strong>Solo los Flores pueden vivir con el peso, la responsabilidad y el legado de su familia<\/strong>, al fin y al cabo. El documental hace que le sintamos siempre cercano e identificable, pero se\u00f1alando de manera continua su aura especial. Ese que le dio todo lo que ten\u00eda, s\u00ed, pero tambi\u00e9n le quit\u00f3 todo, incluso su propia vida.<\/p>\n<p>Para conseguirlo, la c\u00e1mara sigue a su hija, Alba Flores (<a class=\"text-outboundlink\" href=\"https:\/\/www.espinof.com\/criticas\/casa-papel-tiene-final-estupendo-serie-netflix-recupera-su-mejor-cara-acercandose-que-nunca-al-nivel-su-primera-etapa\" data-vars-post-title=\"&#039;La casa de papel&#039; tiene un final estupendo: la serie de Netflix recupera su mejor cara, acerc\u00e1ndose m\u00e1s que nunca al nivel de su primera etapa\" data-vars-post-url=\"https:\/\/www.espinof.com\/criticas\/casa-papel-tiene-final-estupendo-serie-netflix-recupera-su-mejor-cara-acercandose-que-nunca-al-nivel-su-primera-etapa\" rel=\"nofollow noopener\" target=\"_blank\">&#8216;La casa de papel&#8217;<\/a>, <a class=\"text-outboundlink\" href=\"https:\/\/www.espinof.com\/criticas\/vis-a-vis-se-despide-emotivo-sorprendente-episodio-final\" data-vars-post-title=\"&#039;Vis a Vis&#039; se despide con un emotivo y sorprendente episodio final\" data-vars-post-url=\"https:\/\/www.espinof.com\/criticas\/vis-a-vis-se-despide-emotivo-sorprendente-episodio-final\" rel=\"nofollow noopener\" target=\"_blank\">&#8216;Vis a vis&#8217;<\/a>), que decidi\u00f3 no llevar el mismo camino de su padre y sus t\u00edas abandonando el camino de la m\u00fasica. Y en esta pesquisa hay mucho de emoci\u00f3n ficcionada, pero tambi\u00e9n <strong>peque\u00f1os momentos absolutamente genuinos donde brota la l\u00e1grima, el estupor, la incomprensi\u00f3n<\/strong>. En &#8216;Flores para Antonio&#8217;, Alba vuelve a ser una ni\u00f1a cantando jazz junto a su padre, pero esta vez no vive ajena a su infierno personal: de manera muy inteligente, como si no supi\u00e9ramos nada al respecto, nos adentra en la ca\u00edda en desgracia de Antonio Flores, analizando cada vaiv\u00e9n en su vida, cada reca\u00edda, cada canci\u00f3n, cada bache que le llev\u00f3 a morir el 30 de mayo de 1995, tan solo 14 d\u00edas despu\u00e9s que su madre.<\/p>\n<p>    <a href=\"https:\/\/www.espinof.com\/listas\/mejores-peliculas-espanolas-2025\" class=\"pivot-outboundlink\" data-vars-post-title=\"Las 14 mejores pel\u00edculas espa\u00f1olas de 2025 (por ahora)\" rel=\"nofollow noopener\" target=\"_blank\"><br \/>\n     <img loading=\"lazy\" decoding=\"async\" alt=\"Las 14 mejores pel\u00edculas espa\u00f1olas de 2025 (por ahora)\" width=\"375\" height=\"142\" src=\"https:\/\/www.europesays.com\/es\/wp-content\/uploads\/2025\/07\/1753860608_135_375_142.jpeg\"\/><br \/>\n    <\/a><\/p>\n<p>Los mejores momentos del documental son los que se notan reales, la b\u00fasqueda de sentido vital y de legado paterno, el cierre de las heridas para la familia m\u00e1s medi\u00e1tica de Espa\u00f1a que lleva tres d\u00e9cadas sin permitirse quitar la tirita del todo. Absoluta y conscientemente alejada del reality o del reportaje televisivo, &#8216;Flores para Antonio&#8217; solo se equivoca cuando, tratando de perfilar la figura de su protagonista, <strong>cae en lugares comunes en una biograf\u00eda preparada y empaquetada para todos los que sabemos muy poco<\/strong> sobre el clan, pero que sonar\u00e1 a algo ya visto para los seguidores de la prensa del coraz\u00f3n.<\/p>\n<p>Tan bonita, tan morena, tan gitana como era<\/p>\n<p>Reconozco no seguir en absoluto a la familia e importarme muy poco sus parejas, amores y desacuerdos, pero <strong>me result\u00f3 inevitable no acabar llorando con esos momentos de descubrimiento <\/strong>vital de alguien que no estuvo ah\u00ed para ti. Con ese artista que, pese a ser un icono del pop y la fusi\u00f3n, siempre se percibi\u00f3 relegado al papel de compositor de oro para otras personas. Un hombre con sombras y oscuridad en su interior que no pudo aguantar la presi\u00f3n de la reca\u00edda, dejando atr\u00e1s solo dolor, corazones rotos y traumas infantiles que tienen, en parte, redenci\u00f3n a lo largo del metraje.<\/p>\n<p>Alba, al igual que su padre, huye del destino que el apellido Flores ha puesto sobre ellos, encontr\u00e1ndose as\u00ed a lo largo del tiempo y el espacio. Y los directores saben mostrarlo de manera sutil, sin incidir en ello ni subrayarlo en exceso: Antonio luchaba por escapar del flamenco y la copla, Alba por hacerlo de una predestinada carrera en la m\u00fasica. Ambos queridos, ambos respetados, ambos incomprendidos por los suyos. Tristemente, <strong>para llegar a esta conclusi\u00f3n nos encontramos con un metraje mucho m\u00e1s sobrio y formal<\/strong> de lo que esperar\u00edamos de alguien como Lacuesta, especialmente despu\u00e9s de la fabulosa <a class=\"text-outboundlink\" href=\"https:\/\/www.espinof.com\/criticas\/segundo-premio-mejor-biopic-musical-hecho-espana-no-hace-falta-ser-fan-planetas-para-emocionarse-su-casting-perfecto\" data-vars-post-title=\"&#039;Segundo Premio&#039; es el mejor biopic musical hecho en Espa\u00f1a. No hace falta ser fan de Los Planetas para emocionarse con su casting perfecto\" data-vars-post-url=\"https:\/\/www.espinof.com\/criticas\/segundo-premio-mejor-biopic-musical-hecho-espana-no-hace-falta-ser-fan-planetas-para-emocionarse-su-casting-perfecto\" rel=\"nofollow noopener\" target=\"_blank\">&#8216;Segundo premio&#8217;<\/a>.<\/p>\n<p>&#8216;Flores para Antonio&#8217; no solo es un fabuloso documental: tambi\u00e9n es una de las mejores pel\u00edculas espa\u00f1olas del a\u00f1o. S\u00ed, se aleja del rupturismo estil\u00edstico y narrativo que uno podr\u00eda esperar, pero lo cambia por una fascinante dosis de sinceridad de una familia cuyo rango de celebridad es capaz de ocultar las l\u00e1grimas y el dolor real. <strong>\u00abPregunta lo que no has preguntado en tu vida\u00bb<\/strong>, le dice Lolita a Alba, encerradas en la caba\u00f1a donde su hermano y padre, genio atormentado, muri\u00f3 de sobredosis treinta a\u00f1os atr\u00e1s. Pocas im\u00e1genes m\u00e1s poderosas se me ocurren en este 2025.<\/p>\n<p>En Espinof |\u00a0<a class=\"text-outboundlink\" href=\"https:\/\/www.espinof.com\/listas\/mejores-peliculas-documentales-todos-tiempos\" data-vars-post-title=\"Las 27 mejores pel\u00edculas documentales de todos los tiempos\" data-vars-post-url=\"https:\/\/www.espinof.com\/listas\/mejores-peliculas-documentales-todos-tiempos\" rel=\"nofollow noopener\" target=\"_blank\">Las 27 mejores pel\u00edculas documentales de todos los tiempos<\/a><\/p>\n<p>En Espinof | <a class=\"text-outboundlink\" href=\"https:\/\/www.espinof.com\/listas\/mejores-peliculas-2025\" data-vars-post-title=\"Las 15 mejores pel\u00edculas de 2025 (por ahora)\" data-vars-post-url=\"https:\/\/www.espinof.com\/listas\/mejores-peliculas-2025\" rel=\"nofollow noopener\" target=\"_blank\">Las 15 mejores pel\u00edculas de 2025 (por ahora)<\/a><\/p>\n","protected":false},"excerpt":{"rendered":"\u00abLolita Flores Imperio de Jerez: joven canzonetista y bailarina\u00bb: con ese nombre empez\u00f3 todo, el 10 de octubre&hellip;\n","protected":false},"author":2,"featured_media":257350,"comment_status":"","ping_status":"","sticky":false,"template":"","format":"standard","meta":{"footnotes":""},"categories":[169],"tags":[177,146,147,25,24,176,175,23],"class_list":{"0":"post-257349","1":"post","2":"type-post","3":"status-publish","4":"format-standard","5":"has-post-thumbnail","7":"category-cine","8":"tag-cine","9":"tag-entertainment","10":"tag-entretenimiento","11":"tag-es","12":"tag-espana","13":"tag-film","14":"tag-movies","15":"tag-spain"},"share_on_mastodon":{"url":"https:\/\/pubeurope.com\/@es\/115617819810175662","error":""},"_links":{"self":[{"href":"https:\/\/www.europesays.com\/es\/wp-json\/wp\/v2\/posts\/257349","targetHints":{"allow":["GET"]}}],"collection":[{"href":"https:\/\/www.europesays.com\/es\/wp-json\/wp\/v2\/posts"}],"about":[{"href":"https:\/\/www.europesays.com\/es\/wp-json\/wp\/v2\/types\/post"}],"author":[{"embeddable":true,"href":"https:\/\/www.europesays.com\/es\/wp-json\/wp\/v2\/users\/2"}],"replies":[{"embeddable":true,"href":"https:\/\/www.europesays.com\/es\/wp-json\/wp\/v2\/comments?post=257349"}],"version-history":[{"count":0,"href":"https:\/\/www.europesays.com\/es\/wp-json\/wp\/v2\/posts\/257349\/revisions"}],"wp:featuredmedia":[{"embeddable":true,"href":"https:\/\/www.europesays.com\/es\/wp-json\/wp\/v2\/media\/257350"}],"wp:attachment":[{"href":"https:\/\/www.europesays.com\/es\/wp-json\/wp\/v2\/media?parent=257349"}],"wp:term":[{"taxonomy":"category","embeddable":true,"href":"https:\/\/www.europesays.com\/es\/wp-json\/wp\/v2\/categories?post=257349"},{"taxonomy":"post_tag","embeddable":true,"href":"https:\/\/www.europesays.com\/es\/wp-json\/wp\/v2\/tags?post=257349"}],"curies":[{"name":"wp","href":"https:\/\/api.w.org\/{rel}","templated":true}]}}