{"id":257351,"date":"2025-11-26T20:11:21","date_gmt":"2025-11-26T20:11:21","guid":{"rendered":"https:\/\/www.europesays.com\/es\/257351\/"},"modified":"2025-11-26T20:11:21","modified_gmt":"2025-11-26T20:11:21","slug":"olympiacos-real-madrid-en-directo","status":"publish","type":"post","link":"https:\/\/www.europesays.com\/es\/257351\/","title":{"rendered":"Olympiacos \u2013 Real Madrid, en directo"},"content":{"rendered":"<p>El Real Madrid se enfrenta en la quinta jornada de la Champions League al Olympiacos. Un partido en el que los de Xabi Alonso buscan invertir la tendencia despu\u00e9s de perder contra el Liverpool (1 &#8211; 0), aunque con tres victorias previas en la competici\u00f2n. Sigue debajo de estas l\u00edneas el minuto a minuto de un duelo que se disputa en el Georgios Karaiskakis Stadium (El Pireo)<strong>.<\/strong><\/p>\n<p>En directo Olympiacos \u2013 Real Madrid | Champions hoyAlineaci\u00f3n del Olympiacos <\/p>\n<p>El conjunto dirigido por Jos\u00e9 Luis Mendilibar formar\u00e1 en su once titular con Tzolakis; Rodinei, Retsos, Pirola, Ortega; Mouzakitis, Dani Garc\u00eda: Podence, Chiquinho, Gelson Martins; y El Kaabi. <\/p>\n<p>Alineaci\u00f3n del Real Madrid<\/p>\n<p>Lunin (por la baja de Courtois) y Ferland Mendy son las principales novedades entre los elegidos por Xabi Alonso para jugar de inicio:  Lunin; Trent, Asencio, Carreras, Mendy; Tchouam\u00e9ni, Fede Valverde, Camavinga, G\u00fcler; Vin\u00edcius y Mbapp\u00e9.<\/p>\n<p>La previa<\/p>\n<p>Los merengues llegan a esta cita en s\u00e9ptima posici\u00f3n en la fase de grupos de la m\u00e1xima competici\u00f3n europea con los mismos puntos (9) que el PSG y el Newcastle. El objetivo del club blanco es seguir sumando puntos para acabar entre los ocho primeros clasificados de esta renovada fase de grupos y evitar, de esta forma, jugar la ronda de dieciseisavos. <\/p>\n<p>Con la duda de si Antonio R\u00fcdiger podr\u00e1 jugar por la lesi\u00f3n que lo mantiene apartado fuera del campo desde septiembre y la ausencia de Eder Militao, Dani Carvajal, Franco Mastantuono, Aur\u00e9lien Tchouam\u00e9ni, el equipo busca volver a la senda de la victoria tras su empate con el Elche en Liga. Ambos equipos buscan sumar los tres puntos que no consiguieron en sus \u00faltimas citas. Ante el conjunto ateniense, intentar\u00e1 volver anotar Kylian Mbapp\u00e9, quien con cinco tantos es el m\u00e1ximo anotador del conjunto blanco en esta edici\u00f3n de la Champions League. <\/p>\n<p>Por su parte, el Olympiacos llega en el puesto n\u00famero 31 de la clasificaci\u00f3n. Con dos puntos en el marcador, acumula dos empates (contra Pafos y PSV) y dos partidos perdidos, destacando el 6 &#8211; 1 ante el FC Barcelona.  El equipo dirigido por Mendilibar quiere seguir cosechando \u00e9xitos en competiciones europeas despu\u00e9s del t\u00edtulo de Conference League, logrado hace dos temporadas. <\/p>\n<p>Ambos equipos se han enfrentado en hasta ocho ocasiones en competiciones de la UEFA, habiendo ganado el Real Madrid en cuatro ocasiones, una el Olympiacos y tres empates. <\/p>\n","protected":false},"excerpt":{"rendered":"El Real Madrid se enfrenta en la quinta jornada de la Champions League al Olympiacos. Un partido en&hellip;\n","protected":false},"author":2,"featured_media":257352,"comment_status":"","ping_status":"","sticky":false,"template":"","format":"standard","meta":{"footnotes":""},"categories":[93],"tags":[168,25,24,23,167],"class_list":{"0":"post-257351","1":"post","2":"type-post","3":"status-publish","4":"format-standard","5":"has-post-thumbnail","7":"category-deportes","8":"tag-deportes","9":"tag-es","10":"tag-espana","11":"tag-spain","12":"tag-sports"},"share_on_mastodon":{"url":"https:\/\/pubeurope.com\/@es\/115617823777796445","error":""},"_links":{"self":[{"href":"https:\/\/www.europesays.com\/es\/wp-json\/wp\/v2\/posts\/257351","targetHints":{"allow":["GET"]}}],"collection":[{"href":"https:\/\/www.europesays.com\/es\/wp-json\/wp\/v2\/posts"}],"about":[{"href":"https:\/\/www.europesays.com\/es\/wp-json\/wp\/v2\/types\/post"}],"author":[{"embeddable":true,"href":"https:\/\/www.europesays.com\/es\/wp-json\/wp\/v2\/users\/2"}],"replies":[{"embeddable":true,"href":"https:\/\/www.europesays.com\/es\/wp-json\/wp\/v2\/comments?post=257351"}],"version-history":[{"count":0,"href":"https:\/\/www.europesays.com\/es\/wp-json\/wp\/v2\/posts\/257351\/revisions"}],"wp:featuredmedia":[{"embeddable":true,"href":"https:\/\/www.europesays.com\/es\/wp-json\/wp\/v2\/media\/257352"}],"wp:attachment":[{"href":"https:\/\/www.europesays.com\/es\/wp-json\/wp\/v2\/media?parent=257351"}],"wp:term":[{"taxonomy":"category","embeddable":true,"href":"https:\/\/www.europesays.com\/es\/wp-json\/wp\/v2\/categories?post=257351"},{"taxonomy":"post_tag","embeddable":true,"href":"https:\/\/www.europesays.com\/es\/wp-json\/wp\/v2\/tags?post=257351"}],"curies":[{"name":"wp","href":"https:\/\/api.w.org\/{rel}","templated":true}]}}