{"id":257357,"date":"2025-11-26T20:14:08","date_gmt":"2025-11-26T20:14:08","guid":{"rendered":"https:\/\/www.europesays.com\/es\/257357\/"},"modified":"2025-11-26T20:14:08","modified_gmt":"2025-11-26T20:14:08","slug":"los-moviles-mas-esperados-de-poco-son-una-realidad-y-se-han-puesto-ya-a-la-venta-en-espana-lasexta","status":"publish","type":"post","link":"https:\/\/www.europesays.com\/es\/257357\/","title":{"rendered":"Los m\u00f3viles m\u00e1s esperados de POCO son una realidad, y se han puesto ya a la venta en Espa\u00f1a &#8211; LaSexta"},"content":{"rendered":"<ol>\n<li><a href=\"https:\/\/news.google.com\/rss\/articles\/CBMi7AFBVV95cUxPZXVueVZ2V3YyMmQ4S0I1TkdnMTdIRXlKTG5yTENZVDQ4TXp5TFZYbzR6Q2JzT1BNanJ3YnM3QWJqemkzaVU3OHRiQkhFb0xOVmIzZ0J6cXdXQWVtaTZkazl1MjlhTldMaFZ0SS1IbUVJYVF0S1pETHZObHd2UXdLcGJZOG5vR256c1pzWWY3aTRKLS1zXzZCSHpkREFwNVZoYWxleVdoVlpSd0U3cTZmT1FfblpteU8teUV1Q2sxbnM0NFotb0Y5OHg0elZwNm5iNVlidUhtczk2ZnlxWGFEbWY0VjZlb0IxSllUaNIB7AFBVV95cUxNdktoNjdnb0Vpbko5ODBEQnZDRWZtYWxoX3hUNV9MZkhwTXRTV1VqS19ud1VNQ3FKQ1hoLURhMDFZeEl3Ym9DSXRwYkxUbUpIb0hPM0NLaWFXZ0VYVXowT1pSbDVyN2VTWWFFZXdTZUVKQ3d2Y0VDcEtQMkVra011ZWtRWnFCWWRXMFRfS0s0TjcwRUx4QnZzdGM4ek5oSzlOSjN5eEJpSEcyRTMtOElKcXMzekNPYk5DQlNhbk9fcWhWMGVsTXFreDR2RFdtVEVqWTdGRGM5S0Y1dkdNY1BpcXh3VWtSX2dxYkh5eQ?oc=5\" target=\"_blank\" rel=\"nofollow noopener\">Los m\u00f3viles m\u00e1s esperados de POCO son una realidad, y se han puesto ya a la venta en Espa\u00f1a<\/a>&nbsp;&nbsp;LaSexta<\/li>\n<li><a href=\"https:\/\/news.google.com\/rss\/articles\/CBMif0FVX3lxTE1DQ0dHRGRyWmFTbllCRzc5WmNQdm1lNFhJbW9Ea0hFaFMzanh3b3dBVlF2YTlxVmhWczF4SlZnSWdsWlpSRzdqVFJvZjF0UGdCdkhSTDZhUkVydUVyOThSZlA4NWU4TVRzVkVKZ0dGZlFyVHNNcDlNMURPT1h5QzjSAX9BVV95cUxNZjZlY2cxZnhRdXdERlNMMWVRSFptY01hNGo2R3R4YVRuaDdUTnFQajdLazJ1LWhNQlJBV0dvQ25QYWU5YWNsZ0xLZkpnZHpPcXAwSnlESWFBbkRnc1pKd0dER0tCTjVSbGVUN2k0S3lfbmlMX2JiUkwwaWJsbnRj?oc=5\" target=\"_blank\" rel=\"nofollow noopener\">Xiaomi asalta el mercado de gama premium con los Poco F8 Pro y Ultra<\/a>&nbsp;&nbsp;El Mundo<\/li>\n<li><a href=\"https:\/\/news.google.com\/rss\/articles\/CBMiywFBVV95cUxNOURONGxWcGpuMnY1S3B5S0xjMjhwLVVoNm80RjhoUHpwMkxyY2NVSENPQm1QTzcwUGh6clRoSzhRNUZWTzQ2TlV0WVVFcG5BUnpnemdzT19GRXJpaURfYlZlWTZaUkdhcWEzWWhSZWpCcm1tc1loNGVYVHVGbHhsTWt1c3NZekllR2w4di1OWmhzYWpNNjlqY1ZsdVRabnJ5cXA4QjdvLU9lVEhLZUhfUG9hQXRRRURldGpOYl9jQ2VGVjlmTUtpRUhra9IB3wFBVV95cUxQZXBtRW5Ma1Z2ZWctQVF6QU9MYzNmVjIwempOUUlTd0tEWUxhSG1hZUhKQWhMLTFfTTBkbnZNX0xIa1ItS2d2S1dkUlE2dXNaLVd0ekZyWmZKenEwQXdzaEZmQ0NpZnRnZTctMDRFNHhub1lzVlhqUzVZalFjQXM4LUJhVkVfdHZKOWphaE5vN0cxUnVHQnV2LXBnQm9NeUFFdmZ2Zl9MSTU5azF5RHlxQjVla1NESTFjaUlaSVZNWS1Jb01wTHpkQm9Eb0NkWENwbHhaR09Ld3BrQ2lLRVdV?oc=5\" target=\"_blank\" rel=\"nofollow noopener\">POCO F8 Ultra: el nuevo flagship killer de POCO ya est\u00e1 entre nosotros<\/a>&nbsp;&nbsp;La Raz\u00f3n<\/li>\n<li><a href=\"https:\/\/news.google.com\/rss\/articles\/CBMi6AFBVV95cUxPcmZLLWgxdlNaS2lhanZrOVEtUU5PZDZqUi1vcXJUOTlIQkdZeDB5clJwNVBkVzk3aVp2ZzVFR1B1WUxoRE5PYTFFNlVVRE96TWRfc0FZVWpKUm1nNXB3a05wY0w5bkRBUlJESWdOb0lZQ1E5ZmRFbXRHS0VEcWxGQW5wa3FmLTlBNldLdDBXUnVINnFCSzh0SG8wWFFSM0pTeW1wT3dGTG9nbjdncTdyRU5zazg2MjZWYlE1dmVJNlFEOFdMaVZQQVduaUhZNDVrRzNILWo2MjVoTHpCcDRTMnN5U1hfS2hq?oc=5\" target=\"_blank\" rel=\"nofollow noopener\">Los POCO F8 Pro y POCO F8 Ultra ya son oficiales, con sonido Bose y potencia a raudales | Smartphones | Smartlife<\/a>&nbsp;&nbsp;Cinco D\u00edas<\/li>\n<li><a href=\"https:\/\/news.google.com\/rss\/articles\/CBMi0wFBVV95cUxPamZHdkFYT2RTT05Hbl9yd0owZldXcE96LUNoNDhkMUtWU19NUkw4TUt3ald4SVZienJfaEdjZzg5RHJ2Z0liTjNua0ZyWDZoT1ZHM0xkUTB1dFV1WXoxTVlHQ01VdzZJb2xna3FHdG9uNmR6SmQtWm92Zlk1SUJPV1pZLWVsdEoyRFJIU1kyT3l2SVVDaUpLRVd3UVhCTmlPQTNXa3ZoclVxa2c2S0l5SEotbUJDRjIzSnZ4WFVEZWRFM1FVdU1jeXRkckY0a1lsY3Fj0gHYAUFVX3lxTFBvYy1vdUxwNFZzLVBpVEhfQnR3U2ktWGpqUS1oRWxPNy0yNGNaSVlhUWNYMGU5WTFSNU9CZUVINThtNjVPeXpVZVQyVl9vVXF4ZzRoSzh3ZTVqbWhlZTkxZ1k5WnVmVmdJdE0tcVF3Ni1JakdMSDZvNHcyd1c2Z0FDVC1pVTBwRng5Z292UUdMRkZfNmlMdy1pc0hSeHVyNmZxOHhONnZCcV9LYk9KSXo0Nks3UC1VbWxKbFBDZXRTdTVCdl9fY3l0VkczcnhOUW8wbWVRZUVvSg?oc=5\" target=\"_blank\" rel=\"nofollow noopener\">POCO F8 Ultra, el m\u00f3vil Xiaomi que suma un tercer altavoz y lo luce junto a las c\u00e1maras<\/a>&nbsp;&nbsp;20Minutos<\/li>\n<\/ol>\n","protected":false},"excerpt":{"rendered":"Los m\u00f3viles m\u00e1s esperados de POCO son una realidad, y se han puesto ya a la venta en&hellip;\n","protected":false},"author":2,"featured_media":248356,"comment_status":"","ping_status":"","sticky":false,"template":"","format":"standard","meta":{"footnotes":""},"categories":[81],"tags":[119,123,124,25,24,117,121,122,23,118,120],"class_list":{"0":"post-257357","1":"post","2":"type-post","3":"status-publish","4":"format-standard","5":"has-post-thumbnail","7":"category-ciencia-y-tecnologia","8":"tag-ciencia","9":"tag-ciencia-y-tecnologia","10":"tag-cienciaytecnologia","11":"tag-es","12":"tag-espana","13":"tag-science","14":"tag-science-and-technology","15":"tag-scienceandtechnology","16":"tag-spain","17":"tag-technology","18":"tag-tecnologia"},"share_on_mastodon":{"url":"https:\/\/pubeurope.com\/@es\/115617835638121907","error":""},"_links":{"self":[{"href":"https:\/\/www.europesays.com\/es\/wp-json\/wp\/v2\/posts\/257357","targetHints":{"allow":["GET"]}}],"collection":[{"href":"https:\/\/www.europesays.com\/es\/wp-json\/wp\/v2\/posts"}],"about":[{"href":"https:\/\/www.europesays.com\/es\/wp-json\/wp\/v2\/types\/post"}],"author":[{"embeddable":true,"href":"https:\/\/www.europesays.com\/es\/wp-json\/wp\/v2\/users\/2"}],"replies":[{"embeddable":true,"href":"https:\/\/www.europesays.com\/es\/wp-json\/wp\/v2\/comments?post=257357"}],"version-history":[{"count":0,"href":"https:\/\/www.europesays.com\/es\/wp-json\/wp\/v2\/posts\/257357\/revisions"}],"wp:featuredmedia":[{"embeddable":true,"href":"https:\/\/www.europesays.com\/es\/wp-json\/wp\/v2\/media\/248356"}],"wp:attachment":[{"href":"https:\/\/www.europesays.com\/es\/wp-json\/wp\/v2\/media?parent=257357"}],"wp:term":[{"taxonomy":"category","embeddable":true,"href":"https:\/\/www.europesays.com\/es\/wp-json\/wp\/v2\/categories?post=257357"},{"taxonomy":"post_tag","embeddable":true,"href":"https:\/\/www.europesays.com\/es\/wp-json\/wp\/v2\/tags?post=257357"}],"curies":[{"name":"wp","href":"https:\/\/api.w.org\/{rel}","templated":true}]}}