{"id":257368,"date":"2025-11-26T20:24:12","date_gmt":"2025-11-26T20:24:12","guid":{"rendered":"https:\/\/www.europesays.com\/es\/257368\/"},"modified":"2025-11-26T20:24:12","modified_gmt":"2025-11-26T20:24:12","slug":"estepona-acogera-uno-de-los-finales-de-etapa-mas-decisivos-de-la-vuelta-ciclista-a-espana-2026","status":"publish","type":"post","link":"https:\/\/www.europesays.com\/es\/257368\/","title":{"rendered":"Estepona acoger\u00e1 uno de los finales de etapa m\u00e1s decisivos de la Vuelta Ciclista a Espa\u00f1a 2026"},"content":{"rendered":"<p>Estepona volver\u00e1 a disfrutar en directo de la Vuelta Ciclista a Espa\u00f1a. El municipio ser\u00e1 en 2026 sede de final de etapa. As\u00ed se lo ha trasladado hoy el alcalde, Jos\u00e9 Mar\u00eda Garc\u00eda Urbano, a representantes de Club Uni\u00f3n Ciclista Virgen del Carmen. En concreto, Estepona acoger\u00e1 la subida de alta monta\u00f1a hasta el Refugio de Pe\u00f1as Blancas.<\/p>\n<p>El regidor ha se\u00f1alado que este ser\u00e1 uno de los grandes eventos deportivos en Estepona el a\u00f1o pr\u00f3ximo, y ha detallado que el municipio vivir\u00e1 una de las etapas \u201cdecisivas\u201d de La Vuelta, que se desarrollar\u00e1 en la tercera semana de la competici\u00f3n; en concreto, el 11 de septiembre.<\/p>\n<p>La Vuelta transitar\u00e1 por distintos puntos de la provincia de M\u00e1laga y entrar\u00e1 a Estepona desde la zona de Guadalmina, recorriendo varias zonas hasta encarar la subida a Pe\u00f1as Blancas.<\/p>\n<p>\u201cEs el mejor evento de promoci\u00f3n que podr\u00edamos tener, millones de personas a trav\u00e9s de medios de comunicaci\u00f3n de hasta 200 pa\u00edses de todo el mundo podr\u00e1n contemplar Estepona desde unas impresionantes vistas a\u00e9reas, disfrutando en directo de todo el entorno natural de nuestro t\u00e9rmino municipal\u201d, ha indicado Garc\u00eda Urbano.<\/p>\n<p>Con motivo de este evento deportivo, el Ayuntamiento est\u00e1 trabajando ya en la organizaci\u00f3n de diversas actividades que se vivir\u00e1n en la ciudad para que el conjunto de la ciudadan\u00eda participe de este acontecimiento, como ha ocurrido en ocasiones anteriores en las que La Vuelta hizo parada o pas\u00f3 por Estepona.<\/p>\n<p>El alcalde ha agradecido a la organizaci\u00f3n de La Vuelta, y a su director general, Javier Guill\u00e9n, \u201cque cuente una vez m\u00e1s con Estepona\u201d; as\u00ed como a la Diputaci\u00f3n Provincial de M\u00e1laga y a su presidente, Francisco Salado, \u201cporque colaboran de manera directa para que sea posible que Estepona tenga esta etapa\u201d.<\/p>\n<p>De este modo, el Alto de Pe\u00f1as Blancas, en el enclave natural de Sierra Bermeja, volver\u00e1 a sorprender al pelot\u00f3n y a los aficionados al ciclismo de todo el mundo. Esta zona se convirti\u00f3 en La Vuelta Ciclista a Espa\u00f1a de 2013 en la primera llegada en alto de la historia de la provincia de M\u00e1laga.<\/p>\n","protected":false},"excerpt":{"rendered":"Estepona volver\u00e1 a disfrutar en directo de la Vuelta Ciclista a Espa\u00f1a. El municipio ser\u00e1 en 2026 sede&hellip;\n","protected":false},"author":2,"featured_media":257369,"comment_status":"","ping_status":"","sticky":false,"template":"","format":"standard","meta":{"footnotes":""},"categories":[273],"tags":[313,312,168,25,24,23,167],"class_list":{"0":"post-257368","1":"post","2":"type-post","3":"status-publish","4":"format-standard","5":"has-post-thumbnail","7":"category-ciclismo","8":"tag-ciclismo","9":"tag-cycling","10":"tag-deportes","11":"tag-es","12":"tag-espana","13":"tag-spain","14":"tag-sports"},"share_on_mastodon":{"url":"https:\/\/pubeurope.com\/@es\/115617874757438206","error":""},"_links":{"self":[{"href":"https:\/\/www.europesays.com\/es\/wp-json\/wp\/v2\/posts\/257368","targetHints":{"allow":["GET"]}}],"collection":[{"href":"https:\/\/www.europesays.com\/es\/wp-json\/wp\/v2\/posts"}],"about":[{"href":"https:\/\/www.europesays.com\/es\/wp-json\/wp\/v2\/types\/post"}],"author":[{"embeddable":true,"href":"https:\/\/www.europesays.com\/es\/wp-json\/wp\/v2\/users\/2"}],"replies":[{"embeddable":true,"href":"https:\/\/www.europesays.com\/es\/wp-json\/wp\/v2\/comments?post=257368"}],"version-history":[{"count":0,"href":"https:\/\/www.europesays.com\/es\/wp-json\/wp\/v2\/posts\/257368\/revisions"}],"wp:featuredmedia":[{"embeddable":true,"href":"https:\/\/www.europesays.com\/es\/wp-json\/wp\/v2\/media\/257369"}],"wp:attachment":[{"href":"https:\/\/www.europesays.com\/es\/wp-json\/wp\/v2\/media?parent=257368"}],"wp:term":[{"taxonomy":"category","embeddable":true,"href":"https:\/\/www.europesays.com\/es\/wp-json\/wp\/v2\/categories?post=257368"},{"taxonomy":"post_tag","embeddable":true,"href":"https:\/\/www.europesays.com\/es\/wp-json\/wp\/v2\/tags?post=257368"}],"curies":[{"name":"wp","href":"https:\/\/api.w.org\/{rel}","templated":true}]}}