{"id":25737,"date":"2025-08-04T20:01:15","date_gmt":"2025-08-04T20:01:15","guid":{"rendered":"https:\/\/www.europesays.com\/es\/25737\/"},"modified":"2025-08-04T20:01:15","modified_gmt":"2025-08-04T20:01:15","slug":"el-real-betis-y-el-club-de-futbol-monterrey-llegan-a-un-acuerdo-para-el-traspaso-de-nelson-deossa","status":"publish","type":"post","link":"https:\/\/www.europesays.com\/es\/25737\/","title":{"rendered":"El Real Betis y el Club de F\u00fatbol Monterrey llegan a un acuerdo para el traspaso de Nelson Deossa"},"content":{"rendered":"<p>El Real Betis Balompi\u00e9 y el Club de F\u00fatbol Monterrey han alcanzado un acuerdo para el traspaso del jugador colombiano Nelson Deossa.\u00a0\u00a0<\/p>\n<p>Nelson Deossa (Marmato, Colombia, 6\/02\/2000) debut\u00f3 en el f\u00fatbol profesional a los 20 a\u00f1os en el CD Atl\u00e9tico Huila en la temporada 2020\/21.\u00a0\u00a0<\/p>\n<p>Tras unas cesiones fruct\u00edferas en el Club Estudiantes de la Plata, Junior de Barranquilla y Atl\u00e9tico Nacional, donde gan\u00f3 Superliga y Copa de Colombia, dio el salto al f\u00fatbol mexicano uni\u00e9ndose al Club de F\u00fatbol Pachuca donde fue campe\u00f3n de la Copa de Campeones de la Concacaf, del Derbi de las Am\u00e9ricas y de la Copa Challenger de la FIFA.\u00a0\u00a0<\/p>\n<p>Su buen rendimiento le llev\u00f3 a fichar por el Club de F\u00fatbol Monterrey en la temporada 2024\/25, con el que disputar\u00eda recientemente la Copa Mundial de Clubes de la FIFA.\u00a0<\/p>\n","protected":false},"excerpt":{"rendered":"El Real Betis Balompi\u00e9 y el Club de F\u00fatbol Monterrey han alcanzado un acuerdo para el traspaso del&hellip;\n","protected":false},"author":2,"featured_media":25738,"comment_status":"","ping_status":"","sticky":false,"template":"","format":"standard","meta":{"footnotes":""},"categories":[93],"tags":[14295,291,168,25,24,798,286,23,167],"class_list":{"0":"post-25737","1":"post","2":"type-post","3":"status-publish","4":"format-standard","5":"has-post-thumbnail","7":"category-deportes","8":"tag-balompie","9":"tag-betis","10":"tag-deportes","11":"tag-es","12":"tag-espana","13":"tag-real","14":"tag-real-betis-balompie","15":"tag-spain","16":"tag-sports"},"share_on_mastodon":{"url":"","error":""},"_links":{"self":[{"href":"https:\/\/www.europesays.com\/es\/wp-json\/wp\/v2\/posts\/25737","targetHints":{"allow":["GET"]}}],"collection":[{"href":"https:\/\/www.europesays.com\/es\/wp-json\/wp\/v2\/posts"}],"about":[{"href":"https:\/\/www.europesays.com\/es\/wp-json\/wp\/v2\/types\/post"}],"author":[{"embeddable":true,"href":"https:\/\/www.europesays.com\/es\/wp-json\/wp\/v2\/users\/2"}],"replies":[{"embeddable":true,"href":"https:\/\/www.europesays.com\/es\/wp-json\/wp\/v2\/comments?post=25737"}],"version-history":[{"count":0,"href":"https:\/\/www.europesays.com\/es\/wp-json\/wp\/v2\/posts\/25737\/revisions"}],"wp:featuredmedia":[{"embeddable":true,"href":"https:\/\/www.europesays.com\/es\/wp-json\/wp\/v2\/media\/25738"}],"wp:attachment":[{"href":"https:\/\/www.europesays.com\/es\/wp-json\/wp\/v2\/media?parent=25737"}],"wp:term":[{"taxonomy":"category","embeddable":true,"href":"https:\/\/www.europesays.com\/es\/wp-json\/wp\/v2\/categories?post=25737"},{"taxonomy":"post_tag","embeddable":true,"href":"https:\/\/www.europesays.com\/es\/wp-json\/wp\/v2\/tags?post=25737"}],"curies":[{"name":"wp","href":"https:\/\/api.w.org\/{rel}","templated":true}]}}