{"id":257374,"date":"2025-11-26T20:28:08","date_gmt":"2025-11-26T20:28:08","guid":{"rendered":"https:\/\/www.europesays.com\/es\/257374\/"},"modified":"2025-11-26T20:28:08","modified_gmt":"2025-11-26T20:28:08","slug":"una-de-las-protagonistas-de-american-pie-acaba-en-el-hospital-tras-ser-supuestamente-drogada-en-el-bar-de-un-hotel","status":"publish","type":"post","link":"https:\/\/www.europesays.com\/es\/257374\/","title":{"rendered":"Una de las protagonistas de &#8216;American Pie&#8217; acaba en el hospital tras ser supuestamente drogada en el bar de un hotel"},"content":{"rendered":"<p class=\"c-paragraph\">La actriz Tara Reid, que coprotagoniz\u00f3 las tres pel\u00edculas de la saga American Pie interpretando a\u00a0Vicky Lathum,<b> experiment\u00f3 un traum\u00e1tico suceso el pasado s\u00e1bado<\/b>, cuando tuvo que salir en camilla y camino del hospital de un hotel.\u00a0<\/p>\n<p class=\"c-paragraph\">La actriz, de 50 a\u00f1os, ha presentado una denuncia en la polic\u00eda por este hecho, ya que alega que <b>fue drogada contra su voluntad con alg\u00fan tipo de sustancia echada sin que se diera cuenta<\/b> en su copa.\u00a0<\/p>\n<p class=\"c-paragraph\">Reid ha narrado a medios locales que estaba en un hotel en las afueras de Chicago (EE UU) el s\u00e1bado <b>por la noche cuando baj\u00f3 al bar a tomar una copa <\/b>y el lugar estaba lleno de lo que ella describi\u00f3 como youtubers.\u00a0<\/p>\n<p class=\"c-paragraph\">Seg\u00fan el relato de Reid, <b>pidi\u00f3 una copa de vino y trab\u00f3 amistad con una de las influencers<\/b>, con la que sali\u00f3 a fumar poco despu\u00e9s, dejando su copa en la barra.\u00a0<\/p>\n<p class=\"c-paragraph\">Al regresar, el vaso de vino estaba tapado con una servilleta,<b> algo a lo que la actriz no dio importancia y sigui\u00f3 bebi\u00e9ndola<\/b>. Lo siguiente que recuerda, dice, es despertar en el hospital.\u00a0<\/p>\n<p class=\"c-paragraph\">Los medios de EE UU y las redes sociales difundieron un v\u00eddeo de Tara Reid en el hall del hotel,<b> apoy\u00e1ndose en otras personas, desorientada y acabando por salir de all\u00ed en una camilla<\/b>.\u00a0<\/p>\n<p class=\"c-paragraph\">La polic\u00eda investiga ahora el caso,<b> revisando las c\u00e1maras de vigilancia<\/b> y contactando con los trabajadores del hotel. Mientras, algunos medios del coraz\u00f3n recuerdan que Tara Reid tuvo problemas de consumo de sustancias, aunque ella insiste en que tan solo tom\u00f3 una copa de vino.<\/p>\n","protected":false},"excerpt":{"rendered":"La actriz Tara Reid, que coprotagoniz\u00f3 las tres pel\u00edculas de la saga American Pie interpretando a\u00a0Vicky Lathum, experiment\u00f3&hellip;\n","protected":false},"author":2,"featured_media":257375,"comment_status":"","ping_status":"","sticky":false,"template":"","format":"standard","meta":{"footnotes":""},"categories":[174],"tags":[4425,255,146,147,25,24,256,4207,12082,6874,23,20877],"class_list":{"0":"post-257374","1":"post","2":"type-post","3":"status-publish","4":"format-standard","5":"has-post-thumbnail","7":"category-famosos","8":"tag-american","9":"tag-celebrities","10":"tag-entertainment","11":"tag-entretenimiento","12":"tag-es","13":"tag-espana","14":"tag-famosos","15":"tag-las","16":"tag-pie","17":"tag-protagonistas","18":"tag-spain","19":"tag-una"},"share_on_mastodon":{"url":"https:\/\/pubeurope.com\/@es\/115617890752007361","error":""},"_links":{"self":[{"href":"https:\/\/www.europesays.com\/es\/wp-json\/wp\/v2\/posts\/257374","targetHints":{"allow":["GET"]}}],"collection":[{"href":"https:\/\/www.europesays.com\/es\/wp-json\/wp\/v2\/posts"}],"about":[{"href":"https:\/\/www.europesays.com\/es\/wp-json\/wp\/v2\/types\/post"}],"author":[{"embeddable":true,"href":"https:\/\/www.europesays.com\/es\/wp-json\/wp\/v2\/users\/2"}],"replies":[{"embeddable":true,"href":"https:\/\/www.europesays.com\/es\/wp-json\/wp\/v2\/comments?post=257374"}],"version-history":[{"count":0,"href":"https:\/\/www.europesays.com\/es\/wp-json\/wp\/v2\/posts\/257374\/revisions"}],"wp:featuredmedia":[{"embeddable":true,"href":"https:\/\/www.europesays.com\/es\/wp-json\/wp\/v2\/media\/257375"}],"wp:attachment":[{"href":"https:\/\/www.europesays.com\/es\/wp-json\/wp\/v2\/media?parent=257374"}],"wp:term":[{"taxonomy":"category","embeddable":true,"href":"https:\/\/www.europesays.com\/es\/wp-json\/wp\/v2\/categories?post=257374"},{"taxonomy":"post_tag","embeddable":true,"href":"https:\/\/www.europesays.com\/es\/wp-json\/wp\/v2\/tags?post=257374"}],"curies":[{"name":"wp","href":"https:\/\/api.w.org\/{rel}","templated":true}]}}