{"id":257386,"date":"2025-11-26T20:35:22","date_gmt":"2025-11-26T20:35:22","guid":{"rendered":"https:\/\/www.europesays.com\/es\/257386\/"},"modified":"2025-11-26T20:35:22","modified_gmt":"2025-11-26T20:35:22","slug":"la-respuesta-mundial-al-sida-ha-sufrido-su-reves-mas-significativo-en-decadas-alerta-la-onu-2","status":"publish","type":"post","link":"https:\/\/www.europesays.com\/es\/257386\/","title":{"rendered":"La respuesta mundial al sida ha sufrido \u00absu rev\u00e9s m\u00e1s significativo en d\u00e9cadas\u00bb, alerta la ONU"},"content":{"rendered":"<p>    <img src=\"https:\/\/www.europesays.com\/es\/wp-content\/uploads\/2025\/11\/2025-11-25T143A403A36Z-90486615.jpg\" width=\"1024\" height=\"682\" alt=\"\" loading=\"eager\" decoding=\"sync\" fetchpriority=\"high\"\/><\/p>\n<p>            afp_tickers        <\/p>\n<p>        Este contenido fue publicado en    <\/p>\n<p>        25 noviembre 2025 &#8211; 15:40\n<\/p>\n<p>La respuesta mundial al sida sufre actualmente \u00absu rev\u00e9s m\u00e1s significativo en d\u00e9cadas\u00bb, por los recortes de la financiaci\u00f3n internacional en los pa\u00edses m\u00e1s afectados por la enfermedad, indic\u00f3 Onusida en un informe publicado este martes.<\/p>\n<p>\u00abLas reducciones en la financiaci\u00f3n internacional y la falta de solidaridad mundial (\u2026) enviaron ondas de choque a trav\u00e9s de los pa\u00edses de ingresos bajos y medianos gravemente afectados por el VIH\u00bb, indic\u00f3 Onusida.<\/p>\n<p>Su directora ejecutiva, Winnie Byanyima, incidi\u00f3 en \u00abel cese repentino de la financiaci\u00f3n estadounidense en febrero\u00bb, tras el regreso de Donald Trump a la Casa Blanca.<\/p>\n<p>\u00abLa crisis de financiaci\u00f3n ha expuesto la fragilidad de los progresos por los que tanto hemos luchado\u00bb, afirm\u00f3 Byanyima en una declaraci\u00f3n a la prensa en Ginebra.<\/p>\n<p>\u00abDetr\u00e1s de cada dato en este informe hay personas: beb\u00e9s y ni\u00f1os que no acceden a las pruebas de detecci\u00f3n o al diagn\u00f3stico temprano del VIH, mujeres j\u00f3venes aisladas del apoyo para la prevenci\u00f3n, y comunidades que de repente se quedan sin servicios y atenci\u00f3n. No podemos abandonarlos\u00bb.<\/p>\n<p>El informe alerta que, si colapsan los servicios de prevenci\u00f3n, hay un riesgo de \u00ab3,3 millones de infecciones adicionales\u00bb para 2030.<\/p>\n<p>ag\/nl\/avl\/mb-an\/hgs<\/p>\n","protected":false},"excerpt":{"rendered":"afp_tickers Este contenido fue publicado en 25 noviembre 2025 &#8211; 15:40 La respuesta mundial al sida sufre actualmente&hellip;\n","protected":false},"author":2,"featured_media":257387,"comment_status":"","ping_status":"","sticky":false,"template":"","format":"standard","meta":{"footnotes":""},"categories":[92],"tags":[58126,8543,25,24,165,64608,166,23,90,58128],"class_list":{"0":"post-257386","1":"post","2":"type-post","3":"status-publish","4":"format-standard","5":"has-post-thumbnail","7":"category-salud","8":"tag-communicable-diseases","9":"tag-disease","10":"tag-es","11":"tag-espana","12":"tag-health","13":"tag-health-organisations","14":"tag-salud","15":"tag-spain","16":"tag-ticker","17":"tag-virus-diseases"},"share_on_mastodon":{"url":"https:\/\/pubeurope.com\/@es\/115617918379358626","error":""},"_links":{"self":[{"href":"https:\/\/www.europesays.com\/es\/wp-json\/wp\/v2\/posts\/257386","targetHints":{"allow":["GET"]}}],"collection":[{"href":"https:\/\/www.europesays.com\/es\/wp-json\/wp\/v2\/posts"}],"about":[{"href":"https:\/\/www.europesays.com\/es\/wp-json\/wp\/v2\/types\/post"}],"author":[{"embeddable":true,"href":"https:\/\/www.europesays.com\/es\/wp-json\/wp\/v2\/users\/2"}],"replies":[{"embeddable":true,"href":"https:\/\/www.europesays.com\/es\/wp-json\/wp\/v2\/comments?post=257386"}],"version-history":[{"count":0,"href":"https:\/\/www.europesays.com\/es\/wp-json\/wp\/v2\/posts\/257386\/revisions"}],"wp:featuredmedia":[{"embeddable":true,"href":"https:\/\/www.europesays.com\/es\/wp-json\/wp\/v2\/media\/257387"}],"wp:attachment":[{"href":"https:\/\/www.europesays.com\/es\/wp-json\/wp\/v2\/media?parent=257386"}],"wp:term":[{"taxonomy":"category","embeddable":true,"href":"https:\/\/www.europesays.com\/es\/wp-json\/wp\/v2\/categories?post=257386"},{"taxonomy":"post_tag","embeddable":true,"href":"https:\/\/www.europesays.com\/es\/wp-json\/wp\/v2\/tags?post=257386"}],"curies":[{"name":"wp","href":"https:\/\/api.w.org\/{rel}","templated":true}]}}