{"id":257391,"date":"2025-11-26T20:38:09","date_gmt":"2025-11-26T20:38:09","guid":{"rendered":"https:\/\/www.europesays.com\/es\/257391\/"},"modified":"2025-11-26T20:38:09","modified_gmt":"2025-11-26T20:38:09","slug":"el-acuerdo-entre-dazn-y-orange-cambia-el-paisaje-del-baloncesto-en-television","status":"publish","type":"post","link":"https:\/\/www.europesays.com\/es\/257391\/","title":{"rendered":"El acuerdo entre DAZN y Orange cambia el paisaje del baloncesto en televisi\u00f3n"},"content":{"rendered":"<p data-mrf-recirculation=\"Links P\u00e1rrafos\" class=\"ue-c-article__paragraph paragraph ue-c-article--first-letter-highlighted\">Apartir del 12 de enero<strong> el baloncesto en<\/strong><strong>Espa\u00f1a <\/strong>se va a poder ver por m\u00e1s plataformas. Concretamente por <strong>Orange<\/strong>. Un acuerdo entre <strong>DAZN y Orange<\/strong> lo har\u00e1 posible, aunque oficialmente no hay detalles sobre qu\u00e9 contenidos habr\u00e1.<\/p>\n<p data-mrf-recirculation=\"Links P\u00e1rrafos\" class=\"ue-c-article__paragraph paragraph\">El caso es que <strong>Orange <\/strong>sumar\u00e1 a sus clientes tres nuevos canales creados por <strong>DAZN <\/strong>y dedicados al baloncesto. Y ya se sabe que DAZN tiene los derechos de retransmisi\u00f3n de la <strong>Liga Endesa, la Copa del Rey y de la NBA<\/strong> (estos, junto a Amazon Prime).<\/p>\n<p data-mrf-recirculation=\"Links P\u00e1rrafos\" class=\"ue-c-article__paragraph paragraph\">Lo que se sabe hasta ahora, seg\u00fan la nota de <strong>Orange<\/strong>, es que los tres canales: se encargar\u00e1n de emitir partidos en directo, los an\u00e1lisis y otros contenidos tem\u00e1ticos relacionados con este deporte. Algo as\u00ed como los canales de <strong>F1 y Moto GP<\/strong>, tambi\u00e9n de DAZN, que se pueden ver tambi\u00e9n en Orange.<\/p>\n<p data-mrf-recirculation=\"Links P\u00e1rrafos\" class=\"ue-c-article__paragraph paragraph\">Falta por saber los precios, que se suponen que aumentar\u00e1n en Orange, y os contenidos definitivos, aunque s\u00ed se sabe que ser\u00e1n los clientes con una tarifa convergente con f\u00fatbol los que disfruten m\u00e1s adelante de baloncesto en sus planes combinados de fibra + m\u00f3vil + TV.<\/p>\n<p data-mrf-recirculation=\"Links P\u00e1rrafos\" class=\"ue-c-article__paragraph paragraph\">A falta de un posible acuerdo entre la <strong>ACB y TVE<\/strong> para dar un partido de la jornada en abierto, la oferta del baloncesto en <strong>Espa\u00f1a <\/strong>se expande con este acuerdo entre <strong>DAZN y Orange <\/strong>para quela<strong> Liga Endesa o la NBA,<\/strong> o las dos, se puedan ver tambi\u00e9n en el operador naranja.<\/p>\n","protected":false},"excerpt":{"rendered":"Apartir del 12 de enero el baloncesto enEspa\u00f1a se va a poder ver por m\u00e1s plataformas. Concretamente por&hellip;\n","protected":false},"author":2,"featured_media":257392,"comment_status":"","ping_status":"","sticky":false,"template":"","format":"standard","meta":{"footnotes":""},"categories":[80],"tags":[82,95,94,25,24,23],"class_list":{"0":"post-257391","1":"post","2":"type-post","3":"status-publish","4":"format-standard","5":"has-post-thumbnail","7":"category-economia","8":"tag-business","9":"tag-economia","10":"tag-economy","11":"tag-es","12":"tag-espana","13":"tag-spain"},"share_on_mastodon":{"url":"https:\/\/pubeurope.com\/@es\/115617930629667819","error":""},"_links":{"self":[{"href":"https:\/\/www.europesays.com\/es\/wp-json\/wp\/v2\/posts\/257391","targetHints":{"allow":["GET"]}}],"collection":[{"href":"https:\/\/www.europesays.com\/es\/wp-json\/wp\/v2\/posts"}],"about":[{"href":"https:\/\/www.europesays.com\/es\/wp-json\/wp\/v2\/types\/post"}],"author":[{"embeddable":true,"href":"https:\/\/www.europesays.com\/es\/wp-json\/wp\/v2\/users\/2"}],"replies":[{"embeddable":true,"href":"https:\/\/www.europesays.com\/es\/wp-json\/wp\/v2\/comments?post=257391"}],"version-history":[{"count":0,"href":"https:\/\/www.europesays.com\/es\/wp-json\/wp\/v2\/posts\/257391\/revisions"}],"wp:featuredmedia":[{"embeddable":true,"href":"https:\/\/www.europesays.com\/es\/wp-json\/wp\/v2\/media\/257392"}],"wp:attachment":[{"href":"https:\/\/www.europesays.com\/es\/wp-json\/wp\/v2\/media?parent=257391"}],"wp:term":[{"taxonomy":"category","embeddable":true,"href":"https:\/\/www.europesays.com\/es\/wp-json\/wp\/v2\/categories?post=257391"},{"taxonomy":"post_tag","embeddable":true,"href":"https:\/\/www.europesays.com\/es\/wp-json\/wp\/v2\/tags?post=257391"}],"curies":[{"name":"wp","href":"https:\/\/api.w.org\/{rel}","templated":true}]}}