{"id":257393,"date":"2025-11-26T20:39:11","date_gmt":"2025-11-26T20:39:11","guid":{"rendered":"https:\/\/www.europesays.com\/es\/257393\/"},"modified":"2025-11-26T20:39:11","modified_gmt":"2025-11-26T20:39:11","slug":"italia-introduce-el-delito-de-feminicidio-impulsado-por-el-gobierno-de-ultraderecha-de-meloni-sociedad","status":"publish","type":"post","link":"https:\/\/www.europesays.com\/es\/257393\/","title":{"rendered":"Italia introduce el delito de feminicidio impulsado por el Gobierno de ultraderecha de Meloni | Sociedad"},"content":{"rendered":"<p class=\"\">Coincidiendo con <a href=\"https:\/\/elpais.com\/noticias\/dia-internacional-eliminacion-violencia-contra-la-mujer\/\" target=\"_blank\" rel=\"noreferrer nofollow noopener\" title=\"https:\/\/elpais.com\/noticias\/dia-internacional-eliminacion-violencia-contra-la-mujer\/\">el D\u00eda Internacional de la Eliminaci\u00f3n de la Violencia contra la Mujer<\/a>, el Parlamento italiano ha aprobado este martes una ley que introduce en el c\u00f3digo penal el delito de feminicidio y lo castiga con cadena perpetua. El proyecto, impulsado por <a href=\"https:\/\/elpais.com\/noticias\/giorgia-meloni\/\" target=\"_blank\" rel=\"noreferrer nofollow noopener\" title=\"https:\/\/elpais.com\/noticias\/giorgia-meloni\/\">el Gobierno ultraderechista liderado por Giorgia Meloni<\/a> (Hermanos de Italia), hab\u00eda recibido el visto bueno del Senado y este martes se aprob\u00f3 por mayor\u00eda en la C\u00e1mara de los diputados, por lo que ya es ley firme y entrar\u00e1 en vigor tras su publicaci\u00f3n en el Bolet\u00edn Oficial del Estado italiano.<\/p>\n<p class=\"\">En concreto, la nueva norma estipula que quien mate a una mujer \u201ccomo acto de odio, discriminaci\u00f3n, abuso de poder, control sobre ella, para limitar su libertad o en relaci\u00f3n con su negativa a establecer o mantener una relaci\u00f3n afectiva\u201d, se enfrenta a penas de cadena perpetua en los casos m\u00e1s graves. En los supuestos en los que pueda reconocerse alguna atenuante, las condenas van de los 15 a los 24 a\u00f1os de prisi\u00f3n.<\/p>\n<p class=\"\">Hasta ahora, la legislaci\u00f3n italiana preve\u00eda un agravante espec\u00edfico para los asesinatos que pueden entrar en la definici\u00f3n de feminicidio, es decir, el asesinato intencional de una mujer por el hecho de ser mujer \u2015lo que en Espa\u00f1a <a href=\"https:\/\/elpais.com\/diario\/2004\/10\/08\/sociedad\/1097186401_850215.html\" target=\"_blank\" rel=\"noreferrer nofollow noopener\" title=\"https:\/\/elpais.com\/diario\/2004\/10\/08\/sociedad\/1097186401_850215.html\">la ley recoge como asesinatos por violencia de g\u00e9nero desde 2004<\/a>\u2015, pero no era considerado un delito en s\u00ed mismo, como lo ser\u00e1 a partir de ahora.<\/p>\n<p class=\"\">Adem\u00e1s, la norma contempla agravantes y castigos mayores para los delitos de maltrato a las mujeres, <a href=\"https:\/\/elpais.com\/sociedad\/2025-11-02\/he-decidido-contaros-mi-historia-que-no-se-acaba-nunca-el-suicidio-de-amanda-todd-o-como-la-violencia-digital-es-tan-real-como-la-fisica.html\" target=\"_blank\" rel=\"noreferrer nofollow noopener\" title=\"https:\/\/elpais.com\/sociedad\/2025-11-02\/he-decidido-contaros-mi-historia-que-no-se-acaba-nunca-el-suicidio-de-amanda-todd-o-como-la-violencia-digital-es-tan-real-como-la-fisica.html\">acoso o difusi\u00f3n de im\u00e1genes \u00edntimas sin consentimiento como venganza<\/a> (conocido como pornovenganza). La ley responde a una serie de casos de violencia de g\u00e9nero y asesinatos de mujeres a manos de sus parejas o exparejas, muchas muy j\u00f3venes, que han cambiado la conciencia social en el pa\u00eds transalpino.<\/p>\n<p class=\"\">El Instituto Nacional de Estad\u00edstica (Istat, por sus siglas en italiano) registr\u00f3 el a\u00f1o pasado un feminicidio cada tres d\u00edas. Ha habido casos recientes que han marcado un antes y un despu\u00e9s en Italia y han transformado el debate p\u00fablico y pol\u00edtico. Una serie de asesinatos de mujeres han despertado <a href=\"https:\/\/elpais.com\/sociedad\/2019\/01\/21\/actualidad\/1548064879_632793.html\" target=\"_blank\" rel=\"noreferrer nofollow noopener\" title=\"https:\/\/elpais.com\/sociedad\/2019\/01\/21\/actualidad\/1548064879_632793.html\">un clamor social que ha acelerado la demanda de una reforma legal concreta<\/a>. Uno de los casos es el de Giulia Cecchettin, universitaria de 23 a\u00f1os asesinada brutalmente en 2023 por su expareja de 23 a\u00f1os \u2015condenado a cadena perpetua el a\u00f1o pasado\u2015 cuando estaba a punto de graduarse en la universidad. <\/p>\n<p class=\"\"><a href=\"https:\/\/elpais.com\/sociedad\/2023-11-26\/el-asesinato-machista-que-puede-cambiar-italia.html\" target=\"_blank\" rel=\"noreferrer nofollow noopener\" title=\"https:\/\/elpais.com\/sociedad\/2023-11-26\/el-asesinato-machista-que-puede-cambiar-italia.html\">Su muerte sirvi\u00f3 como catalizador<\/a> para aumentar la presi\u00f3n social sobre las autoridades y los partidos pol\u00edticos. La indignaci\u00f3n p\u00fablica generalizada permiti\u00f3 que el debate sobre la violencia de g\u00e9nero y sus causas en la cultura patriarcal del pa\u00eds dejara de ser casi marginal y se convirtiera en un tema central.<\/p>\n<p>\u201cUna se\u00f1al importante de cohesi\u00f3n pol\u00edtica\u201d<\/p>\n<p class=\"\">Para Meloni, la nueva ley aprobada con una amplia mayor\u00eda representa \u201cuna se\u00f1al importante de cohesi\u00f3n pol\u00edtica contra la barbarie de la violencia contra las mujeres\u201d. \u201cHemos duplicado la financiaci\u00f3n para centros y refugios contra la violencia, promovido una l\u00ednea de emergencia y llevado a cabo actividades innovadoras de educaci\u00f3n y concienciaci\u00f3n\u201d, subray\u00f3 la primera ministra. Y agreg\u00f3: \u201cEstos son avances concretos, pero no nos detendremos aqu\u00ed. Debemos seguir haciendo mucho m\u00e1s cada d\u00eda\u201d.<\/p>\n<p class=\"\">Aunque la oposici\u00f3n de centroizquierda ha apoyado la ley en el Parlamento, ha criticado que el enfoque del gobierno solo aborda el aspecto criminal del problema, mientras que no trata causas subyacentes como los factores econ\u00f3micos y culturales. Entre otras cosas, en el pa\u00eds transalpino se ha intensificado el debate sobre la introducci\u00f3n de la educaci\u00f3n sexual y emocional en las aulas como forma de prevenir la violencia de g\u00e9nero. <\/p>\n<p class=\"\">Por el momento, <a href=\"https:\/\/elpais.com\/espana\/2021-03-20\/el-rechazo-ultra-a-la-formacion-afectivo-sexual.html\" target=\"_blank\" rel=\"noreferrer nofollow noopener\" title=\"https:\/\/elpais.com\/espana\/2021-03-20\/el-rechazo-ultra-a-la-formacion-afectivo-sexual.html\">el gobierno se plantea prohibir este tipo de educaci\u00f3n<\/a> en los estudiantes de primaria y prev\u00e9 exigir el consentimiento expl\u00edcito de los padres para cualquier lecci\u00f3n que plantee estos temas en los institutos de secundaria. La coalici\u00f3n conservadora considera que de este modo est\u00e1n protegiendo a los menores de lo que llaman \u201cactivismo ideol\u00f3gico\u201d, mientras que la oposici\u00f3n califica este planteamiento como \u201cmedieval\u201d. <\/p>\n<p class=\"\">\u201cItalia es uno de los siete pa\u00edses en Europa donde la educaci\u00f3n sexual y de relaciones a\u00fan no es obligatoria en las escuelas, y estamos pidiendo que sea obligatoria en todos los ciclos escolares\u201d, ha protestado la secretaria del Partido Democr\u00e1tico, Elly Schlein. Y ha a\u00f1adido: \u201cLa represi\u00f3n no es suficiente sin prevenci\u00f3n, que solo puede comenzar en las escuelas\u201d.<\/p>\n<p class=\"\">La norma, que se acaba de aprobar se anunci\u00f3 el pasado 8 de marzo, D\u00eda Internacional de la Mujer, y suscit\u00f3 de inmediato un debate entre juristas, magistrados, abogados, movimientos feministas y asociaciones que se ocupan de la lucha contra la violencia machista contra las mujeres.<\/p>\n<p class=\"\">La cuesti\u00f3n es compleja. Los sectores m\u00e1s cr\u00edticos esgrimen dos argumentos principales: consideran que la nueva norma no era necesaria y dudan de su efectividad. Algunos expertos advierten de que tipificar el feminicidio como delito aut\u00f3nomo no garantiza una reducci\u00f3n real de estos cr\u00edmenes. Y se\u00f1alan que existe el riesgo de que la norma se quede en un gesto simb\u00f3lico y de que se pretenda resolver \u00fanicamente a trav\u00e9s del derecho penal \u2015centrado en la sanci\u00f3n\u2015, una problem\u00e1tica que tiene ra\u00edces profundas, culturales y sociales. Por ello, <a href=\"https:\/\/elpais.com\/elpais\/2020\/02\/03\/mamas_papas\/1580724180_233587.html\" target=\"_blank\" rel=\"noreferrer nofollow noopener\" title=\"https:\/\/elpais.com\/elpais\/2020\/02\/03\/mamas_papas\/1580724180_233587.html\">reclaman pol\u00edticas de prevenci\u00f3n<\/a> que tengan en cuenta el conjunto de pr\u00e1cticas sociales, pol\u00edticas, p\u00fablicas e institucionales que justifican o favorecen la violencia machista contra las mujeres.<\/p>\n<p class=\"\">Por otro lado, quienes respaldan la ley sostienen que el delito de feminicidio permitir\u00e1 a los organismos p\u00fablicos actuar con mayor precisi\u00f3n y eficacia. Creen tambi\u00e9n que la medida contribuir\u00e1 a visibilizar la dimensi\u00f3n estructural de la violencia de g\u00e9nero y permitir\u00e1 impulsar cambios sociales, culturales e institucionales para superar los numerosos factores que a\u00fan perpet\u00faan la violencia contra las mujeres.<\/p>\n<p class=\"\">Al mismo tiempo, en Italia se est\u00e1 debatiendo otra reforma legislativa para introducir el concepto de consentimiento en los casos de violencia sexual y la cuesti\u00f3n cuenta con un amplio consenso. Hace unos d\u00edas, Meloni y Schlein llegaron a un acuerdo para incluir este principio en el C\u00f3digo Penal. Se trata de un pacto poco habitual entre fuerzas pol\u00edticas opuestas en Italia.<\/p>\n","protected":false},"excerpt":{"rendered":"Coincidiendo con el D\u00eda Internacional de la Eliminaci\u00f3n de la Violencia contra la Mujer, el Parlamento italiano ha&hellip;\n","protected":false},"author":2,"featured_media":257394,"comment_status":"","ping_status":"","sticky":false,"template":"","format":"standard","meta":{"footnotes":""},"categories":[42],"tags":[8619,17,18,13,14,4910,14655,11,57257,61,62,63,64,628,19,20,4043,8616,9,10,15,16,8618,492,12,21,22,8617,8615,6580,65,66,67],"class_list":{"0":"post-257393","1":"post","2":"type-post","3":"status-publish","4":"format-standard","5":"has-post-thumbnail","7":"category-internacional","8":"tag-asesinato-pareja","9":"tag-breaking-news","10":"tag-breakingnews","11":"tag-featured-news","12":"tag-featurednews","13":"tag-feminismo","14":"tag-giorgia-meloni","15":"tag-headlines","16":"tag-hermanos-de-italia","17":"tag-internacional","18":"tag-international","19":"tag-international-news","20":"tag-internationalnews","21":"tag-italia","22":"tag-latest-news","23":"tag-latestnews","24":"tag-machismo","25":"tag-maltrato-mujer","26":"tag-news","27":"tag-noticias","28":"tag-noticias-destacadas","29":"tag-noticiasdestacadas","30":"tag-patriarcado","31":"tag-sociedad","32":"tag-titulares","33":"tag-ultimas-noticias","34":"tag-ultimasnoticias","35":"tag-victimas-violencia-genero","36":"tag-violencia-genero","37":"tag-violencia-machista","38":"tag-world","39":"tag-world-news","40":"tag-worldnews"},"share_on_mastodon":{"url":"","error":"Validation failed: Text character limit of 500 exceeded"},"_links":{"self":[{"href":"https:\/\/www.europesays.com\/es\/wp-json\/wp\/v2\/posts\/257393","targetHints":{"allow":["GET"]}}],"collection":[{"href":"https:\/\/www.europesays.com\/es\/wp-json\/wp\/v2\/posts"}],"about":[{"href":"https:\/\/www.europesays.com\/es\/wp-json\/wp\/v2\/types\/post"}],"author":[{"embeddable":true,"href":"https:\/\/www.europesays.com\/es\/wp-json\/wp\/v2\/users\/2"}],"replies":[{"embeddable":true,"href":"https:\/\/www.europesays.com\/es\/wp-json\/wp\/v2\/comments?post=257393"}],"version-history":[{"count":0,"href":"https:\/\/www.europesays.com\/es\/wp-json\/wp\/v2\/posts\/257393\/revisions"}],"wp:featuredmedia":[{"embeddable":true,"href":"https:\/\/www.europesays.com\/es\/wp-json\/wp\/v2\/media\/257394"}],"wp:attachment":[{"href":"https:\/\/www.europesays.com\/es\/wp-json\/wp\/v2\/media?parent=257393"}],"wp:term":[{"taxonomy":"category","embeddable":true,"href":"https:\/\/www.europesays.com\/es\/wp-json\/wp\/v2\/categories?post=257393"},{"taxonomy":"post_tag","embeddable":true,"href":"https:\/\/www.europesays.com\/es\/wp-json\/wp\/v2\/tags?post=257393"}],"curies":[{"name":"wp","href":"https:\/\/api.w.org\/{rel}","templated":true}]}}