{"id":257395,"date":"2025-11-26T20:40:17","date_gmt":"2025-11-26T20:40:17","guid":{"rendered":"https:\/\/www.europesays.com\/es\/257395\/"},"modified":"2025-11-26T20:40:17","modified_gmt":"2025-11-26T20:40:17","slug":"anticorrupcion-abre-una-investigacion-en-el-cnio-tras-la-denuncia-del-robo-de-25-millones-al-centro","status":"publish","type":"post","link":"https:\/\/www.europesays.com\/es\/257395\/","title":{"rendered":"Anticorrupci\u00f3n abre una investigaci\u00f3n en el CNIO tras la denuncia del &#8216;robo&#8217; de 25 millones al centro"},"content":{"rendered":"\n<p> La <strong>Fiscal\u00eda Anticorrupci\u00f3n<\/strong> ha abierto una investigaci\u00f3n sobre las presuntas irregularidades en el <strong>Centro Nacional de Investigaciones Oncol\u00f3gicas<\/strong> (<strong>CNIO<\/strong>), organismo p\u00fablico dependiente del <strong>Ministerio de Ciencia<\/strong>.  <\/p>\n<p> El departamento especializado en delitos de corrupci\u00f3n ha analizado la documentaci\u00f3n remitida y considera que los hechos tienen una \u00ab<strong>especial trascendencia<\/strong>\u00ab, seg\u00fan ha adelantado ABC y ha confirmado <strong>El Confidencial<\/strong>. Por ello, el ministerio p\u00fablico ha acordado incoar <strong>diligencias de investigaci\u00f3n<\/strong>, previsiblemente por posibles delitos de <strong>malversaci\u00f3n de caudales p\u00fablicos<\/strong>, <a href=\"https:\/\/www.elconfidencial.com\/salud\/2025-11-24\/servicios-no-prestados-por-gedosol_4252568\/\" target=\"_blank\" rel=\"nofollow noopener\">tr\u00e1fico de influencias<\/a> y prevaricaci\u00f3n, que se ir\u00e1n concretando a medida que avance el procedimiento. <\/p>\n<p> La decisi\u00f3n llega tras largos meses de turbulencias en el centro, que <a href=\"https:\/\/www.elconfidencial.com\/bienestar\/2025-01-29\/blasco-sera-destituida-este-miercoles_4053113\/\" target=\"_blank\" rel=\"nofollow noopener\">en enero esperaba abrir una nueva etapa<\/a>, pero que la semana pasada volv\u00eda a salir a la palestra por numerosas acusaciones que <a href=\"https:\/\/www.elconfidencial.com\/salud\/2025-11-20\/en-busca-de-los-6-millones-perdidos-en-2024-cnio_4250427\/\" target=\"_blank\" rel=\"nofollow noopener\">ha ido recogiendo este peri\u00f3dico<\/a> y que cifraban <strong>un perjuicio econ\u00f3mico que ascender\u00eda a los 25 millones<\/strong>. En concreto, estas \u00faltimas fueron denunciadas antes la Fiscal\u00eda en junio de 2025 por un ex alto cargo de la instituci\u00f3n y a ella se suma que el 18 de noviembre el nuevo gerente del CNIO tambi\u00e9n ha presentado su escrito antes el ministerio p\u00fablico. <\/p>\n<p> Tras conocerse las acusaciones de un posible perjuicio econ\u00f3mico millonario, este lunes se reun\u00eda el <strong>Patronato<\/strong> en un encuentro que termin\u00f3 con <strong>el cese de tres altos cargos<\/strong> que permanec\u00edan en la administraci\u00f3n del centro. En concreto, se dio luz verde al gerente para que haga desaparecer la vicedirecci\u00f3n de asuntos econ\u00f3micos, ocupada por el gerente en la \u00e9poca de directora de Mar\u00eda Blasco, <strong>Juan Arroyo<\/strong>, que era directamente se\u00f1alado en la primera denuncia.<strong> <\/strong>Tambi\u00e9n se cesa a la secretar\u00eda general, en manos de <strong>Laura Mu\u00f1oz, <\/strong>y la figura de adjunto a la gerencia, desempe\u00f1ada por <strong>Jos\u00e9 Ignacio Fern\u00e1ndez Vera<\/strong>, en el marco de <strong>una reestructuraci\u00f3n de la direcci\u00f3n del organismo<\/strong>. <\/p>\n<p>              <img decoding=\"async\" class=\"inTextNews__img\" alt=\"Foto: Entrada del CNIO. (EFE \/ J.J. Guill\u00e9n)\" src=\"https:\/\/www.europesays.com\/es\/wp-content\/uploads\/2025\/11\/f.elconfidencial.com\/original\/33c\/624\/ecd\/33c624ecda410c6c92eb84b0945f5e75.jpg\"  \/>     <\/p>\n<p>TE PUEDE INTERESAR<\/p>\n<p>      <a class=\"inTextNews__title\" href=\"https:\/\/www.elconfidencial.com\/salud\/2025-11-25\/patronato-cnio-reunion_4253599\/\" onclick=\"window.ECCO.emit(&#039;amplitude&#039;, { dataEventName: &#039;click_related_article_module&#039;, data: { related_article_url: &#039;https:\/\/www.elconfidencial.com\/salud\/2025-11-25\/patronato-cnio-reunion_4253599\/&#039;, related_article_author: &#039;Fran S\u00e1nchez Becerril&#039;, related_article_section: &#039;salud&#039; } })\" rel=\"nofollow noopener\" target=\"_blank\"> El Patronato del CNIO expulsa a 3 altos cargos tras la denuncia del &#8216;robo&#8217; de 25 M al centro <\/a>   <\/p>\n<p>    Fran S\u00e1nchez Becerril   <\/p>\n<p> Aunque las acusaciones planeen, el <a href=\"https:\/\/www.elconfidencial.com\/salud\/2025-11-25\/patronato-cnio-reunion_4253599\/\" target=\"_blank\" rel=\"nofollow noopener\">Patronato ha justificado la eliminaci\u00f3n de estos puestos<\/a> por \u00ab<strong>eliminar duplicidades<\/strong> y capas intermedias que no aportan valor diferencial\u00bb, \u00abavanzar en la simplificaci\u00f3n y digitalizaci\u00f3n de procesos administrativos\u00bb, \u00abliberar recursos para destinarlos a las prioridades estrat\u00e9gicas del Centro\u00bb y \u00abgarantizar la sostenibilidad presupuestaria\u00bb. <\/p>\n<p>            De la crisis de finales de 2024 a la de hace una semana           <\/p>\n<p> Tras meses de\u00a0<a href=\"https:\/\/www.elconfidencial.com\/bienestar\/2025-01-28\/cnio-controlar-personal-dinero-cuentas-informe_4052190\/\" target=\"_blank\" rel=\"nofollow noopener\">acusaciones de corruptelas<\/a>,\u00a0<a href=\"https:\/\/www.elconfidencial.com\/bienestar\/2025-01-28\/13-denuncias-directora-del-cnio_4052159\/\" target=\"_blank\" rel=\"nofollow noopener\">acoso laboral<\/a>\u00a0y mala gesti\u00f3n, el 29 de enero\u00a0el <a href=\"https:\/\/www.alimente.elconfidencial.com\/bienestar\/2025-02-05\/diana-morant-ministra-cnio-arte-investigacion_4058432\/\" target=\"_blank\" rel=\"nofollow noopener\">Ministerio<\/a> de Ciencia daba por cerrada la crisis\u00a0que estaba atravesando el <strong>CNIO<\/strong> con los ceses de su directora,\u00a0<strong>Mar\u00eda Blasco<\/strong>, y del gerente,\u00a0<strong>Juan Arroyo<\/strong>. Una decisi\u00f3n que se tom\u00f3 porque el \u201cambiente que se viv\u00eda en el centro no era compatible con la <strong>excelencia cient\u00edfica requerida<\/strong>\u201d, como recordaban hace unos d\u00edas fuentes del <strong>Ministerio<\/strong>.\u00a0 <\/p>\n<p> De este modo,\u00a0<strong>Blasco volvi\u00f3 a centrarse en su laboratorio<\/strong> del CNIO\u00a0del que proced\u00eda antes de\u00a0<a href=\"https:\/\/www.elconfidencial.com\/bienestar\/2025-01-29\/maria-blasco-directora-cnio-telenovela_4052633\/\" target=\"_blank\" rel=\"nofollow noopener\">acceder a la direcci\u00f3n hac\u00eda 13 a\u00f1os<\/a>\u00a0y Arroyo regresaba a su puesto anterior dentro de la administraci\u00f3n del centro. M\u00e1s tarde, en septiembre, llegar\u00edan un nuevo director,\u00a0<a href=\"https:\/\/www.elconfidencial.com\/salud\/2025-09-04\/cnio-candidato-director-nuevo-raul-rabadan_4202099\/\" target=\"_blank\" rel=\"nofollow noopener\">Ra\u00fal Rabad\u00e1n<\/a>, y otro nuevo gerente,\u00a0<strong>Jos\u00e9 Manuel Bernab\u00e9 S\u00e1nchez<\/strong>. Esto \u00faltimos tambi\u00e9n est\u00e1n llamados a analizar la situaci\u00f3n de los a\u00f1os previos en la instituci\u00f3n.\u00a0 <\/p>\n<p>                  <img decoding=\"async\" class=\"inTextNews__img\" alt=\"Foto: cnio-controlar-personal-dinero-cuentas-informe\" src=\"https:\/\/www.europesays.com\/es\/wp-content\/uploads\/2025\/11\/f.elconfidencial.com\/original\/cd4\/d38\/4ce\/cd4d384ce99328a6075637f22915760c.jpg\"  \/>     <\/p>\n<p>TE PUEDE INTERESAR<\/p>\n<p>      <a class=\"inTextNews__title\" href=\"https:\/\/www.elconfidencial.com\/bienestar\/2025-01-28\/cnio-controlar-personal-dinero-cuentas-informe_4052190\/\" onclick=\"window.ECCO.emit(&#039;amplitude&#039;, { dataEventName: &#039;click_related_article_module&#039;, data: { related_article_url: &#039;https:\/\/www.elconfidencial.com\/bienestar\/2025-01-28\/cnio-controlar-personal-dinero-cuentas-informe_4052190\/&#039;, related_article_author: &#039;Fran S\u00e1nchez Becerril,Laura Camacho,Andrea Mu\u00f1oz&#039;, related_article_section: &#039;bienestar&#039; } })\" rel=\"nofollow noopener\" target=\"_blank\"> Los mecanismos de la directora del CNIO para controlar al personal y el dinero del centro <\/a>   <\/p>\n<p>    Fran S\u00e1nchez Becerril     Laura Camacho     Andrea Mu\u00f1oz   <\/p>\n<p> Pero aunque el Ministerio diese por comenzada \u201cuna\u00a0<strong>nueva etapa<\/strong>\u201d,\u00a0<strong>el centro ha vuelto a abrir un cap\u00edtulo<\/strong>\u00a0\u2013relacionado con el anterior\u2013 en su historia de esc\u00e1ndalos y est\u00e1 atravesando\u00a0<strong>una nueva crisis derivada de una denuncia presentada ante la fiscal\u00eda<\/strong>\u00a0que recoge un<a href=\"https:\/\/www.elconfidencial.com\/salud\/2025-11-20\/en-busca-de-los-6-millones-perdidos-en-2024-cnio_4250427\/\" target=\"_blank\" rel=\"nofollow noopener\">\u00a0da\u00f1o patrimonial de hasta 25 millones<\/a>\u00a0en las cuentas del centro.\u00a0 <\/p>\n<p> Como parte de esta denuncia,\u00a0<a href=\"https:\/\/www.elconfidencial.com\/salud\/2025-11-20\/en-busca-de-los-6-millones-perdidos-en-2024-cnio_4250427\/\" target=\"_blank\" rel=\"nofollow noopener\">El Confidencial<\/a>\u00a0ha ido desvelando esta semana flagrantes\u00a0acusaciones como los <a href=\"https:\/\/www.elconfidencial.com\/salud\/2025-11-20\/en-busca-de-los-6-millones-perdidos-en-2024-cnio_4250427\/\" target=\"_blank\" rel=\"nofollow noopener\">seis millones de euros &#8216;perdidos&#8217; en 2024<\/a>, c\u00f3mo\u00a0se habr\u00eda <a href=\"https:\/\/www.elconfidencial.com\/salud\/2025-11-23\/asi-se-habria-inflado-la-factura-tecnica-del-cnio_4252525\/\" target=\"_blank\" rel=\"nofollow noopener\">inflado la factura t\u00e9cnica\u00a0del centro<\/a>, las\u00a0<strong>empresas vinculadas a ex altos cargos<\/strong>\u00a0que se habr\u00edan llevado\u00a0<a href=\"https:\/\/www.elconfidencial.com\/salud\/2025-11-22\/cnio-millones-empleados-externalizados_4252484\/\" target=\"_blank\" rel=\"nofollow noopener\">contratos millonarios por personal externalizado<\/a>\u00a0o c\u00f3mo se habr\u00edan facturado\u00a0<a href=\"https:\/\/www.elconfidencial.com\/salud\/2025-11-24\/servicios-no-prestados-por-gedosol_4252568\/\" target=\"_blank\" rel=\"nofollow noopener\">servicios que realmente no se prestaron\u00a0<\/a>a la empresa de un ex alto cargo. <\/p>\n<p>              <img decoding=\"async\" class=\"inTextNews__img\" alt=\"Foto: Edificio del CNIO. (EFE)\" src=\"https:\/\/www.europesays.com\/es\/wp-content\/uploads\/2025\/11\/f.elconfidencial.com\/original\/12c\/3d3\/506\/12c3d3506aa017bf126bb6a17b92435e.jpg\"  \/>     <\/p>\n<p>TE PUEDE INTERESAR<\/p>\n<p>      <a class=\"inTextNews__title\" href=\"https:\/\/www.elconfidencial.com\/salud\/2025-11-23\/asi-se-habria-inflado-la-factura-tecnica-del-cnio_4252525\/\" onclick=\"window.ECCO.emit(&#039;amplitude&#039;, { dataEventName: &#039;click_related_article_module&#039;, data: { related_article_url: &#039;https:\/\/www.elconfidencial.com\/salud\/2025-11-23\/asi-se-habria-inflado-la-factura-tecnica-del-cnio_4252525\/&#039;, related_article_author: &#039;Fran S\u00e1nchez Becerril&#039;, related_article_section: &#039;salud&#039; } })\" rel=\"nofollow noopener\" target=\"_blank\"> Sobrecostes del 400%, empresas sat\u00e9lites y troceo de contratos: as\u00ed se habr\u00eda inflado la factura t\u00e9cnica del CNIO <\/a>   <\/p>\n<p>    Fran S\u00e1nchez Becerril   <\/p>\n<p> Tras conocer la existencia de la denuncia, que adelantaba El Mundo, el Ministerio recordaba que \u201c<strong>las cuentas del CNIO est\u00e1n auditadas anualmente<\/strong> por la <strong>Intervenci\u00f3n General del Estado<\/strong>, y en la actualidad, adem\u00e1s, el <strong>Tribunal de Cuentas<\/strong> est\u00e1 auditando los ejercicios correspondientes a los <strong>a\u00f1os 2022<\/strong>, <strong>2023 y 2024<\/strong>\u201d. Pero, al mismo tiempo, la instituci\u00f3n de Morant, convocaba un <strong>Patronato extraordinario del CNIO<\/strong> que tendr\u00e1 lugar en la ma\u00f1ana de este martes.  <\/p>\n<p> Con las decisiones que han tomado este martes, parece que, ahora s\u00ed que s\u00ed, <strong>el Ministerio abre una nueva etapa en el centro<\/strong>. \u00abEl Ministerio vuelve a manifiestar su respaldo a la <strong>excelencia cient\u00edfica del CNIO<\/strong> y la de sus investigadores e investigadoras, y recuerda que es una se\u00f1a de nuestra potencia investigadora en todo el mundo, hoy el <strong>primer centro de investigaci\u00f3n contra el c\u00e1ncer en Espa\u00f1a<\/strong>, y el <strong>segundo m\u00e1s importante de Europa<\/strong>. El objetivo del Ministerio ha sido, es y ser\u00e1 trabajar para <strong>garantizar la estabilidad y el futuro del CNIO<\/strong>, y apoyar su excelencia\u00bb, concluyen desde el organismo tras anunciar los ceses. <\/p>\n<p>            Los investigadores se desmarcan de la crisis           <\/p>\n<p> Precisamente este mi\u00e9rcoles, los cient\u00edficos del <strong>CNIO<\/strong> han mostrado su indignaci\u00f3n por la <strong>prolongada crisis institucional del centro<\/strong> que proyecta una imagen p\u00fablica que no representa su labor, aunque conf\u00edan en que la <strong>nueva direcci\u00f3n<\/strong> impulsar\u00e1 una etapa \u00abcaracterizada por la <strong>transparencia y la protecci\u00f3n del inter\u00e9s p\u00fablico<\/strong>\u00ab.  <\/p>\n<p> \u00abQueremos que la sociedad sepa que la <strong>comunidad investigadora del CNIO<\/strong> hemos seguido trabajando con la misma dedicaci\u00f3n de siempre, y que <strong>no permitiremos que pr\u00e1cticas ajenas a la ciencia enturbien nuestra labor<\/strong> ni la misi\u00f3n que nos mueve\u00bb, subraya el manifiesto \u00ab<strong>Por la Ciencia<\/strong>\u00ab, difundido este mi\u00e9rcoles por el <strong>personal cient\u00edfico y t\u00e9cnico del CNIO<\/strong>, al que ha tenido acceso EFE. <\/p>\n<p>                  <img decoding=\"async\" class=\"inTextNews__img\" alt=\"Foto: (EFE \/ J.J. Guill\u00e9n)\" src=\"https:\/\/www.europesays.com\/es\/wp-content\/uploads\/2025\/11\/f.elconfidencial.com\/original\/d53\/e56\/434\/d53e56434157d690ffbaca7157589bfe.jpg\"  \/>     <\/p>\n<p>TE PUEDE INTERESAR<\/p>\n<p>      <a class=\"inTextNews__title\" href=\"https:\/\/www.elconfidencial.com\/salud\/2025-11-24\/servicios-no-prestados-por-gedosol_4252568\/\" onclick=\"window.ECCO.emit(&#039;amplitude&#039;, { dataEventName: &#039;click_related_article_module&#039;, data: { related_article_url: &#039;https:\/\/www.elconfidencial.com\/salud\/2025-11-24\/servicios-no-prestados-por-gedosol_4252568\/&#039;, related_article_author: &#039;Fran S\u00e1nchez Becerril&#039;, related_article_section: &#039;salud&#039; } })\" rel=\"nofollow noopener\" target=\"_blank\"> As\u00ed se habr\u00edan facturado servicios que realmente no se prestaron a la empresa de un ex alto cargo del CNIO <\/a>   <\/p>\n<p>    Fran S\u00e1nchez Becerril   <\/p>\n<p> En el texto, los empleados del <a href=\"https:\/\/www.alimente.elconfidencial.com\/bienestar\/2024-12-13\/gobierno-cnio-medios-herramientas-investigacion_4023313\/\" target=\"_blank\" rel=\"nofollow noopener\">centro de investigaci\u00f3n<\/a> recuerdan que su <strong>trabajo se basa en el rigor<\/strong>, <strong>la integridad y el compromiso absoluto<\/strong> de avanzar en el <strong>conocimiento del c\u00e1ncer<\/strong> y contribuir al <strong>bienestar de la sociedad<\/strong>. <\/p>\n<p> \u00abCualquier irregularidad o <strong>falta de transparencia<\/strong> contraviene directamente este prop\u00f3sito y <strong>erosiona la confianza<\/strong> depositada en nuestra instituci\u00f3n\u00bb, advierten los empleados del CNIO. <\/p>\n<p>              <img decoding=\"async\" class=\"inTextNews__img\" alt=\"Foto: 13-denuncias-directora-del-cnio\" src=\"https:\/\/www.europesays.com\/es\/wp-content\/uploads\/2025\/11\/f.elconfidencial.com\/original\/64e\/3f1\/de4\/64e3f1de462de3d2519a1e5d2e279150.jpg\"  \/>     <\/p>\n<p>TE PUEDE INTERESAR<\/p>\n<p>      <a class=\"inTextNews__title\" href=\"https:\/\/www.elconfidencial.com\/bienestar\/2025-01-28\/13-denuncias-directora-del-cnio_4052159\/\" onclick=\"window.ECCO.emit(&#039;amplitude&#039;, { dataEventName: &#039;click_related_article_module&#039;, data: { related_article_url: &#039;https:\/\/www.elconfidencial.com\/bienestar\/2025-01-28\/13-denuncias-directora-del-cnio_4052159\/&#039;, related_article_author: &#039;Fran S\u00e1nchez Becerril,Laura Camacho,Andrea Mu\u00f1oz&#039;, related_article_section: &#039;bienestar&#039; } })\" rel=\"nofollow noopener\" target=\"_blank\"> Del \u00abracismo\u00bb a las \u00abhumillaciones\u00bb: las 13 denuncias de acoso a la directora del CNIO recogidas en un informe <\/a>   <\/p>\n<p>    Fran S\u00e1nchez Becerril     Laura Camacho     Andrea Mu\u00f1oz   <\/p>\n<p> Por todo ello, el manifiesto deja claro que \u00ab<strong>el deterioro institucional no refleja<\/strong>\u00bb ni su trabajo ni sus valores y valora que la <strong>nueva gerencia<\/strong> y la <strong>direcci\u00f3n cient\u00edfica<\/strong> del centro hayan iniciado un proceso para esclarecer las \u00ab<strong>posibles irregularidades<\/strong>\u00ab. <\/p>\n<p> \u00abConfiamos en que <strong>una nueva etapa consolide un CNIO m\u00e1s fuerte<\/strong>, m\u00e1s \u00e9tico y m\u00e1s capaz de responder a los desaf\u00edos del c\u00e1ncer. Los investigadores e investigadoras del CNIO seguimos firmes en nuestro compromiso con la <strong>excelencia cient\u00edfica<\/strong> y con la sociedad a la que servimos\u00bb, concluye el manifiesto. <\/p>\n<p> La <strong>Fiscal\u00eda Anticorrupci\u00f3n<\/strong> ha abierto una investigaci\u00f3n sobre las presuntas irregularidades en el <strong>Centro Nacional de Investigaciones Oncol\u00f3gicas<\/strong> (<strong>CNIO<\/strong>), organismo p\u00fablico dependiente del <strong>Ministerio de Ciencia<\/strong>.  <\/p>\n","protected":false},"excerpt":{"rendered":"La Fiscal\u00eda Anticorrupci\u00f3n ha abierto una investigaci\u00f3n sobre las presuntas irregularidades en el Centro Nacional de Investigaciones Oncol\u00f3gicas&hellip;\n","protected":false},"author":2,"featured_media":257396,"comment_status":"","ping_status":"","sticky":false,"template":"","format":"standard","meta":{"footnotes":""},"categories":[8],"tags":[17,18,25,24,13,14,11,19,20,9,10,15,16,23,12,21,22],"class_list":{"0":"post-257395","1":"post","2":"type-post","3":"status-publish","4":"format-standard","5":"has-post-thumbnail","7":"category-espana","8":"tag-breaking-news","9":"tag-breakingnews","10":"tag-es","11":"tag-espana","12":"tag-featured-news","13":"tag-featurednews","14":"tag-headlines","15":"tag-latest-news","16":"tag-latestnews","17":"tag-news","18":"tag-noticias","19":"tag-noticias-destacadas","20":"tag-noticiasdestacadas","21":"tag-spain","22":"tag-titulares","23":"tag-ultimas-noticias","24":"tag-ultimasnoticias"},"share_on_mastodon":{"url":"https:\/\/pubeurope.com\/@es\/115617938216955722","error":""},"_links":{"self":[{"href":"https:\/\/www.europesays.com\/es\/wp-json\/wp\/v2\/posts\/257395","targetHints":{"allow":["GET"]}}],"collection":[{"href":"https:\/\/www.europesays.com\/es\/wp-json\/wp\/v2\/posts"}],"about":[{"href":"https:\/\/www.europesays.com\/es\/wp-json\/wp\/v2\/types\/post"}],"author":[{"embeddable":true,"href":"https:\/\/www.europesays.com\/es\/wp-json\/wp\/v2\/users\/2"}],"replies":[{"embeddable":true,"href":"https:\/\/www.europesays.com\/es\/wp-json\/wp\/v2\/comments?post=257395"}],"version-history":[{"count":0,"href":"https:\/\/www.europesays.com\/es\/wp-json\/wp\/v2\/posts\/257395\/revisions"}],"wp:featuredmedia":[{"embeddable":true,"href":"https:\/\/www.europesays.com\/es\/wp-json\/wp\/v2\/media\/257396"}],"wp:attachment":[{"href":"https:\/\/www.europesays.com\/es\/wp-json\/wp\/v2\/media?parent=257395"}],"wp:term":[{"taxonomy":"category","embeddable":true,"href":"https:\/\/www.europesays.com\/es\/wp-json\/wp\/v2\/categories?post=257395"},{"taxonomy":"post_tag","embeddable":true,"href":"https:\/\/www.europesays.com\/es\/wp-json\/wp\/v2\/tags?post=257395"}],"curies":[{"name":"wp","href":"https:\/\/api.w.org\/{rel}","templated":true}]}}