{"id":257411,"date":"2025-11-26T20:54:12","date_gmt":"2025-11-26T20:54:12","guid":{"rendered":"https:\/\/www.europesays.com\/es\/257411\/"},"modified":"2025-11-26T20:54:12","modified_gmt":"2025-11-26T20:54:12","slug":"la-casa-en-directo-en-la-noche-del-miercoles-tras-sus-pesimas-audiencias","status":"publish","type":"post","link":"https:\/\/www.europesays.com\/es\/257411\/","title":{"rendered":"la casa en directo&#8217; en la noche del mi\u00e9rcoles tras sus p\u00e9simas audiencias"},"content":{"rendered":"\n<p> El desplome de <a href=\"https:\/\/www.elconfidencial.com\/television\/programas-tv\/2025-11-11\/gran-hermano-criticas-audiencia-fallos-24horas_4245594\/\" target=\"_blank\" rel=\"nofollow noopener\"><strong>Gran Hermano 20<\/strong><\/a> en Telecinco contin\u00faa marcando cambios dr\u00e1sticos en la parrilla de la cadena. Tras la <a href=\"https:\/\/www.elconfidencial.com\/television\/programas-tv\/2025-11-13\/telecinco-cancela-gran-hermano-la-vida-directo_4246901\/\" target=\"_blank\" rel=\"nofollow noopener\"><strong>cancelaci\u00f3n fulminante<\/strong><\/a> de GH: La vida en directo apenas tres emisiones despu\u00e9s de su estreno, Mediaset Espa\u00f1a ha decidido ahora <strong>retirar del <\/strong><strong>late night<\/strong><strong> del mi\u00e9rcoles otros dos programas sat\u00e9lite del <\/strong><strong>reality<\/strong>: Gran Hermano: \u00faltima hora y Gran Hermano: la casa en directo. <\/p>\n<p> Los datos que precipitaron esta decisi\u00f3n son claros: la semana pasada, <strong>Gran Hermano: \u00faltima hora<\/strong><strong> registr\u00f3 \u00fanicamente 201.000 espectadores y un 5,0% <\/strong>de share, mientras que <strong>Gran Hermano: la casa en directo<\/strong><strong> se qued\u00f3 en 129.000 espectadores y un 5,3%<\/strong>. Cifras que contrastan con la media de la temporada del reality, ya de por s\u00ed baja en sus galas principales, pero todav\u00eda por encima del doble d\u00edgito, y que evidencian el escaso inter\u00e9s del p\u00fablico en seguir estas emisiones complementarias a \u00faltima hora de la noche. <\/p>\n<p> Como medida provisional, Telecinco ha decidido reprogramar un refrito de La isla de las tentaciones para completar la noche tras la pen\u00faltima entrega de la primera temporada de La agencia. El canal a\u00fan no ha confirmado si mantendr\u00e1 esta doble apuesta <strong>en la noche del lunes, donde estos espacios est\u00e1n consiguiendo mejores registros<\/strong>: la \u00faltima semana, Gran Hermano: \u00faltima hora logr\u00f3 un 9,5% de share con 438.000 espectadores, y La casa en directo un 8,4% con 215.000 seguidores. <\/p>\n<p> <strong>El cierre de estos espacios sat\u00e9lite confirma la dificultad de Telecinco para mantener un universo extendido con el que reflotar<\/strong><strong> Gran Hermano 20<\/strong>. La estrategia de reforzar la presencia del reality con programas diarios y conexiones en directo con la casa hab\u00eda comenzado con GH: La vida en directo, que dur\u00f3 solo tres emisiones tras marcar cifras decepcionantes: 5,8%, 5,7% y 4,9% de share en sus tres primeros d\u00edas. Ahora, el intento de trasladar esa misma din\u00e1mica al late night ha sufrido un destino similar. <\/p>\n<p>                Ion Aramendi, en &#8216;Gran Hermano: el debate&#8217;. (Telecinco)            <\/p>\n<p> <strong>Programaci\u00f3n de Telecinco este mi\u00e9rcoles:<\/strong> <\/p>\n<ul class=\"bodyList bodyList--unordered\">\n<li class=\"bodyList__item\">21:45h: La isla de las tentaciones<\/li>\n<li class=\"bodyList__item\">23:00h: La agencia<\/li>\n<li class=\"bodyList__item\">00:45h: La isla de las tentaciones: el despertar<\/li>\n<\/ul>\n<p> Por el momento, las galas centrales de jueves y domingos, conducidas respectivamente por Jorge Javier V\u00e1zquez e Ion Aramendi, permanecen intactas y siguen siendo el epicentro del formato. Sin embargo,<strong> la cadena vuelve a evidenciar que extender <\/strong><strong>Gran Hermano <\/strong><strong>a m\u00faltiples franjas y programas no asegura audiencia.<\/strong> Tras los \u00faltimos traspi\u00e9s, Telecinco deber\u00e1 replantearse c\u00f3mo rentabilizar su hist\u00f3rica marca sin perder m\u00e1s espectadores ni recursos en proyectos que no conectan con el p\u00fablico. <\/p>\n<p> El desplome de <a href=\"https:\/\/www.elconfidencial.com\/television\/programas-tv\/2025-11-11\/gran-hermano-criticas-audiencia-fallos-24horas_4245594\/\" target=\"_blank\" rel=\"nofollow noopener\"><strong>Gran Hermano 20<\/strong><\/a> en Telecinco contin\u00faa marcando cambios dr\u00e1sticos en la parrilla de la cadena. Tras la <a href=\"https:\/\/www.elconfidencial.com\/television\/programas-tv\/2025-11-13\/telecinco-cancela-gran-hermano-la-vida-directo_4246901\/\" target=\"_blank\" rel=\"nofollow noopener\"><strong>cancelaci\u00f3n fulminante<\/strong><\/a> de GH: La vida en directo apenas tres emisiones despu\u00e9s de su estreno, Mediaset Espa\u00f1a ha decidido ahora <strong>retirar del <\/strong><strong>late night<\/strong><strong> del mi\u00e9rcoles otros dos programas sat\u00e9lite del <\/strong><strong>reality<\/strong>: Gran Hermano: \u00faltima hora y Gran Hermano: la casa en directo. <\/p>\n","protected":false},"excerpt":{"rendered":"El desplome de Gran Hermano 20 en Telecinco contin\u00faa marcando cambios dr\u00e1sticos en la parrilla de la cadena.&hellip;\n","protected":false},"author":2,"featured_media":257412,"comment_status":"","ping_status":"","sticky":false,"template":"","format":"standard","meta":{"footnotes":""},"categories":[171],"tags":[146,147,25,24,23,214],"class_list":{"0":"post-257411","1":"post","2":"type-post","3":"status-publish","4":"format-standard","5":"has-post-thumbnail","7":"category-tv","8":"tag-entertainment","9":"tag-entretenimiento","10":"tag-es","11":"tag-espana","12":"tag-spain","13":"tag-tv"},"share_on_mastodon":{"url":"https:\/\/pubeurope.com\/@es\/115617992939910807","error":""},"_links":{"self":[{"href":"https:\/\/www.europesays.com\/es\/wp-json\/wp\/v2\/posts\/257411","targetHints":{"allow":["GET"]}}],"collection":[{"href":"https:\/\/www.europesays.com\/es\/wp-json\/wp\/v2\/posts"}],"about":[{"href":"https:\/\/www.europesays.com\/es\/wp-json\/wp\/v2\/types\/post"}],"author":[{"embeddable":true,"href":"https:\/\/www.europesays.com\/es\/wp-json\/wp\/v2\/users\/2"}],"replies":[{"embeddable":true,"href":"https:\/\/www.europesays.com\/es\/wp-json\/wp\/v2\/comments?post=257411"}],"version-history":[{"count":0,"href":"https:\/\/www.europesays.com\/es\/wp-json\/wp\/v2\/posts\/257411\/revisions"}],"wp:featuredmedia":[{"embeddable":true,"href":"https:\/\/www.europesays.com\/es\/wp-json\/wp\/v2\/media\/257412"}],"wp:attachment":[{"href":"https:\/\/www.europesays.com\/es\/wp-json\/wp\/v2\/media?parent=257411"}],"wp:term":[{"taxonomy":"category","embeddable":true,"href":"https:\/\/www.europesays.com\/es\/wp-json\/wp\/v2\/categories?post=257411"},{"taxonomy":"post_tag","embeddable":true,"href":"https:\/\/www.europesays.com\/es\/wp-json\/wp\/v2\/tags?post=257411"}],"curies":[{"name":"wp","href":"https:\/\/api.w.org\/{rel}","templated":true}]}}