{"id":257413,"date":"2025-11-26T20:55:17","date_gmt":"2025-11-26T20:55:17","guid":{"rendered":"https:\/\/www.europesays.com\/es\/257413\/"},"modified":"2025-11-26T20:55:17","modified_gmt":"2025-11-26T20:55:17","slug":"cronica-y-fotos-de-till-lindemann-aesthetic-perfection-en-madrid","status":"publish","type":"post","link":"https:\/\/www.europesays.com\/es\/257413\/","title":{"rendered":"Cr\u00f3nica y fotos de TILL LINDEMANN + AESTHETIC PERFECTION en Madrid"},"content":{"rendered":"<p>\u00a0<\/p>\n<tr>\n<td>\n<img loading=\"lazy\" decoding=\"async\" src=\"https:\/\/www.europesays.com\/es\/wp-content\/uploads\/2025\/11\/1763923270_630_logo.png\" alt=\"TILL LINDEMANN\" width=\"300\" height=\"40\"\/>\n<\/td>\n<\/tr>\n<p align=\"center\"><strong>+ AESTHETIC PERFECTION<\/strong><\/p>\n<p align=\"center\"><strong>S\u00e1bado 15 de Noviembre de 2025 \u2013 Palacio Vistalegre \u2013 Madrid<\/strong><\/p>\n<p>Menudo fin de semana que nos esperaba en la capital, cargado de eventos para casi todos los gustos. La doble fecha de HELLOWEEN, HALESTORM y <strong>LINDEMANN<\/strong> se me vienen a la cabeza como principales reclamos. No s\u00e9 qu\u00e9 porcentaje de asistencia asistir\u00eda a cada cual, pero desde luego, el concierto del alem\u00e1n no fue el mejor parado en cuanto a afluencia de p\u00fablico, y quiz\u00e1s tenga que ver el hecho de que hace escasamente cuatro meses atr\u00e1s pudimos verle actuar por territorio nacional, concretamente en Cartagena. Ahora acaba de reeditar \u00abZunge\u00bb del 2023 como excusa para traernos este \u00abMeine Welt Tour\u00bb en el que a\u00f1adir\u00eda a su parrilla de conciertos uno en Barcelona y el de Madrid. Las sensaciones el pasado Junio, aunque con muchos matices, anexos y \u00abperos\u00bb, fueron positivas, y sigo arrepinti\u00e9ndome de no haber viajado para ver las actuaci\u00f3nes que realiz\u00f3 (ninguna en Espa\u00f1a) junto a <strong>Peter T\u00e4gtgren<\/strong>, porque hab\u00eda o\u00eddo maravillas de aquellas. Vamos\u2026 me gusta la carrera que <strong>Till<\/strong> se est\u00e1 forjando en paralelo a su banda madre, el gigante RAMMSTEIN, como tambi\u00e9n me parece m\u00e1s que interesante la de <strong>Richard Kruspe<\/strong> y sus Emigrate, asimil\u00e1ndose m\u00e1s la del vocalista estil\u00edsticamente a la que llevan lanzando desde el ya lejano \u00abHerzeleid\u00bb. Tras barajar mucho si asistir a las dos noches de las calabazas, disfrutar de la maravillosa voz de <strong>Lzzy Hale<\/strong> o volver a ver al alem\u00e1n, me decant\u00e9 por comprobar si el espect\u00e1culo que nos traer\u00eda en esta ocasi\u00f3n ser\u00eda muy diferente del de este verano.<\/p>\n<p>Desde las ocho de la ma\u00f1ana hab\u00eda gente esperando en la cola de Vistalegre (de buena tinta lo s\u00e9) para ver el concierto desde las primeras filas, en gran parte, propiciado por haber realizado un comunicado la organizaci\u00f3n que rezaba que todas aquellas personas que hubiesen comprado su ticket de grada, deber\u00edan acudir a pista, con lo que, algo nos hac\u00eda pensar que estar\u00edamos algo apretados. Puntualmente accedimos al recinto despu\u00e9s de sufrir la lluvia en la inmensa cola, y nos topamos de frente con un escenario muy sobrio, con un tel\u00f3n que cubr\u00eda la parte trasera del stage con el logo de los americanos <strong>AESTHETIC PERFECTION<\/strong>, as\u00ed como dos teclados laterales y la bater\u00eda en el centro. Kit que, curiosamente hab\u00eda sido ocupado en el pasado, en esta misma banda, por el gran <strong>Joe Letz<\/strong>, a qui\u00e9n ver\u00edamos despu\u00e9s con Lindemann y que ha grabado y girado con gente como Emigrate o Wednesday 13, entre muchos otros. La banda, creada nada menos que en el a\u00f1o 2000, con ocho discos de estudio en su haber, se compone actualmente del vocalista <strong>Daniel Graves<\/strong>, el bater\u00eda <strong>Mike Schopf <\/strong>y dos chicas multiinstrumentistas, <strong>Noizith<\/strong> y <strong>Lore Jarocinski<\/strong>, que practican lo que ellos mismos autodenominan \u00abIndependent Industrial Pop\u00bb\u2026 vamos, rizar el rizo, porque lo que escuchamos nada m\u00e1s empezar a sonar \u00abBad Vibes\u00bb del ep del 2024 del mismo nombre, es puro metal industrial con reminiscencias a bandas como MINISTRY, MARILYN MANSON, ROB ZOMBIE e igual te pueden llevar a pensar en unos GOTHMINISTER, que en unos THE PRODIGY, pero con una calidad musical abismal, un show muy ensayado y poderoso y una puesta en escena que no deja indiferente. <strong>Noizith<\/strong> no deja de patalear usando una indumentaria con tonos rosas, entre colegiala y militar, mientas que su compa\u00f1era, que igual cog\u00eda un bajo, que un guitarra, que se pasaba detr\u00e1s del teclado, no paraba de animar y moverse por el escenario.<\/p>\n<p>Su bater\u00eda <strong>Mike<\/strong> es un espect\u00e1culo visual, levantando los brazos hasta el cielo en cada baquetazo, y su l\u00edder, <strong>Daniel Graves<\/strong>, es un frontman incre\u00edblemente bueno, con un dominio de escenario brutal y una voz \u00e1gil en varias tesituras. Empezaron sonando de notable y para \u00abSEX\u00bb todos est\u00e1bamos con la mirada clavada en el escenario, anonadados con el gran sonido, el dominio de la electr\u00f3nica sobre todo lo dem\u00e1s, y un vocalista que no par\u00f3 en todo el concierto de animar al personal, con temas que realmente te hacen moverte a su ritmo. Lo curioso es que todav\u00eda no hab\u00edan presentado ning\u00fan tema de su nuevo disco, \u00abCloser to Human\u00bb, porque la siguiente en sonar ser\u00eda una \u00abRhythm + Control\u00bb en la que las dos chicas al frente no paraban de moverse al son del gran groove del tema, en el que <strong>Daniel<\/strong> nos sorprende con tonos mucho m\u00e1s pop, limpios y adictivos. El invento estaba gustando a los asistentes y se notaba, ya que apuesto que al menos el 80% de los que all\u00ed se encontraban, no conoc\u00edan a la banda. Volvieron al \u00abBad Vibes EP\u00bb con \u00abInto the Void\u00bb que podr\u00eda ser la banda sonora de cualquier pel\u00edcula slasher americana de los a\u00f1os 90, m\u00e1s oscura, cargada de elementos techno y una gran pegada, propiciada en su gran medida por <strong>Mike<\/strong>, que no para de atizarle buenos porrazos a su kit. Incluso me vinieron a la mente aquellos sensacionales THE KOVENANT y su \u00abAnimatronic\u00bb.<\/p>\n<p>Llegados a la mitad de su show, me sorprendi\u00f3 el toque humor\u00edstico de \u00abSummer Goth\u00bb y su ambiente veraniego te\u00f1ido de m\u00fasica industrial cuando su estribillo rompe, momento en que la banda tira al p\u00fablico pelotas de playa para que nos entretengamos mientras disfrutamos de su espect\u00e1culo, que en lo personal, me estaba pareciendo de lo m\u00e1s acorde y bien elegido para el cartel. La seriedad, y esa atm\u00f3sfera m\u00e1s af\u00edn a ROB ZOMBIE vuelve en \u00abSelf Inflicted\u00bb, aunque la voz de <strong>Graves<\/strong> vuelva a aterciopelarse, combin\u00e1ndose con tonos rasgados muy bien combinados. Tanto los dos teclados, como los instrumentos repartidos, eran vilmente ejecutados por las dos jefas de la alineaci\u00f3n, y nos demostraron que la noche podr\u00eda ser suya sin necesidad de telonear a nadie. La bailable y magn\u00e9tica \u00abWe Bring the Beat\u00bb pudo ser uno de los temas que m\u00e1s me removieron, ni qu\u00e9 decir que el riff de \u00abGods &amp; Gold\u00bb de \u00abInto the Black\u00bb (tema en el que colabor\u00f3 <strong>Richard Kruspe<\/strong> de Rammstein originalmente) de 2009 son\u00f3 atronador, embauc\u00e1ndonos con su accesible estribillo, y llev\u00e1ndonos a un final otro corte de ese mismo trabajo, \u00abLove Like Lies\u00bb, en el que <strong>Daniel<\/strong> nos incitaba a saltar, darlo todo y quedarnos con la idea de que <strong>AESTHETIC PERFECTION<\/strong> no solo hab\u00edan venido a cumplir, sino a arrasar. Ten\u00edan la dif\u00edcil tarea de agradar al ferviente p\u00fablico de <strong>Till<\/strong> y lo consiguieron con creces con un buen sonido, grandes momentos y una puesta en escena cuanto menos, impactante y trabajada. Habr\u00e1 que estar pendientes por si deciden pasar por alguna de nuestras salas.<\/p>\n<p>Un enorme tel\u00f3n que rezaba \u00abKill Till\u00bb, anunciando el \u00abMeine Welt Tour\u00bb tapaba lo que la crew iba cambiando en el escenario, preparando un nuevo campo de batalla para la siguiente fase. Una intro fue suficiente para que cayese el adorno al suelo y empez\u00e1semos a ver im\u00e1genes de personas con sobrepeso mover sus carnes en pantalla. Est\u00e1 claro que <strong>TILL LINDEMANN<\/strong> ha decidido abrir la noche con \u00abFat\u00bb de su \u00abSkills in Pills\u00bb, a diferencia de hacerlo con \u00abZunge\u00bb como el pasado verano. Observamos como en el escenario hay todo tipo de elementos\u2026 desde la cl\u00e1sica tarima central para la bater\u00eda, que en este caso veremos lateralmente, el teclado a la derecha, con una barra de \u00abpole dance\u00bb, y dos m\u00e1s al frente, micr\u00f3fonos qu\u00edntuples, plataformas m\u00f3viles y frontales, y una gran iluminaci\u00f3n. Todo apuntaba a un espect\u00e1culo de primera clase, sin escatimar en medios, que comenz\u00f3 saliendo toda la banda con m\u00e1scaras de <strong>Till<\/strong> al m\u00e1s puro estilo \u00abF&amp;M\u00bb e indumentaria militar de color oscuro, muy impactante, visual e industrial. El h\u00e9roe luce con una cresta, la cara pintada y un chorro de voz que apenas puede intuirse ante el exagerado sonido de bater\u00eda del gran <strong>Joe Letz<\/strong>, que, de nuevo, vuelve a repetir indumentaria, con unos pechos de goma, y una protesis bucal que nos deja ver sus dientes durante toda su estancia en el escenario. El sonido es realmente malo, mal\u00edsimo, desde donde yo me hallo, y resta muchos matices al resultado final, que se pierden en la nada. Tratan de suplir las fallas unas monjas pasaditas de peso que se quitan sus h\u00e1bitos para ense\u00f1arnos sus enormes culos y moverlos en los laterales, mientras no se escucha absolutamente nada del teclado de <strong>Brynn<\/strong> Route, el bajo de <strong>Kristin Kaminski<\/strong> es casi inexistente, y las guitarras de <strong>Emily Ruvidich <\/strong>y <strong>Danny Lohner<\/strong> tan solo pueden intuirse. Al menos, la voz de <strong>Lindemann<\/strong> es real, no como en el inicio de Cartagena\u2026 no obstante, el comienzo no pod\u00eda ser m\u00e1s accidentado. Lo que debe ser algo impactante se ve totalmente eclipsado por un sonido nada acorde a una banda de metal industrial, ni un artista de su tama\u00f1o, como s\u00ed lo hab\u00eda sido para <strong>AESTHETIC PERFECTION<\/strong>. Con la esperanza de que \u00abUnd die Engel singen\u00bb de \u00abZunge\u00bb remontase el sonido, volvemos a darnos de bruces con el mismo barullo. La caja de <strong>Joe<\/strong> suena exagerada, y <strong>Till<\/strong>, que ya se ha desprendido de la gabardina del inicio, sigue sinti\u00e9ndose demasiado d\u00e9bil, a pesar de que su particular timbre de voz sigue siendo inconfudible. En el estribillo es muy apoyado por el p\u00fablico, pero las deficiencias de sonido no dejan de apoderarse del show, que ahora cuenta, adem\u00e1s, con dos bailarinas que se elevan en plataformas laterales, frente a un juego de luces espectacular.<\/p>\n<p>De verdad me dio una rabia inmensa el comprobar como \u00abSchweiss\u00bb, uno de los mejores temas de su \u00faltimo trabajo, desmerece tant\u00edsimo en Madrid, aunque conseguimos disfrutarlo cuando todos levantamos el pu\u00f1o tratando de cantar con atino el bestial estribillo (es curioso el alem\u00e1n que gastamos los espa\u00f1oles). Alg\u00fan pie de micro que cae, y baquetas que vuelan detras de <strong>Letz<\/strong>, nos distraen mientras la vista se va a los distintos elementos que se mueven por el escenario, aunque la m\u00fasica no est\u00e9 siendo todo lo protagonista que debe. M\u00e1s me entristeci\u00f3 comprobar que, tras el anterior tema, del que dec\u00eda que era de lo mejor de \u00abZunge\u00bb, ahora le tocar\u00eda turno al mejor del mismo. En \u00abAlter Fleisch\u00bb, mostr\u00e1ndonos una vejez bastante desagradable en pantalla, podemos intuir d\u00e9bilmente los enormes acolches de teclado del tema por parte de una Brynn Route que no par\u00f3 de posar, subirse a\u00a0 la barra y hacer contorsionismo mientras maltrataba su instrumento. Las guitarras de <strong>Danny<\/strong> y <strong>Emily<\/strong> siguen en un nivel muy por debajo del resto, y esto empieza a darme miedo, porque generalmente el sonido en este tipo de conciertos, suele templar alrededor del tercer tema, y vamos por el cuarto. Por supuesto que es complicado no divertirse con \u00abGolden Shower\u00bb y su grotesco espect\u00e1culo visual, que ya se ha convertido en un himno del alem\u00e1n, y que todo el mundo cant\u00f3 con m\u00e1s acierto que las anteriores gracias a que su letra es en ingl\u00e9s, como tambi\u00e9n disfrut\u00e9 de otro de los grandes mazazos musicales del \u00faltimo \u00e1lbum como es \u00abSport Frei\u00bb, en cuyo v\u00eddeo el frontman posa sobre una dama que hace flexiones con \u00e9l encima, apareciendo despu\u00e9s como si fuese un rat\u00f3n en la rueda\u2026 \u00a1muy original el montaje de los v\u00eddeos!. Pero se sigue arrastrando un problema de sonido, que, al menos a m\u00ed, no me deja gozar del espect\u00e1culo como deber\u00eda. Ahora s\u00ed, la bonita \u00abTanzlehrerin\u00bb en la que un haz de luz proveniente de lo m\u00e1s alto envuelve a <strong>Till<\/strong> en tonos azulados, nos deja disfrutar de la profunda y sentida voz del vocalista, que, acompa\u00f1ado de una bailarina que dramatiza la actuaci\u00f3n, nos deja uno de los grandes momentos del show, al ser uno de los pocos en los que la m\u00fasica se pudo escuchar en todo su esplendor.<\/p>\n<tr>\n<td width=\"50%\">\n<a href=\"https:\/\/www.europesays.com\/es\/wp-content\/uploads\/2025\/11\/13.jpg\" title=\"TILL LINDEMANN - Palacio Vistalegre - Madrid\" rel=\"lightbox[till_lindeman]\" data-slb-active=\"1\" data-slb-asset=\"2030113311\" data-slb-internal=\"0\" data-slb-group=\"179932\"><img decoding=\"async\" src=\"https:\/\/www.europesays.com\/es\/wp-content\/uploads\/2025\/11\/13.jpg\" alt=\"TILL LINDEMANN - Palacio Vistalegre - Madrid\" width=\"200\"\/><\/a>\n<\/td>\n<td width=\"50%\">\n<a href=\"https:\/\/www.europesays.com\/es\/wp-content\/uploads\/2025\/11\/1764190516_429_14.jpg\" title=\"TILL LINDEMANN - Palacio Vistalegre - Madrid\" rel=\"lightbox[till_lindeman]\" data-slb-active=\"1\" data-slb-asset=\"1869492441\" data-slb-internal=\"0\" data-slb-group=\"179932\"><img decoding=\"async\" src=\"https:\/\/www.europesays.com\/es\/wp-content\/uploads\/2025\/11\/1764190516_429_14.jpg\" alt=\"TILL LINDEMANN - Palacio Vistalegre - Madrid\" width=\"200\"\/><\/a>\n<\/td>\n<\/tr>\n<p>Uno de los momentos m\u00e1s esperados lo trae una de las composiciones que grab\u00f3 <strong>Till<\/strong> junto al gran <strong>Peter<\/strong> en \u00abF&amp;M\u00bb con \u00abBlut\u00bb, que, sonando un poco m\u00e1s espaciada gracias a la menor saturaci\u00f3n de notas e instrumentaci\u00f3n, nos dej\u00f3 a todos calados de agua, al caer aut\u00e9nticas lluvias del techo cada vez que el estribillo aparec\u00eda. Terminamos todos con el pelo y la ropa empapados. Los m\u00fasicos, que ya se hab\u00edan desprendido de su indumentaria b\u00e9lica, no notar\u00edan el fr\u00edo bajo los focos\u2026 nosotros, que ven\u00edamos con el fr\u00edo y humedad de la calle, de las inmensas colas, tardamos un buen rato en volver a entrar en calor. En \u00abAllesfresser\u00bb del mismo \u00e1lbum, el que m\u00e1s disfrut\u00f3 fue Joe, que se baj\u00f3 de su tarima a tirarnos tartas, mostrarnos su culo, mientras llov\u00eda dulce, que al menos esta vez, no contaba con la nata cortada (como s\u00ed sucedi\u00f3 en Cartagena). En la controvertida \u00abProstitution\u00bb los bailes de barra fueron parte del espect\u00e1culo, para un tema que parece haber calado en el personal a juzgar por la reacci\u00f3n del p\u00fablico, claro que \u00abPraise Abort\u00bb, otro de los cl\u00e1sicos del \u00abSkills in Pills\u00bb, es uno de los m\u00e1s queridos, y la banda lo adorna subiendo en las plataformas a los guitarristas hasta el infinito, mientras a Lindemann se le va agotando el chorro de voz, que sigue escuch\u00e1ndose d\u00e9bil, aunque muy reforzada por un p\u00fablico que se lo estaba pasando en grande con la banda y la performance. Dando la importancia que se debe a la etapa <strong>Till<\/strong>\/<strong>Peter<\/strong>, \u00abPlatz Eins\u00bb sirvi\u00f3 para que el grandull\u00f3n saliese a paseo entre el p\u00fablico, aprovechando el tir\u00f3n para que tres plataformas volviesen a elevarse, dos de ellas con bailarinas, y la otra con Kristin Kaminski dando una lecci\u00f3n de limpieza tocando la l\u00ednea de bajo central del tema, jugando con el p\u00fablico y finalizando el tema con su aportaci\u00f3n. De \u00abZunge\u00bb son\u00f3 la tosca, dura e h\u00edper-industrial \u00abDu hast kein Herz\u00bb, con un riff muy RAMMSTEIN que nos dej\u00f3 ver a Till haciendo sus cl\u00e1sicas poses, poniendo sus t\u00edpicas caras y mejorando el sonido notablemente hasta llegar a la celebrad\u00edsima \u00abSkills in Pills\u00bb, en la que volvemos a ver el v\u00eddeo de la anterior gira\u2026 p\u00edldoras que entran en un ano, y desvar\u00edos que no pueden faltar en un concierto del alem\u00e1n.<\/p>\n<p>Uno de los temas m\u00e1s especiales de la actualidad m\u00e1s inmediata del m\u00fasico es la intensa \u00ab\u00dcbers Meer\u00bb, en la que pudimos disfrutar de mejor sonido, un juego de l\u00e1ser incre\u00edble, mientras la bater\u00eda de <strong>Joe<\/strong> y el teclado de <strong>Brynn<\/strong> se elevaban sobre el resto de los m\u00fasicos con grandes plataformas, en otro de los momentos m\u00e1s impactantes y visualmente bonitos de la noche, enlazando directamente con \u00abKnebel\u00bb y su parte el\u00e9ctrica, cuando rompe el tema con el riff y el grito de <strong>Till<\/strong>. Ech\u00e9 en falta el inicio de la composici\u00f3n \u00abin crescendo\u00bb con <strong>Lindemann<\/strong> teatralizando cada estrofa, para as\u00ed llegar a la esperada \u00abFish On\u00bb del debut. A <strong>Joe<\/strong> le ponen a cuatro patas mientras que del culo, o de vete t\u00fa a saber d\u00f3nde, le sacan alguna sustancia s\u00f3lida que tiran al p\u00fablico, mientras <strong>Till<\/strong> prepara una catapulta con la que nos lanzar\u00e1 pescado, finalizando su experiencia marinera con un pez m\u00e1s grande en la boca, que tambi\u00e9n caer\u00eda sobre los fans, que se lo estaban pasando de miedo tir\u00e1ndose pececitos unos a otros. Tras la controvertida \u00ab<strong>Ich hasse Kinder<\/strong>\u00ab, que tambi\u00e9n son\u00f3 potente, dura y menos saturada, \u00abEntre Dos Tierras\u00bb de H\u00e9roes del Silencio fue el final perfecto para que todos termin\u00e1semos cantando junto a la banda a grito pelado, en el \u00fanico momento en que el p\u00fablico pronunci\u00f3 algo debidamente. Un detalle musical que no ha sonado en toda la gira y que finaliz\u00f3 un show cargado de vaivenes, con muchos altibajos y un sonido que no convenci\u00f3 en absoluto hasta el tramo final del set.<\/p>\n<tr>\n<td width=\"50%\">\n<a href=\"https:\/\/www.europesays.com\/es\/wp-content\/uploads\/2025\/11\/16.jpg\" title=\"TILL LINDEMANN - Palacio Vistalegre - Madrid\" rel=\"lightbox[till_lindeman]\" data-slb-active=\"1\" data-slb-asset=\"605127388\" data-slb-internal=\"0\" data-slb-group=\"179932\"><img decoding=\"async\" src=\"https:\/\/www.europesays.com\/es\/wp-content\/uploads\/2025\/11\/16.jpg\" alt=\"TILL LINDEMANN - Palacio Vistalegre - Madrid\" width=\"200\"\/><\/a>\n<\/td>\n<td width=\"50%\">\n<a href=\"https:\/\/www.europesays.com\/es\/wp-content\/uploads\/2025\/11\/1764190517_771_15.jpg\" title=\"TILL LINDEMANN - Palacio Vistalegre - Madrid\" rel=\"lightbox[till_lindeman]\" data-slb-active=\"1\" data-slb-asset=\"410430050\" data-slb-internal=\"0\" data-slb-group=\"179932\"><img decoding=\"async\" src=\"https:\/\/www.europesays.com\/es\/wp-content\/uploads\/2025\/11\/1764190517_771_15.jpg\" alt=\"TILL LINDEMANN - Palacio Vistalegre - Madrid\" width=\"200\"\/><\/a>\n<\/td>\n<\/tr>\n<p>La banda se desped\u00eda sobre las plataformas m\u00f3viles, frente a una radiograf\u00eda de la cabeza de <strong>Till<\/strong> en movimiento, mientras, entre la gente que me encontraba, se escuchaban todo tipo de opiniones. Desde aquellos que se conformaron con pas\u00e1rselo en grande con la performance, a los que, siendo m\u00e1s exigentes, no consiguieron conectar del todo con el concierto por las carencias ya relatadas. A m\u00ed me cost\u00f3 disfrutar plenamente de uno de esos artistas a los que sigo habitualmente, porque cuando el sonido no acompa\u00f1a, es dif\u00edcil abstraerse de ello.<\/p>\n<p><strong>Texto: Jos\u00e9 Rojo<\/strong><\/p>\n<p><strong>Fotos: \u00d3scar Gil Escobar<\/strong><\/p>\n<p><strong>Para ver las fotos a mayor tama\u00f1o, pinchar sobre ellas.<\/strong><\/p>\n<p>\u00a0<\/p>\n<p>\u00a0<\/p>\n<p>\u00a0<\/p>\n","protected":false},"excerpt":{"rendered":"\u00a0 + AESTHETIC PERFECTION S\u00e1bado 15 de Noviembre de 2025 \u2013 Palacio Vistalegre \u2013 Madrid Menudo fin de&hellip;\n","protected":false},"author":2,"featured_media":257414,"comment_status":"","ping_status":"","sticky":false,"template":"","format":"standard","meta":{"footnotes":""},"categories":[170],"tags":[63719,146,147,25,24,184,185,23,63720],"class_list":{"0":"post-257413","1":"post","2":"type-post","3":"status-publish","4":"format-standard","5":"has-post-thumbnail","7":"category-musica","8":"tag-aesthetic-perfection","9":"tag-entertainment","10":"tag-entretenimiento","11":"tag-es","12":"tag-espana","13":"tag-music","14":"tag-musica","15":"tag-spain","16":"tag-till-lindemann"},"share_on_mastodon":{"url":"https:\/\/pubeurope.com\/@es\/115617997748815862","error":""},"_links":{"self":[{"href":"https:\/\/www.europesays.com\/es\/wp-json\/wp\/v2\/posts\/257413","targetHints":{"allow":["GET"]}}],"collection":[{"href":"https:\/\/www.europesays.com\/es\/wp-json\/wp\/v2\/posts"}],"about":[{"href":"https:\/\/www.europesays.com\/es\/wp-json\/wp\/v2\/types\/post"}],"author":[{"embeddable":true,"href":"https:\/\/www.europesays.com\/es\/wp-json\/wp\/v2\/users\/2"}],"replies":[{"embeddable":true,"href":"https:\/\/www.europesays.com\/es\/wp-json\/wp\/v2\/comments?post=257413"}],"version-history":[{"count":0,"href":"https:\/\/www.europesays.com\/es\/wp-json\/wp\/v2\/posts\/257413\/revisions"}],"wp:featuredmedia":[{"embeddable":true,"href":"https:\/\/www.europesays.com\/es\/wp-json\/wp\/v2\/media\/257414"}],"wp:attachment":[{"href":"https:\/\/www.europesays.com\/es\/wp-json\/wp\/v2\/media?parent=257413"}],"wp:term":[{"taxonomy":"category","embeddable":true,"href":"https:\/\/www.europesays.com\/es\/wp-json\/wp\/v2\/categories?post=257413"},{"taxonomy":"post_tag","embeddable":true,"href":"https:\/\/www.europesays.com\/es\/wp-json\/wp\/v2\/tags?post=257413"}],"curies":[{"name":"wp","href":"https:\/\/api.w.org\/{rel}","templated":true}]}}