{"id":257421,"date":"2025-11-26T20:59:13","date_gmt":"2025-11-26T20:59:13","guid":{"rendered":"https:\/\/www.europesays.com\/es\/257421\/"},"modified":"2025-11-26T20:59:13","modified_gmt":"2025-11-26T20:59:13","slug":"la-reina-letizia-recupera-la-tiara-cartier-la-favorita-de-la-reina-sofia-para-el-banquete-de-estado-ofrecido-al-presidente-aleman","status":"publish","type":"post","link":"https:\/\/www.europesays.com\/es\/257421\/","title":{"rendered":"La reina Letizia recupera la tiara Cartier, la favorita de la reina Sof\u00eda, para el banquete de estado ofrecido al presidente alem\u00e1n"},"content":{"rendered":"<p>El <a href=\"https:\/\/www.revistavanityfair.es\/articulos\/los-reyes-reciben-con-honores-al-presidente-de-alemania-y-a-su-esposa-en-el-palacio-real\" rel=\"nofollow noopener\" target=\"_blank\">presidente de Alemania y la primera dama eran recibidos esta ma\u00f1ana por los reyes en el Palacio Real<\/a> con una ceremonia de bienvenida, tras la cual, la <strong>reina Letizia<\/strong> y <strong>Elke B\u00fcdenbender<\/strong> dedicaban la jornada a tratar la situaci\u00f3n de la mujer en Espa\u00f1a y los avances en igualdad en una reuni\u00f3n. Despu\u00e9s volv\u00edan a encontrarse con <strong>Felipe VI<\/strong> y <strong>Frank-Walter Steinmeier<\/strong> para un almuerzo oficial en el palacio de la Zarzuela.<\/p>\n<p>Por la noche los reyes ejerc\u00edan de anfitriones en el banquete de estado ofrecido en el Palacio Real en honor al presidente alem\u00e1n y la primera dama. Estas cenas de gala son de las pocas ocasiones en las que podemos ver a la reina Letizia luciendo alguna de las piezas del joyero real y Letizia ha deslumbrado esta noche al rescatar una de las m\u00e1s especiales: <strong>la tiara Cartier.<\/strong><\/p>\n<p><img decoding=\"async\" alt=\"Reina Letizia\" loading=\"lazy\" class=\"ResponsiveImageContainer-eNxvmU cfBbTk responsive-image__image\"   src=\"https:\/\/www.europesays.com\/es\/wp-content\/uploads\/2025\/11\/DL_u595695_011.jpg\"\/><\/p>\n<p>gtres<\/p>\n<p>La tiara, de estilo art dec\u00f3, fue dise\u00f1ada por la casa francesa en 1920 para <a href=\"https:\/\/www.revistavanityfair.es\/articulos\/reina-victoria-eugenia-de-battenberg-exilio-intento-asesinato\" rel=\"nofollow noopener\" target=\"_blank\"><strong>la reina Victoria Eugenia<\/strong><\/a> y est\u00e1 realizada en platino, diamantes y perlas. Esta pieza no pertenece a las joyas del pasar y por eso la reina Victoria Eugenia dict\u00f3 que pasara tras su muerte a su hija <strong>Mar\u00eda Cristina de Borb\u00f3n y Battenberg<\/strong>. El rey em\u00e9rito la compr\u00f3 a\u00f1os m\u00e1s tarde a su t\u00eda y se convirti\u00f3 en una de las favoritas de la reina Sof\u00eda, quien la llev\u00f3 en m\u00e1s de 15 ocasiones. La reina Letizia la llev\u00f3 por primera vez en abril de 2018 con motivo de la visita de otro presidente, el portugu\u00e9s Marcelo Rebelo de Sousa.<\/p>\n<p>La tiara Cartier no hab\u00eda salido del joyero real desde hace 7 a\u00f1os y se ha convertido en absoluta protagonista del estilismo elegido hoy por la reina. Da la casualidad de que <a href=\"https:\/\/www.revistavanityfair.es\/articulos\/kimberley-tell-entrevista-serie-victoria-eugenia-ena\" rel=\"nofollow noopener\" target=\"_blank\">la serie que reivindica la figura de Victoria Eugenia protagonizada por Kimberly Bell<\/a> se ha estrenado hace dos d\u00eda en RTVE y ahora es la reina la que refuerza su actualidad con una de sus joyas m\u00e1s especiales. Esta tiara ha sido la estrella de un estilismo sobrio y sofisticado compuesto por un vestido de color negro largo, escote cuadrado y con forma de pico por detr\u00e1s que no le hab\u00edamos visto antes.<\/p>\n<p><img decoding=\"async\" alt=\"Reina Letizia\" loading=\"lazy\" class=\"ResponsiveImageContainer-eNxvmU cfBbTk responsive-image__image\"   src=\"https:\/\/www.europesays.com\/es\/wp-content\/uploads\/2025\/11\/DL_u595695_021.jpg\"\/><\/p>\n<p>gtres<\/p>\n","protected":false},"excerpt":{"rendered":"El presidente de Alemania y la primera dama eran recibidos esta ma\u00f1ana por los reyes en el Palacio&hellip;\n","protected":false},"author":2,"featured_media":257422,"comment_status":"","ping_status":"","sticky":false,"template":"","format":"standard","meta":{"footnotes":""},"categories":[91],"tags":[6042,146,147,25,24,1887,11440,23],"class_list":{"0":"post-257421","1":"post","2":"type-post","3":"status-publish","4":"format-standard","5":"has-post-thumbnail","7":"category-entretenimiento","8":"tag-casa-real","9":"tag-entertainment","10":"tag-entretenimiento","11":"tag-es","12":"tag-espana","13":"tag-familia-real-espanola","14":"tag-letizia-ortiz","15":"tag-spain"},"share_on_mastodon":{"url":"https:\/\/pubeurope.com\/@es\/115618013813237524","error":""},"_links":{"self":[{"href":"https:\/\/www.europesays.com\/es\/wp-json\/wp\/v2\/posts\/257421","targetHints":{"allow":["GET"]}}],"collection":[{"href":"https:\/\/www.europesays.com\/es\/wp-json\/wp\/v2\/posts"}],"about":[{"href":"https:\/\/www.europesays.com\/es\/wp-json\/wp\/v2\/types\/post"}],"author":[{"embeddable":true,"href":"https:\/\/www.europesays.com\/es\/wp-json\/wp\/v2\/users\/2"}],"replies":[{"embeddable":true,"href":"https:\/\/www.europesays.com\/es\/wp-json\/wp\/v2\/comments?post=257421"}],"version-history":[{"count":0,"href":"https:\/\/www.europesays.com\/es\/wp-json\/wp\/v2\/posts\/257421\/revisions"}],"wp:featuredmedia":[{"embeddable":true,"href":"https:\/\/www.europesays.com\/es\/wp-json\/wp\/v2\/media\/257422"}],"wp:attachment":[{"href":"https:\/\/www.europesays.com\/es\/wp-json\/wp\/v2\/media?parent=257421"}],"wp:term":[{"taxonomy":"category","embeddable":true,"href":"https:\/\/www.europesays.com\/es\/wp-json\/wp\/v2\/categories?post=257421"},{"taxonomy":"post_tag","embeddable":true,"href":"https:\/\/www.europesays.com\/es\/wp-json\/wp\/v2\/tags?post=257421"}],"curies":[{"name":"wp","href":"https:\/\/api.w.org\/{rel}","templated":true}]}}