{"id":257425,"date":"2025-11-26T21:01:15","date_gmt":"2025-11-26T21:01:15","guid":{"rendered":"https:\/\/www.europesays.com\/es\/257425\/"},"modified":"2025-11-26T21:01:15","modified_gmt":"2025-11-26T21:01:15","slug":"la-cnmv-autoriza-la-opa-de-neinor-sobre-aedas","status":"publish","type":"post","link":"https:\/\/www.europesays.com\/es\/257425\/","title":{"rendered":"la CNMV autoriza la opa de Neinor sobre Aedas"},"content":{"rendered":"<p>El regulador da su visto bueno a la operaci\u00f3n inmobiliaria m\u00e1s relevante del a\u00f1o que dar\u00e1 lugar a la mayor promotora de Espa\u00f1a. El Consejo de la Comisi\u00f3n Nacional del Mercado de Valores (CNMV) <b>ha autorizado, en su reuni\u00f3n de hoy, la oferta p\u00fablica voluntaria de adquisici\u00f3n de acciones de <\/b><a href=\"https:\/\/www.eleconomista.es\/empresa\/AEDAS-HOMES-BR-\" title=\"Aedas Homes, S.A.\" target=\"_blank\" rel=\"nofollow noopener\">Aedas<\/a><b> Homes formulada por <\/b><a href=\"https:\/\/www.eleconomista.es\/empresa\/NEINOR-HOMES\" title=\"Neinor Homes, S.A.\" target=\"_blank\" rel=\"nofollow noopener\">Neinor. <\/a>La oferta se dirige al 100% del capital social de Aedas, compuesto por 43.700.000 acciones.<\/p>\n<p>La contraprestaci\u00f3n ofrecida es de 21,335 euros por acci\u00f3n que se pagar\u00e1 en efectivo. \u00abAl tratarse de una oferta voluntaria, dicho precio no est\u00e1 sujeto a las reglas del precio equitativo en los t\u00e9rminos del art\u00edculo 110 de la Ley del Mercado de Valores y de los Servicios de Inversi\u00f3n y del art\u00edculo 9 del Real Decreto de opas\u00bb, explica el regulador.<\/p>\n<p><b>La efectividad de la oferta est\u00e1 sujeta<\/b> al cumplimiento de la condici\u00f3n de que<b> sea aceptada<\/b> por un m\u00ednimo de 32.775.001 acciones de Aedas, <b>representativas del 75% de su capital<\/b>. <b>Dicha condici\u00f3n se cumplir\u00e1 con la aceptaci\u00f3n por parte de Castlelake, titular del 79,02% <\/b>del capital social de Aedas, que se ha comprometido a aceptar la oferta de manera irrevocable.<\/p>\n<p>El regulador apunta que al tratarse de una oferta voluntaria a un precio no equitativo y haberse acordado a dicho precio la venta del 79,02% del capital,<b> si el n\u00famero de acciones que acepta la presente operaci\u00f3n representa menos del 50% de los derechos de voto de Aedas excluyendo los que correspondan a Castlelake, Neinor deber\u00e1 lanzar una nueva opa obligatoria<\/b>. Esa oferta ser\u00eda en efectivo a un precio equitativo y sin condiciones, dirigida a la totalidad del capital social de Aedas (excluyendo las que obren en poder del oferente).<\/p>\n<p><a href=\"https:\/\/www.eleconomista.es\/vivienda-inmobiliario\/noticias\/13656599\/11\/25\/neinor-desoye-a-la-cnmv-y-mantiene-el-precio-de-la-opa-sobre-aedas-pero-fija-en-24-euros-una-posible-oferta-obligatoria.html\" title=\"Neinor lanzar\u00e1 una segunda opa por Aedas a 24 euros solo para los minoritarios con una prima hist\u00f3rica del 12,5%\" rel=\"nofollow noopener\" target=\"_blank\">El oferente ya ha informado de que formular\u00e1 dicha opa a un precio de 24 euros por acci\u00f3n. <\/a> De cualquier forma, dicho precio estar\u00e1 sujeto a la autorizaci\u00f3n de la CNMV que se llevar\u00e1 a cabo, en su caso, cuando se autorice la opa obligatoria.<\/p>\n<p><b>Si la aceptaci\u00f3n de la oferta fuera a\u00fan superior,<\/b> y se dieran los requisitos de las compraventas forzosas (90% del capital con derecho de voto y 90% de los derechos de voto a los que se dirige), <b>Neinor declara en el folleto que exigir\u00eda la venta forzosa a todos los accionistas que estar\u00e1n obligados a vender<\/b> al precio de la oferta actual. En ese caso, las acciones de la sociedad quedar\u00e1n excluidas de negociaci\u00f3n a partir de la liquidaci\u00f3n de la operaci\u00f3n.<\/p>\n<p>En garant\u00eda de la operaci\u00f3n, el oferente ha presentado un dep\u00f3sito de efectivo indisponible de <b>500 millones de euros en Banco Santander<\/b> y dos avales por importe conjunto de <b>432.339.500 euros otorgados por Banco Santander y BBVA.<\/b><\/p>\n<p><b>El plazo de aceptaci\u00f3n ser\u00e1 de 15 d\u00edas naturales a partir del d\u00eda h\u00e1bil burs\u00e1til siguiente a la publicaci\u00f3n del primer anuncio<\/b> con los datos esenciales de la oferta, y finalizar\u00e1 tambi\u00e9n en d\u00eda h\u00e1bil burs\u00e1til.<\/p>\n<p>WhatsApp<a href=\"https:\/\/api.whatsapp.com\/send?text=https:\/\/www.eleconomista.es\/vivienda-inmobiliario\/noticias\/13663867\/11\/25\/luz-verde-a-la-mayor-promotora-espanola-la-cnmv-autoriza-la-opa-de-neinor-sobre-aedas.html?utm_source%3Dwhatsapp%26utm_medium%3Dshare_button&amp;id=1648118629957_whatsapp\" target=\"_blank\" data-action=\"share\/whatsapp\/share\" aria-label=\"Compartir en Whatsapp\" rel=\"nofollow noopener\"><\/a>Facebook<a id=\"fb-share\" href=\"#\" target=\"_blank\" rel=\"noopener noreferrer\" aria-label=\"Compartir en Facebook\"><\/a>Twitter<a href=\"https:\/\/twitter.com\/share?text=Luz+verde+a+la+mayor+promotora+espa%C3%B1ola%3A+la+CNMV+autoriza+la+opa+de+Neinor+sobre+Aedas&amp;url=https:\/\/www.eleconomista.es\/vivienda-inmobiliario\/noticias\/13663867\/11\/25\/luz-verde-a-la-mayor-promotora-espanola-la-cnmv-autoriza-la-opa-de-neinor-sobre-aedas.html&amp;via=elEconomistaes&amp;id=1648118839245_twitter\" target=\"_blank\" aria-label=\"Compartir en Twitter\" rel=\"nofollow noopener\"><\/a>Linkedin<a href=\"https:\/\/linkedin.com\/share?text=https:\/\/www.eleconomista.es\/vivienda-inmobiliario\/noticias\/13663867\/11\/25\/luz-verde-a-la-mayor-promotora-espanola-la-cnmv-autoriza-la-opa-de-neinor-sobre-aedas.html&amp;via=elEconomistaes\" target=\"_blank\" aria-label=\"Compartir en linkedin\" rel=\"nofollow noopener\"><\/a>Beloud<a href=\"https:\/\/beloud.com\/share?text=Luz+verde+a+la+mayor+promotora+espa%C3%B1ola%3A+la+CNMV+autoriza+la+opa+de+Neinor+sobre+Aedas&amp;url=https:\/\/www.eleconomista.es\/vivienda-inmobiliario\/noticias\/13663867\/11\/25\/luz-verde-a-la-mayor-promotora-espanola-la-cnmv-autoriza-la-opa-de-neinor-sobre-aedas.html&amp;via=elEconomistaes&amp;id=1648118839245_beloud\" target=\"_blank\" aria-label=\"Compartir en beloud\" rel=\"nofollow noopener\"><\/a>Bluesky<a href=\"https:\/\/bsky.app\/intent\/compose?text=https:\/\/bsky.app\/intent\/compose?text=https:\/\/www.eleconomista.es\/vivienda-inmobiliario\/noticias\/13663867\/11\/25\/luz-verde-a-la-mayor-promotora-espanola-la-cnmv-autoriza-la-opa-de-neinor-sobre-aedas.html&amp;url=https:\/\/www.eleconomista.es\/vivienda-inmobiliario\/noticias\/13663867\/11\/25\/luz-verde-a-la-mayor-promotora-espanola-la-cnmv-autoriza-la-opa-de-neinor-sobre-aedas.html&amp;via=elEconomistaes&amp;id=1648118839245_bluesky\" target=\"_blank\" aria-label=\"Compartir en bluesky\" rel=\"nofollow noopener\"><\/a><\/p>\n<p><script async src=\"https:\/\/platform.twitter.com\/widgets.js\" charset=\"utf-8\"><\/script><\/p>\n","protected":false},"excerpt":{"rendered":"El regulador da su visto bueno a la operaci\u00f3n inmobiliaria m\u00e1s relevante del a\u00f1o que dar\u00e1 lugar a&hellip;\n","protected":false},"author":2,"featured_media":248687,"comment_status":"","ping_status":"","sticky":false,"template":"","format":"standard","meta":{"footnotes":""},"categories":[80],"tags":[82,95,94,25,24,23,6218],"class_list":{"0":"post-257425","1":"post","2":"type-post","3":"status-publish","4":"format-standard","5":"has-post-thumbnail","7":"category-economia","8":"tag-business","9":"tag-economia","10":"tag-economy","11":"tag-es","12":"tag-espana","13":"tag-spain","14":"tag-vivienda-inmobiliario"},"share_on_mastodon":{"url":"https:\/\/pubeurope.com\/@es\/115618020381603165","error":""},"_links":{"self":[{"href":"https:\/\/www.europesays.com\/es\/wp-json\/wp\/v2\/posts\/257425","targetHints":{"allow":["GET"]}}],"collection":[{"href":"https:\/\/www.europesays.com\/es\/wp-json\/wp\/v2\/posts"}],"about":[{"href":"https:\/\/www.europesays.com\/es\/wp-json\/wp\/v2\/types\/post"}],"author":[{"embeddable":true,"href":"https:\/\/www.europesays.com\/es\/wp-json\/wp\/v2\/users\/2"}],"replies":[{"embeddable":true,"href":"https:\/\/www.europesays.com\/es\/wp-json\/wp\/v2\/comments?post=257425"}],"version-history":[{"count":0,"href":"https:\/\/www.europesays.com\/es\/wp-json\/wp\/v2\/posts\/257425\/revisions"}],"wp:featuredmedia":[{"embeddable":true,"href":"https:\/\/www.europesays.com\/es\/wp-json\/wp\/v2\/media\/248687"}],"wp:attachment":[{"href":"https:\/\/www.europesays.com\/es\/wp-json\/wp\/v2\/media?parent=257425"}],"wp:term":[{"taxonomy":"category","embeddable":true,"href":"https:\/\/www.europesays.com\/es\/wp-json\/wp\/v2\/categories?post=257425"},{"taxonomy":"post_tag","embeddable":true,"href":"https:\/\/www.europesays.com\/es\/wp-json\/wp\/v2\/tags?post=257425"}],"curies":[{"name":"wp","href":"https:\/\/api.w.org\/{rel}","templated":true}]}}