{"id":257426,"date":"2025-11-26T21:02:11","date_gmt":"2025-11-26T21:02:11","guid":{"rendered":"https:\/\/www.europesays.com\/es\/257426\/"},"modified":"2025-11-26T21:02:11","modified_gmt":"2025-11-26T21:02:11","slug":"moldavia-exhibio-un-dron-ruso-caido-tras-la-violacion-de-su-espacio-aereo-y-convoco-al-embajador-de-moscu","status":"publish","type":"post","link":"https:\/\/www.europesays.com\/es\/257426\/","title":{"rendered":"Moldavia exhibi\u00f3 un dron ruso ca\u00eddo tras la violaci\u00f3n de su espacio a\u00e9reo y convoc\u00f3 al embajador de Mosc\u00fa"},"content":{"rendered":"<p><img alt=\"El embajador ruso en Moldavia,\" class=\"global-image\" decoding=\"async\" fetchpriority=\"high\" height=\"2613\" loading=\"eager\" src=\"https:\/\/www.europesays.com\/es\/wp-content\/uploads\/2025\/11\/G5NNCQXNRRGM7MPC6IL5UIHDEE.jpg\" width=\"3747\"\/>El embajador ruso en Moldavia, Oleg Ozerov, observa un dron de fabricaci\u00f3n rusa recuperado por la polic\u00eda, expuesto en el Ministerio de Relaciones Exteriores moldavo. (Elena COVALENCO \/ AFP)<\/p>\n<p class=\"paragraph\"><b>Moldavia <\/b>exhibi\u00f3 el mi\u00e9rcoles un dron ruso que cay\u00f3 en su territorio frente a su Ministerio de Relaciones Exteriores, al tiempo que <b>convoc\u00f3 al enviado de Mosc\u00fa por el accidente<\/b>, en una cr\u00edtica abierta a la guerra de Rusia en la vecina Ucrania.<\/p>\n<p class=\"paragraph\">La peque\u00f1a rep\u00fablica ex sovi\u00e9tica, encajada entre <b>Ucrania<\/b> y <b>Ruman\u00eda<\/b>, miembro de la OTAN, ha sido testigo de <b>repetidas violaciones de su espacio a\u00e9reo<\/b> desde la invasi\u00f3n rusa de su vecina en 2022 y ha expulsado a decenas de diplom\u00e1ticos y empleados de la embajada rusa.<\/p>\n<p class=\"paragraph\">Tras convocar el mi\u00e9rcoles a <b>Oleg Ozerov<\/b>, embajador ruso en Chisinau, el Ministerio de Relaciones Exteriores de Moldavia <b>coloc\u00f3 el dron accidentado frente a su sede.<\/b><\/p>\n<p class=\"paragraph\">M\u00e1s tarde, el ministerio public\u00f3 un video en las redes sociales en el que se ve\u00eda a <b>Ozerov saliendo del edificio y pasando junto al dron marcado con una \u201cZ\u201d roja.<\/b><\/p>\n<p><img alt=\"Un dron ruso Gerbera, recuperado\" class=\"global-image\" decoding=\"async\" fetchpriority=\"low\" height=\"3384\" loading=\"lazy\" src=\"https:\/\/www.europesays.com\/es\/wp-content\/uploads\/2025\/11\/DGQVM23QI5A7LOK7ISV7BXL2IE.jpg\" width=\"5299\"\/>Un dron ruso Gerbera, recuperado por la polic\u00eda moldava, es exhibido en la entrada del Ministerio de Relaciones Exteriores de Moldavia (Elena COVALENCO \/ AFP)<\/p>\n<p class=\"paragraph\">El martes,<b> el dron hab\u00eda ca\u00eddo sobre una casa en un pueblo del noreste de Moldavia<\/b>, cerca de la frontera con Ucrania. Seg\u00fan el Gobierno, <b>un total de seis drones hab\u00edan violado el espacio a\u00e9reo de Moldavia.<\/b><\/p>\n<p class=\"paragraph\">El Ministerio de Relaciones Exteriores afirm\u00f3 que hab\u00eda entregado a Ozerov <b>\u201cuna nota de protesta por el sobrevuelo ilegal\u201d<\/b>, calific\u00e1ndolo de \u201ctotalmente inaceptable\u201d y \u201cuna grave violaci\u00f3n de la soberan\u00eda\u201d de Moldavia.<\/p>\n<p class=\"paragraph\">Cuando los medios de comunicaci\u00f3n locales le preguntaron por el dron accidentado, <b>Ozerov rest\u00f3 importancia al asunto <\/b>y cuestion\u00f3 por qu\u00e9 el dron se hab\u00eda encontrado en un tejado sin haber destruido nada.<\/p>\n<p class=\"paragraph\"><b>\u201c\u00bfSe lo creen?\u201c<\/b>, pregunt\u00f3, se\u00f1alando \u201clos numerosos intentos de da\u00f1ar nuestras relaciones con Moldavia, que ya se encuentran en su punto m\u00e1s bajo de la historia\u201d.<\/p>\n<p><img alt=\"El embajador ruso fue convocado\" class=\"global-image\" decoding=\"async\" fetchpriority=\"low\" height=\"3391\" loading=\"lazy\" src=\"https:\/\/www.europesays.com\/es\/wp-content\/uploads\/2025\/11\/QEBT66X275A7JGO7INHTBNYVQQ.jpg\" width=\"5061\"\/>El embajador ruso fue convocado tras una serie de incursiones de drones en el espacio a\u00e9reo del pa\u00eds, incluido uno que se estrell\u00f3 en el distrito de Floresti. (Elena COVALENCO \/ AFP)<\/p>\n<p class=\"paragraph\">El Gobierno proeuropeo de Moldavia anunci\u00f3 a principios de noviembre que hab\u00eda <b>aprobado un proyecto de ley para cerrar un centro cultural ruso, por considerarlo \u201cen absoluto cultural\u201d.<\/b><\/p>\n<p class=\"paragraph\">La medida fue condenada por el Kremlin y la oposici\u00f3n prorrusa en el pa\u00eds.<\/p>\n<p class=\"paragraph\"><b>El proyecto de ley est\u00e1 a la espera de la aprobaci\u00f3n definitiva del Parlamento<\/b>, mientras que el Gobierno tiene previsto cerrar el centro en el verano de 2026.<\/p>\n<p class=\"paragraph\">(Con informaci\u00f3n de AFP)<\/p>\n","protected":false},"excerpt":{"rendered":"El embajador ruso en Moldavia, Oleg Ozerov, observa un dron de fabricaci\u00f3n rusa recuperado por la polic\u00eda, expuesto&hellip;\n","protected":false},"author":2,"featured_media":257427,"comment_status":"","ping_status":"","sticky":false,"template":"","format":"standard","meta":{"footnotes":""},"categories":[42],"tags":[17,18,13,14,11,408,61,62,63,64,19,20,9,10,15,16,12,21,22,65,66,67],"class_list":{"0":"post-257426","1":"post","2":"type-post","3":"status-publish","4":"format-standard","5":"has-post-thumbnail","7":"category-internacional","8":"tag-breaking-news","9":"tag-breakingnews","10":"tag-featured-news","11":"tag-featurednews","12":"tag-headlines","13":"tag-horizontal","14":"tag-internacional","15":"tag-international","16":"tag-international-news","17":"tag-internationalnews","18":"tag-latest-news","19":"tag-latestnews","20":"tag-news","21":"tag-noticias","22":"tag-noticias-destacadas","23":"tag-noticiasdestacadas","24":"tag-titulares","25":"tag-ultimas-noticias","26":"tag-ultimasnoticias","27":"tag-world","28":"tag-world-news","29":"tag-worldnews"},"share_on_mastodon":{"url":"https:\/\/pubeurope.com\/@es\/115618024567544282","error":""},"_links":{"self":[{"href":"https:\/\/www.europesays.com\/es\/wp-json\/wp\/v2\/posts\/257426","targetHints":{"allow":["GET"]}}],"collection":[{"href":"https:\/\/www.europesays.com\/es\/wp-json\/wp\/v2\/posts"}],"about":[{"href":"https:\/\/www.europesays.com\/es\/wp-json\/wp\/v2\/types\/post"}],"author":[{"embeddable":true,"href":"https:\/\/www.europesays.com\/es\/wp-json\/wp\/v2\/users\/2"}],"replies":[{"embeddable":true,"href":"https:\/\/www.europesays.com\/es\/wp-json\/wp\/v2\/comments?post=257426"}],"version-history":[{"count":0,"href":"https:\/\/www.europesays.com\/es\/wp-json\/wp\/v2\/posts\/257426\/revisions"}],"wp:featuredmedia":[{"embeddable":true,"href":"https:\/\/www.europesays.com\/es\/wp-json\/wp\/v2\/media\/257427"}],"wp:attachment":[{"href":"https:\/\/www.europesays.com\/es\/wp-json\/wp\/v2\/media?parent=257426"}],"wp:term":[{"taxonomy":"category","embeddable":true,"href":"https:\/\/www.europesays.com\/es\/wp-json\/wp\/v2\/categories?post=257426"},{"taxonomy":"post_tag","embeddable":true,"href":"https:\/\/www.europesays.com\/es\/wp-json\/wp\/v2\/tags?post=257426"}],"curies":[{"name":"wp","href":"https:\/\/api.w.org\/{rel}","templated":true}]}}