{"id":257438,"date":"2025-11-26T21:13:09","date_gmt":"2025-11-26T21:13:09","guid":{"rendered":"https:\/\/www.europesays.com\/es\/257438\/"},"modified":"2025-11-26T21:13:09","modified_gmt":"2025-11-26T21:13:09","slug":"la-tenda-granota-reabre-tras-su-reforma-con-promociones-por-black-friday-levante-ud","status":"publish","type":"post","link":"https:\/\/www.europesays.com\/es\/257438\/","title":{"rendered":"La Tenda Granota reabre tras su reforma con promociones por Black Friday | Levante UD"},"content":{"rendered":"<p style=\"text-align: justify;\" data-start=\"229\" data-end=\"626\"><strong>La Tenda Granota, tienda oficial del Levante UD, estrena una nueva etapa tras un periodo de trabajos de reforma que permitir\u00e1n modernizar el espacio y mejorar la experiencia de quienes la visitan.\u00a0<\/strong><\/p>\n<p style=\"text-align: justify;\" data-start=\"229\" data-end=\"626\">Con motivo de su reapertura, el club ha preparado una serie de iniciativas especiales que se activar\u00e1n durante los pr\u00f3ximos d\u00edas, tanto en el establecimiento del Estadio Ciutat de Val\u00e8ncia como en <a style=\"color: rgb(0, 0, 238);\" href=\"https:\/\/tienda.levanteud.com\/es\/\" target=\"_blank\" rel=\"noopener nofollow\">el canal online<\/a>.\u00a0<\/p>\n<p style=\"text-align: justify;\" data-start=\"229\" data-end=\"626\">\u00a0<\/p>\n<p style=\"text-align: justify;\"><strong>Jueves, 27 de noviembre<\/strong><br \/>La tienda f\u00edsica del estadio <strong>permanecer\u00e1 cerrada durante toda la jornada<\/strong> para finalizar las \u00faltimas actuaciones de la reforma. Por su parte, la tienda online ofrecer\u00e1 descuentos del 25% para el p\u00fablico general y del 35% para los abonados\u00a0<strong>desde el jueves a las 00:00 hasta el viernes a las 23:59<\/strong>. Los abonados deber\u00e1n acceder con su usuario habitual para disfrutar de su descuento especial.<\/p>\n<p style=\"text-align: justify;\">\u00a0<\/p>\n<p style=\"text-align: justify;\"><strong>Viernes, 28 de noviembre<\/strong><br \/>La tienda f\u00edsica reabrir\u00e1 sus puertas con un horario especial ininterrumpido de 10:00 a 20:00 horas, coincidiendo con la campa\u00f1a de Black Friday. Los aficionados encontrar\u00e1n en el establecimiento los mismos descuentos disponibles en la tienda online.<\/p>\n<p style=\"text-align: justify;\">\u00a0<\/p>\n<p style=\"text-align: justify;\"><strong>S\u00e1bado, 29 de noviembre<\/strong><br \/>La tienda recuperar\u00e1 su horario habitual en una jornada en la que el club espera la visita de sus abonados y aficionados con motivo del importante encuentro frente al Athletic Club (18:30 h) en el Ciutat de Val\u00e8ncia.<\/p>\n<p style=\"text-align: justify;\">\u00a0<\/p>\n<p style=\"text-align: justify;\">El Levante UD agradece la comprensi\u00f3n de sus seguidores durante el periodo de reformas, y les invita a descubrir las novedades, aprovechar las promociones especiales de este fin de semana y mantenerse atentos a la pr\u00f3xima inauguraci\u00f3n oficial de la tienda renovada.\u00a0<\/p>\n","protected":false},"excerpt":{"rendered":"La Tenda Granota, tienda oficial del Levante UD, estrena una nueva etapa tras un periodo de trabajos de&hellip;\n","protected":false},"author":2,"featured_media":257439,"comment_status":"","ping_status":"","sticky":false,"template":"","format":"standard","meta":{"footnotes":""},"categories":[268],"tags":[168,25,24,280,282,281,23,167],"class_list":{"0":"post-257438","1":"post","2":"type-post","3":"status-publish","4":"format-standard","5":"has-post-thumbnail","7":"category-futbol","8":"tag-deportes","9":"tag-es","10":"tag-espana","11":"tag-football","12":"tag-futbol","13":"tag-soccer","14":"tag-spain","15":"tag-sports"},"share_on_mastodon":{"url":"https:\/\/pubeurope.com\/@es\/115618067606248406","error":""},"_links":{"self":[{"href":"https:\/\/www.europesays.com\/es\/wp-json\/wp\/v2\/posts\/257438","targetHints":{"allow":["GET"]}}],"collection":[{"href":"https:\/\/www.europesays.com\/es\/wp-json\/wp\/v2\/posts"}],"about":[{"href":"https:\/\/www.europesays.com\/es\/wp-json\/wp\/v2\/types\/post"}],"author":[{"embeddable":true,"href":"https:\/\/www.europesays.com\/es\/wp-json\/wp\/v2\/users\/2"}],"replies":[{"embeddable":true,"href":"https:\/\/www.europesays.com\/es\/wp-json\/wp\/v2\/comments?post=257438"}],"version-history":[{"count":0,"href":"https:\/\/www.europesays.com\/es\/wp-json\/wp\/v2\/posts\/257438\/revisions"}],"wp:featuredmedia":[{"embeddable":true,"href":"https:\/\/www.europesays.com\/es\/wp-json\/wp\/v2\/media\/257439"}],"wp:attachment":[{"href":"https:\/\/www.europesays.com\/es\/wp-json\/wp\/v2\/media?parent=257438"}],"wp:term":[{"taxonomy":"category","embeddable":true,"href":"https:\/\/www.europesays.com\/es\/wp-json\/wp\/v2\/categories?post=257438"},{"taxonomy":"post_tag","embeddable":true,"href":"https:\/\/www.europesays.com\/es\/wp-json\/wp\/v2\/tags?post=257438"}],"curies":[{"name":"wp","href":"https:\/\/api.w.org\/{rel}","templated":true}]}}