{"id":257440,"date":"2025-11-26T21:14:09","date_gmt":"2025-11-26T21:14:09","guid":{"rendered":"https:\/\/www.europesays.com\/es\/257440\/"},"modified":"2025-11-26T21:14:09","modified_gmt":"2025-11-26T21:14:09","slug":"isabel-jimenez-reconstruye-su-vida-asumiendo-en-solitario-su-futuro-personal-y-profesional","status":"publish","type":"post","link":"https:\/\/www.europesays.com\/es\/257440\/","title":{"rendered":"Isabel Jim\u00e9nez reconstruye su vida asumiendo en solitario su futuro personal y profesional"},"content":{"rendered":"<p id=\"paragraph_1\">La vida personal de <strong><a href=\"https:\/\/theobjective.com\/etiqueta\/isabel-jimenez\/\" rel=\"nofollow noopener\" target=\"_blank\">Isabel Jim\u00e9nez<\/a><\/strong> dio un vuelco inesperado el pasado mes de abril, cuando se hizo p\u00fablica la noticia de que su matrimonio, de <strong>16 a\u00f1os de duraci\u00f3n<\/strong>, hab\u00eda llegado a su fin. Hasta ese momento, la presentadora de Telecinco hab\u00eda mantenido una vida familiar estable, reservada y ajena al ruido medi\u00e1tico. <\/p>\n<p>Fiel a su car\u00e1cter discreto, Isabel Jim\u00e9nez afront\u00f3 este proceso con discreci\u00f3n. Acostumbrada a informar y no a convertirse en titular, se vio obligada a gestionar la exposici\u00f3n que conllevaba el final de su relaci\u00f3n con <strong>\u00c1lex Cruz<\/strong>, con quien tiene <strong>dos hijos<\/strong>, <strong>Hugo<\/strong> y <strong>Daniel<\/strong>. Desde el principio se insisti\u00f3 en que no hubo terceras personas ni un desgaste sentimental profundo, y que entre ambos reinaba la cordialidad. De hecho, suelen hacer escapadas en familia los cuatro juntos.<\/p>\n<p>Cambios empresariales<\/p>\n<p>Lo que no trascendi\u00f3 hasta m\u00e1s tarde fue que, un mes antes de hacerse p\u00fablica la ruptura, ya se hab\u00edan producido movimientos relevantes en el \u00e1mbito empresarial que compart\u00edan. En <strong>2015<\/strong>, un a\u00f1o despu\u00e9s de lanzar Slowlove junto a Sara Carbonero, Isabel Jim\u00e9nez cre\u00f3 junto a \u00c1lex la sociedad <strong>Con Alma y Lim\u00f3n S.L.<\/strong>, dedicada a la gesti\u00f3n de derechos de imagen. <\/p>\n<blockquote class=\"instagram-media\" data-instgrm-permalink=\"https:\/\/www.instagram.com\/p\/C9E5Ac2IYzC\/?utm_source=ig_embed&amp;utm_campaign=loading\" data-instgrm-version=\"14\" style=\" background:#FFF; border:0; border-radius:3px; box-shadow:0 0 1px 0 rgba(0,0,0,0.5),0 1px 10px 0 rgba(0,0,0,0.15); margin: 1px; max-width:540px; min-width:326px; padding:0; width:99.375%; width:-webkit-calc(100% - 2px); width:calc(100% - 2px);\"\/>\n<p>Seg\u00fan Investiga Pro, ambos comenzaron a desligarse tambi\u00e9n en lo profesional en <strong>marzo de 2023<\/strong>. El <strong>19 de marzo<\/strong> se formaliz\u00f3 la \u00abdeclaraci\u00f3n de unipersonalidad\u00bb, por la que Isabel pas\u00f3 a ser <strong>Socia \u00danica<\/strong>. Poco despu\u00e9s, el <strong>26 de marzo<\/strong>, <strong>se revoc\u00f3 el cargo de \u00c1lex como apoderado<\/strong>. La explicaci\u00f3n es clara: \u00abSe le quita formalmente la autorizaci\u00f3n para actuar en nombre de la empresa\u00bb, un paso que implica que \u00abesa persona pierde la facultad legal de firmar, contratar o representar a la empresa ante terceros\u00bb, recoge Jaleos. Un movimiento que confirma que tambi\u00e9n en el terreno empresarial ambos estaban cerrando cap\u00edtulos.<\/p>\n<p>Se llevan bien<\/p>\n<p>Pese a la ruptura, la relaci\u00f3n entre ambos es buena. Su prioridad contin\u00faa siendo la misma: sus hijos. Mantienen una din\u00e1mica cordial, quedan cuando es necesario, comparten momentos y acuden juntos a compromisos familiares para garantizar la estabilidad de los peque\u00f1os. <strong>Fue \u00c1lex quien dej\u00f3 la vivienda familiar cuando decidieron emprender caminos separados<\/strong>, y aunque en alg\u00fan momento se insinu\u00f3 la posibilidad de una reconciliaci\u00f3n, parece que nada m\u00e1s lejos de la realidad.<\/p>\n<p>                                                    <script async src=\"\/\/www.instagram.com\/embed.js\"><\/script><\/p>\n","protected":false},"excerpt":{"rendered":"La vida personal de Isabel Jim\u00e9nez dio un vuelco inesperado el pasado mes de abril, cuando se hizo&hellip;\n","protected":false},"author":2,"featured_media":257441,"comment_status":"","ping_status":"","sticky":false,"template":"","format":"standard","meta":{"footnotes":""},"categories":[174],"tags":[255,12703,2308,146,147,25,24,7900,256,563,64612,23,692],"class_list":{"0":"post-257440","1":"post","2":"type-post","3":"status-publish","4":"format-standard","5":"has-post-thumbnail","7":"category-famosos","8":"tag-celebrities","9":"tag-divorcio","10":"tag-empresas","11":"tag-entertainment","12":"tag-entretenimiento","13":"tag-es","14":"tag-espana","15":"tag-estilo-de-vida","16":"tag-famosos","17":"tag-hijos","18":"tag-isabel-jimu00e9nez","19":"tag-spain","20":"tag-telecinco"},"share_on_mastodon":{"url":"https:\/\/pubeurope.com\/@es\/115618076157709252","error":""},"_links":{"self":[{"href":"https:\/\/www.europesays.com\/es\/wp-json\/wp\/v2\/posts\/257440","targetHints":{"allow":["GET"]}}],"collection":[{"href":"https:\/\/www.europesays.com\/es\/wp-json\/wp\/v2\/posts"}],"about":[{"href":"https:\/\/www.europesays.com\/es\/wp-json\/wp\/v2\/types\/post"}],"author":[{"embeddable":true,"href":"https:\/\/www.europesays.com\/es\/wp-json\/wp\/v2\/users\/2"}],"replies":[{"embeddable":true,"href":"https:\/\/www.europesays.com\/es\/wp-json\/wp\/v2\/comments?post=257440"}],"version-history":[{"count":0,"href":"https:\/\/www.europesays.com\/es\/wp-json\/wp\/v2\/posts\/257440\/revisions"}],"wp:featuredmedia":[{"embeddable":true,"href":"https:\/\/www.europesays.com\/es\/wp-json\/wp\/v2\/media\/257441"}],"wp:attachment":[{"href":"https:\/\/www.europesays.com\/es\/wp-json\/wp\/v2\/media?parent=257440"}],"wp:term":[{"taxonomy":"category","embeddable":true,"href":"https:\/\/www.europesays.com\/es\/wp-json\/wp\/v2\/categories?post=257440"},{"taxonomy":"post_tag","embeddable":true,"href":"https:\/\/www.europesays.com\/es\/wp-json\/wp\/v2\/tags?post=257440"}],"curies":[{"name":"wp","href":"https:\/\/api.w.org\/{rel}","templated":true}]}}