{"id":257444,"date":"2025-11-26T21:17:15","date_gmt":"2025-11-26T21:17:15","guid":{"rendered":"https:\/\/www.europesays.com\/es\/257444\/"},"modified":"2025-11-26T21:17:15","modified_gmt":"2025-11-26T21:17:15","slug":"me-echa-para-atras-que-creas-en-dios","status":"publish","type":"post","link":"https:\/\/www.europesays.com\/es\/257444\/","title":{"rendered":"\u00bbMe echa para atr\u00e1s que creas en Dios\u00bb"},"content":{"rendered":"<p data-gtm-element-container=\"modulo-texto-link\" class=\"paragraph\">Las puertas del emblem\u00e1tico restaurante de <a href=\"https:\/\/www.lavanguardia.com\/television\/programacion-tv\/cuatro\" target=\"_blank\" rel=\"noopener noreferrer nofollow\">Cuatro<\/a> volv\u00edan a abrirse una noche m\u00e1s. Cada vez m\u00e1s personas deciden presentarse a First Dates con la ilusi\u00f3n de dejar atr\u00e1s su mala racha en el amor. El problema es que el amor no siempre llega cuando uno quiere.\u00a0<\/p>\n<p data-gtm-element-container=\"modulo-texto-link\" class=\"paragraph\">Uno de los protagonistas de la noche del mi\u00e9rcoles fue \u00c1ngel (30), un DJ y tatuador de Valencia que dej\u00f3 las cosas claras a su llegada: \u00bbHe perdido la fe y la esperanza en muchas cosas. Solo me queda creer en Dios. Si no fuese por eso, no s\u00e9 donde estar\u00eda\u00bb. El soltero declar\u00f3 que estaba buscando una relaci\u00f3n tradicional, sin terceras personas. \u00bbQuiero un ser de luz\u00bb, asegur\u00f3.\u00a0<\/p>\n<p>                <img loading=\"lazy\" decoding=\"async\" data-full-src=\"https:\/\/www.lavanguardia.com\/uploads\/2025\/11\/26\/6927641bddd1a.png\" alt=\"\u00c1ngel en 'First Dates'\" width=\"449\" height=\"243\" src=\"https:\/\/www.europesays.com\/es\/wp-content\/uploads\/2025\/11\/6927641bddd1a.png\" class=\"lazy\"\/><\/p>\n<p class=\"caption-title \">\u00c1ngel en &#8216;First Dates&#8217;<\/p>\n<p>                    Mediaset<\/p>\n<p data-gtm-element-container=\"modulo-texto-link\" class=\"paragraph\">La elegida para cenar con \u00e9l fue Sandra (23), un desempleada de Zaragoza que se defini\u00f3 como una chica &#8216;goti-choni-emo&#8217;. \u00bbNo tengo un estilo definido\u00bb, aclar\u00f3. La primera impresi\u00f3n entre ambos fue muy positiva. \u00bbMe ha gustado que sea de mi rollo\u00bb, confes\u00f3 el soltero. \u00bbMe ha molado su rollo. Me gusta su pelo y sus tatuajes\u00bb, declar\u00f3 la soltera.\u00a0<\/p>\n<p>        Lee tambi\u00e9n<\/p>\n<p>    Nerea Parraga Frutos<\/p>\n<p>             <img loading=\"lazy\" decoding=\"async\" data-full-src=\"https:\/\/www.lavanguardia.com\/uploads\/2025\/11\/25\/692615b2548eb.png\" alt=\"Sandra en 'First Dates'\" width=\"104\" height=\"108\" src=\"https:\/\/www.europesays.com\/es\/wp-content\/uploads\/2025\/11\/692615b2548eb.r_d.773-464.png\" class=\"lazy\"\/><\/p>\n<p data-gtm-element-container=\"modulo-texto-link\" class=\"paragraph\">Antes de pasar al interior del restaurante, los solteros se percataron que entre ellos hab\u00edan una diferencia de edad de siete a\u00f1os. Algo que no supuso problema para ninguno de los dos. Mientras esperaban la cena, la soltera confes\u00f3 que llevaba un tiempo sin trabajo. \u00bbYo estoy igual\u00bb, replic\u00f3 el soltero. \u00bbCuando me ha preguntado de qu\u00e9 trabajo, pensaba que me iba a cancelar. Pero cuando me ha dicho que el tambi\u00e9n est\u00e1 sin trabajo, he pensando &#8216;lo tuyo es peor porque tienes 30 a\u00f1os&#8217;. Yo puedo ser nini a\u00fan, pero \u00e9l&#8230;\u00bb, sentenci\u00f3 Sandra.\u00a0<\/p>\n<p>                <img loading=\"lazy\" decoding=\"async\" data-full-src=\"https:\/\/www.lavanguardia.com\/uploads\/2025\/11\/26\/69276651b90ec.png\" alt=\"Sandra y \u00c1ngel en 'First Dates'\" width=\"449\" height=\"244\" src=\"https:\/\/www.europesays.com\/es\/wp-content\/uploads\/2025\/11\/69276651b90ec.png\" class=\"lazy\"\/><\/p>\n<p class=\"caption-title \">Sandra y \u00c1ngel en &#8216;First Dates&#8217;<\/p>\n<p>                    Mediaset<\/p>\n<p data-gtm-element-container=\"modulo-texto-link\" class=\"paragraph\">Acto seguido, la soltera se interes\u00f3 por la vida sentimental de \u00c1ngel. \u00bbHe tenido tres novias\u00bb, confes\u00f3. \u00bbYo quiero borrar a unos cuantos ex. Tambi\u00e9n he tenido tres\u00bb, asegur\u00f3 Sandra. \u00bbYo tambi\u00e9n borrar\u00eda a alg\u00fan ex porque me ha tra\u00eddo m\u00e1s problemas que bendiciones\u00bb, replic\u00f3 el soltero.\u00a0<\/p>\n<p data-gtm-element-container=\"modulo-texto-link\" class=\"paragraph\">En un momento dado de la velada, \u00c1ngel se dio cuenta de que Sandra no paraba de rascarse la piel. Por ello, no dud\u00f3 en preguntar si le suced\u00eda algo. \u00bbMe voy a morir\u00bb, brome\u00f3 la soltera, antes de explicar que ten\u00eda soriasis. La situaci\u00f3n entre ambos dio un giro radical cuando el soltero confes\u00f3 ser cat\u00f3lico. \u00bbYo no creo en Dios. Tengo otras espiritualidades. Soy un poco bruja, tiro un poco m\u00e1s para lo sat\u00e1nico\u00bb, confes\u00f3 ella.\u00a0<\/p>\n<p>                <img loading=\"lazy\" decoding=\"async\" data-full-src=\"https:\/\/www.lavanguardia.com\/uploads\/2025\/11\/26\/692768a528789.png\" alt=\"Sandra en 'First Dates'\" width=\"449\" height=\"246\" src=\"https:\/\/www.europesays.com\/es\/wp-content\/uploads\/2025\/11\/692768a528789.png\" class=\"lazy\"\/><\/p>\n<p class=\"caption-title \">Sandra en &#8216;First Dates&#8217;<\/p>\n<p>                    Mediaset<\/p>\n<p data-gtm-element-container=\"modulo-texto-link\" class=\"paragraph\">Por si fuera poco, \u00c1ngel se defini\u00f3 como un hombre muy activo en el sexo. Algo que no encaj\u00f3 del todo con las expectativas de Sandra, quien dej\u00f3 entrever cierta incompatibilidad entre ambos: \u00bbA m\u00ed me gustan los chicos sumisos. Los activos no\u00bb. Por ello, la soltera fue clara en la decisi\u00f3n final. \u00bbNo quiero una segunda cita. Me echa para atr\u00e1s que creas en Dios y que seas activo\u00bb, sentenci\u00f3, dejando soltero completamente impactado.\u00a0<\/p>\n","protected":false},"excerpt":{"rendered":"Las puertas del emblem\u00e1tico restaurante de Cuatro volv\u00edan a abrirse una noche m\u00e1s. Cada vez m\u00e1s personas deciden&hellip;\n","protected":false},"author":2,"featured_media":257445,"comment_status":"","ping_status":"","sticky":false,"template":"","format":"standard","meta":{"footnotes":""},"categories":[171],"tags":[146,147,25,24,23,214],"class_list":{"0":"post-257444","1":"post","2":"type-post","3":"status-publish","4":"format-standard","5":"has-post-thumbnail","7":"category-tv","8":"tag-entertainment","9":"tag-entretenimiento","10":"tag-es","11":"tag-espana","12":"tag-spain","13":"tag-tv"},"share_on_mastodon":{"url":"https:\/\/pubeurope.com\/@es\/115618083829366796","error":""},"_links":{"self":[{"href":"https:\/\/www.europesays.com\/es\/wp-json\/wp\/v2\/posts\/257444","targetHints":{"allow":["GET"]}}],"collection":[{"href":"https:\/\/www.europesays.com\/es\/wp-json\/wp\/v2\/posts"}],"about":[{"href":"https:\/\/www.europesays.com\/es\/wp-json\/wp\/v2\/types\/post"}],"author":[{"embeddable":true,"href":"https:\/\/www.europesays.com\/es\/wp-json\/wp\/v2\/users\/2"}],"replies":[{"embeddable":true,"href":"https:\/\/www.europesays.com\/es\/wp-json\/wp\/v2\/comments?post=257444"}],"version-history":[{"count":0,"href":"https:\/\/www.europesays.com\/es\/wp-json\/wp\/v2\/posts\/257444\/revisions"}],"wp:featuredmedia":[{"embeddable":true,"href":"https:\/\/www.europesays.com\/es\/wp-json\/wp\/v2\/media\/257445"}],"wp:attachment":[{"href":"https:\/\/www.europesays.com\/es\/wp-json\/wp\/v2\/media?parent=257444"}],"wp:term":[{"taxonomy":"category","embeddable":true,"href":"https:\/\/www.europesays.com\/es\/wp-json\/wp\/v2\/categories?post=257444"},{"taxonomy":"post_tag","embeddable":true,"href":"https:\/\/www.europesays.com\/es\/wp-json\/wp\/v2\/tags?post=257444"}],"curies":[{"name":"wp","href":"https:\/\/api.w.org\/{rel}","templated":true}]}}