{"id":257454,"date":"2025-11-26T21:22:14","date_gmt":"2025-11-26T21:22:14","guid":{"rendered":"https:\/\/www.europesays.com\/es\/257454\/"},"modified":"2025-11-26T21:22:14","modified_gmt":"2025-11-26T21:22:14","slug":"muere-la-influencer-y-cantante-de-la-rosa-de-22-anos-en-un-tiroteo-en-los-angeles","status":"publish","type":"post","link":"https:\/\/www.europesays.com\/es\/257454\/","title":{"rendered":"Muere la &#8216;influencer&#8217; y cantante De la Rosa, de 22 a\u00f1os, en un tiroteo en Los \u00c1ngeles"},"content":{"rendered":"<p id=\"ev028qBbZR\" data-wc=\"98\">La influencer <strong>Mar\u00eda de la Rosa<\/strong>, conocida art\u00edsticamente como De la Rosa<strong>, ha muerto durante un tiroteo en el barrio de Northridge, en Los \u00c1ngeles<\/strong>, tal y como ha confirmado TMZ. \u00a0Seg\u00fan diversos reportes y testigos, dos hombres se acercaron a un veh\u00edculo estacionado en la calle Bryant Street y <strong>abrieron fuego sin previo aviso <\/strong>contra las personas que hab\u00eda en el interior del coche, entre ellas Mar\u00eda de la Rosa, quien fue trasladada de urgencia a un hospital donde nada pudieron hacer por salvarle la vida. Los otros dos ocupantes del veh\u00edculo se encuentran en estado cr\u00edtico.<\/p>\n<p> <img src=\"https:\/\/www.europesays.com\/es\/wp-content\/uploads\/2025\/11\/e2d6f9f7d621-maria-de-la-rosa-ig2.jpg\"   width=\"823\" height=\"1024\" loading=\"lazy\" decoding=\"async\" alt=\"Muere la 'influencer' Mar\u00eda de la Rosa a los 22 a\u00f1os en un tiroteo en Los \u00c1ngeles\" fetchpriority=\"auto\" class=\"image ho-image\"\/>\u00a9 delarosaaaaMuere la &#8216;influencer&#8217; Mar\u00eda de la Rosa a los 22 a\u00f1os en un tiroteo en Los \u00c1ngeles<\/p>\n<p id=\"e1CBEF9kV9_\" data-wc=\"57\">El ataque fue descrito por la polic\u00eda como una posible emboscada y hasta el momento no hay detenidos ni se conocen los motivos del tiroteo. Mar\u00eda de la Rosa hab\u00eda publicado en agosto<strong>\u00a0su primera canci\u00f3n\u00a0<\/strong><strong>No me llames\u00a0<\/strong>y era seguida por m\u00e1s de 40.000 personas en Instagram, donde mostraba su faceta como cantante e\u00a0influencer.<\/p>\n<p id=\"eVr76Usnf9E\" data-wc=\"62\">Las redes sociales se han llenado de mensajes de condolencia por parte de figuras de la industria musical y seguidores que lamentan su tr\u00e1gica p\u00e9rdida, como el productor musical <strong>J<\/strong><strong>immy Humilde, Juan Mois\u00e9s,\u00a0<\/strong>el cantante principal de Los Gemelos de Sinaloa, y el productor musical e ingeniero<strong>\u00a0Times J Mart\u00ednez,<\/strong> quien ha lamentado lo ocurrido: \u00abMe duele que haya sido con violencia\u201d.\u00a0<\/p>\n<p> <img src=\"https:\/\/www.europesays.com\/es\/wp-content\/uploads\/2025\/11\/694111d34c52-maria-de-la-rosa-ig.jpg\"   width=\"819\" height=\"1024\" loading=\"lazy\" decoding=\"async\" alt=\"Muere la 'influencer' Mar\u00eda de la Rosa a los 22 a\u00f1os en un tiroteo en Los \u00c1ngeles\" fetchpriority=\"auto\" class=\"image ho-image\"\/>\u00a9 delarosaaaaDe la Rosa a los 22 a\u00f1os en un tiroteo en Los \u00c1ngeles<\/p>\n<p id=\"eT5qx3OOey\" data-wc=\"59\">El Departamento de Polic\u00eda de Los \u00c1ngeles contin\u00faa con la investigaci\u00f3n del caso y ha pedido a cualquier persona que tenga informaci\u00f3n relevante que se comunique con ellos para ayudar a esclarecer el crimen. El fallecimiento ha causado conmoci\u00f3n por la violencia del acto y la juventud de la cantante e influencer que comenzaba a consolidar su carrera art\u00edstica.<\/p>\n","protected":false},"excerpt":{"rendered":"La influencer Mar\u00eda de la Rosa, conocida art\u00edsticamente como De la Rosa, ha muerto durante un tiroteo en&hellip;\n","protected":false},"author":2,"featured_media":257455,"comment_status":"","ping_status":"","sticky":false,"template":"","format":"standard","meta":{"footnotes":""},"categories":[91],"tags":[517,146,147,25,24,2183,23],"class_list":{"0":"post-257454","1":"post","2":"type-post","3":"status-publish","4":"format-standard","5":"has-post-thumbnail","7":"category-entretenimiento","8":"tag-actualidad","9":"tag-entertainment","10":"tag-entretenimiento","11":"tag-es","12":"tag-espana","13":"tag-influencers","14":"tag-spain"},"share_on_mastodon":{"url":"https:\/\/pubeurope.com\/@es\/115618103464500686","error":""},"_links":{"self":[{"href":"https:\/\/www.europesays.com\/es\/wp-json\/wp\/v2\/posts\/257454","targetHints":{"allow":["GET"]}}],"collection":[{"href":"https:\/\/www.europesays.com\/es\/wp-json\/wp\/v2\/posts"}],"about":[{"href":"https:\/\/www.europesays.com\/es\/wp-json\/wp\/v2\/types\/post"}],"author":[{"embeddable":true,"href":"https:\/\/www.europesays.com\/es\/wp-json\/wp\/v2\/users\/2"}],"replies":[{"embeddable":true,"href":"https:\/\/www.europesays.com\/es\/wp-json\/wp\/v2\/comments?post=257454"}],"version-history":[{"count":0,"href":"https:\/\/www.europesays.com\/es\/wp-json\/wp\/v2\/posts\/257454\/revisions"}],"wp:featuredmedia":[{"embeddable":true,"href":"https:\/\/www.europesays.com\/es\/wp-json\/wp\/v2\/media\/257455"}],"wp:attachment":[{"href":"https:\/\/www.europesays.com\/es\/wp-json\/wp\/v2\/media?parent=257454"}],"wp:term":[{"taxonomy":"category","embeddable":true,"href":"https:\/\/www.europesays.com\/es\/wp-json\/wp\/v2\/categories?post=257454"},{"taxonomy":"post_tag","embeddable":true,"href":"https:\/\/www.europesays.com\/es\/wp-json\/wp\/v2\/tags?post=257454"}],"curies":[{"name":"wp","href":"https:\/\/api.w.org\/{rel}","templated":true}]}}