{"id":257468,"date":"2025-11-26T21:35:13","date_gmt":"2025-11-26T21:35:13","guid":{"rendered":"https:\/\/www.europesays.com\/es\/257468\/"},"modified":"2025-11-26T21:35:13","modified_gmt":"2025-11-26T21:35:13","slug":"parte-medico-de-la-lesion-y-tiempo-de-baja-de-braxton-key","status":"publish","type":"post","link":"https:\/\/www.europesays.com\/es\/257468\/","title":{"rendered":"Parte m\u00e9dico de la lesi\u00f3n y tiempo de baja de Braxton Key"},"content":{"rendered":"<p class=\"ft-text\"><a class=\"ft-link ft-link--decoration\" href=\"https:\/\/www.superdeporte.es\/valencia-basket\/2025\/11\/25\/valencia-basket-bayern-munich-euroliga-directo-124118009.html\" rel=\"nofollow noopener\" target=\"_blank\">La victoria de Valencia Basket ante el Bayern Munchen<\/a> del pasado martes dej\u00f3 una mala noticia en clave taronja. Braxton Key, la \u00faltima incorporaci\u00f3n del equipo de Pedro Mart\u00ednez, <strong>tuvo que abandonar la pista del Roig Arena antes de tiempo al resentirse de unas molestias en su rodilla derecha tras un mal gesto durante un lance del juego. El jugador norteamericano ya no pudo regresar a pista. <\/strong><\/p>\n<p class=\"ft-text\">Este mi\u00e9rcoles, <a class=\"ft-link ft-link--decoration\" href=\"https:\/\/www.superdeporte.es\/valencia-basket\/2025\/11\/25\/braxton-key-piensa-lesion-grave-124125488.html\" rel=\"nofollow noopener\" target=\"_blank\">Key se ha sometido a las pertinentes pruebas m\u00e9dicas <\/a>para conocer el alcance del problema f\u00edsico y, una vez conocidos los resultados, <strong>Valencia Basket ha emitido un comunicado en el que indica que el jugador necesitar\u00e1 un proceso de recuperaci\u00f3n pero descarta una lesi\u00f3n grave.<\/strong><\/p>\n<p><img decoding=\"async\" src=\"https:\/\/www.europesays.com\/es\/wp-content\/uploads\/2025\/11\/07f0c62e-f9d1-44b6-81a7-d0ef7c3f3261_alta-libre-aspect-ratio_default_0.jpg\" width=\"1200\" height=\"674\" alt=\"Braxton Key\" class=\"ft-helper-img-rd\" loading=\"lazy\"\/><\/p>\n<p class=\"ft-helper-fontColor-quaternary ft-helper-fontSize-body-S ft-helper-spacer-t-xxs\">Braxton Key  \/ VBC<\/p>\n<p>Comunicado \u00edntegro de Valencia Basket<\/p>\n<p class=\"ft-text\"><a class=\"ft-link ft-link--decoration themonetise\" href=\"https:\/\/www.valenciabasket.com\/parte-medico-braxton-key\" rel=\"nofollow sponsored noopener\" target=\"_blank\">El ala-p\u00edvot de Valencia Basket Braxton Key <\/a>tuvo que retirarse en el \u00faltimo cuarto del partido de anoche ante el FC Bayern Munich tras realizar un mal gesto en su rodilla derecha como consecuencia de una ca\u00edda en un lance del juego.<\/p>\n<p class=\"ft-text\">Las pruebas realizadas esta ma\u00f1ana al jugador en el hospital Quir\u00f3nsalud Valencia han descartado una lesi\u00f3n de gravedad, aunque Key necesitar\u00e1 realizar un proceso de rehabilitaci\u00f3n antes de reincorporarse a los entrenamientos del equipo.<\/p>\n<p class=\"ft-text\">Ser\u00e1 la evoluci\u00f3n de esta dolencia la que marque su disponibilidad para volver al trabajo con el resto de sus compa\u00f1eros.<\/p>\n<p>Rotaci\u00f3n y defensa<\/p>\n<p class=\"ft-text\">Desde su llegada, <a class=\"ft-link ft-link--decoration\" href=\"https:\/\/www.superdeporte.es\/valencia-basket\/2025\/11\/04\/relacion-familiar-braxton-key-antigua-123315894.html\" rel=\"nofollow noopener\" target=\"_blank\">Braxton Key ha cumplido con un papel importante en el equipo<\/a>, contando con minutos importantes y <strong>aportando, sobre todo, prestaciones en la defensa del equipo de Pedro Mart\u00ednez.<\/strong><\/p>\n<p><strong>Un par\u00f3n en el mejor mo<\/strong>mento<\/p>\n<p class=\"ft-text\">La buena noticia para Braxton Key y Valencia Basket es que la lesi\u00f3n llega justo antes de un par\u00f3n por compromisos internacionales. <strong>El conjunto taronja no vuelve a disputar un partido hasta el cinco de diciembre, de Euroliga ante Panathinaikos, por lo que existe cierto margen para que el jugador se recupere.<\/strong><\/p>\n","protected":false},"excerpt":{"rendered":"La victoria de Valencia Basket ante el Bayern Munchen del pasado martes dej\u00f3 una mala noticia en clave&hellip;\n","protected":false},"author":2,"featured_media":217424,"comment_status":"","ping_status":"","sticky":false,"template":"","format":"standard","meta":{"footnotes":""},"categories":[269],"tags":[299,298,55655,58256,168,25,24,55656,8252,12753,863,12326,5699,23,167,2752,235,2916,59395],"class_list":{"0":"post-257468","1":"post","2":"type-post","3":"status-publish","4":"format-standard","5":"has-post-thumbnail","7":"category-baloncesto","8":"tag-baloncesto","9":"tag-basketball","10":"tag-braxton","11":"tag-braxton-key","12":"tag-deportes","13":"tag-es","14":"tag-espana","15":"tag-key","16":"tag-lesion","17":"tag-medico","18":"tag-parte","19":"tag-pedro-martinez","20":"tag-rehabilitacion","21":"tag-spain","22":"tag-sports","23":"tag-trabajo","24":"tag-valencia","25":"tag-valencia-basket","26":"tag-valenciabasket"},"share_on_mastodon":{"url":"https:\/\/pubeurope.com\/@es\/115618154355450598","error":""},"_links":{"self":[{"href":"https:\/\/www.europesays.com\/es\/wp-json\/wp\/v2\/posts\/257468","targetHints":{"allow":["GET"]}}],"collection":[{"href":"https:\/\/www.europesays.com\/es\/wp-json\/wp\/v2\/posts"}],"about":[{"href":"https:\/\/www.europesays.com\/es\/wp-json\/wp\/v2\/types\/post"}],"author":[{"embeddable":true,"href":"https:\/\/www.europesays.com\/es\/wp-json\/wp\/v2\/users\/2"}],"replies":[{"embeddable":true,"href":"https:\/\/www.europesays.com\/es\/wp-json\/wp\/v2\/comments?post=257468"}],"version-history":[{"count":0,"href":"https:\/\/www.europesays.com\/es\/wp-json\/wp\/v2\/posts\/257468\/revisions"}],"wp:featuredmedia":[{"embeddable":true,"href":"https:\/\/www.europesays.com\/es\/wp-json\/wp\/v2\/media\/217424"}],"wp:attachment":[{"href":"https:\/\/www.europesays.com\/es\/wp-json\/wp\/v2\/media?parent=257468"}],"wp:term":[{"taxonomy":"category","embeddable":true,"href":"https:\/\/www.europesays.com\/es\/wp-json\/wp\/v2\/categories?post=257468"},{"taxonomy":"post_tag","embeddable":true,"href":"https:\/\/www.europesays.com\/es\/wp-json\/wp\/v2\/tags?post=257468"}],"curies":[{"name":"wp","href":"https:\/\/api.w.org\/{rel}","templated":true}]}}