{"id":257469,"date":"2025-11-26T21:36:07","date_gmt":"2025-11-26T21:36:07","guid":{"rendered":"https:\/\/www.europesays.com\/es\/257469\/"},"modified":"2025-11-26T21:36:07","modified_gmt":"2025-11-26T21:36:07","slug":"la-derrota-del-barca-en-londres-debate-en-directo-con-as-manda-tu-pregunta-u-opinion-y-participa","status":"publish","type":"post","link":"https:\/\/www.europesays.com\/es\/257469\/","title":{"rendered":"La derrota del Bar\u00e7a en Londres, debate en directo con AS: \u00a1manda tu pregunta u opini\u00f3n y participa!"},"content":{"rendered":"<p>Lo primero a resaltar es que los equipos de la <strong>Premier <\/strong>juegan a un ritmo al que no juega ning\u00fan equipo de <strong>La Liga<\/strong>. Segundo, el <strong>Bar\u00e7a <\/strong>tiene un modo de jugar suicida. La temporada pasada sorprendi\u00f3, pero ahora todos los equipos le tienen cogida la medida, pero <strong>Flick <\/strong>sigue erre que erre\u2026 Y si hablamos de jugadores, habr\u00e1 que hablar del rey, de <strong>Lamine<\/strong>.<\/p>\n<p>Ese que, desde que juega la <strong>Champions<\/strong>, \u00bfcu\u00e1ntos partidos o eliminatorias ha ganado contra un equipo top? ninguno. \u00bfY en cu\u00e1ntos ha sido determinante para ganarlos? Por supuesto, en ninguno. Ya est\u00e1 bien de tapar a un jugador que, hasta ahora, en la competici\u00f3n de clubes m\u00e1s importante del mundo, nunca ha hecho nada ni marcado la diferencia.<\/p>\n<p>Manu, lector de AS.<\/p>\n","protected":false},"excerpt":{"rendered":"Lo primero a resaltar es que los equipos de la Premier juegan a un ritmo al que no&hellip;\n","protected":false},"author":2,"featured_media":257470,"comment_status":"","ping_status":"","sticky":false,"template":"","format":"standard","meta":{"footnotes":""},"categories":[268],"tags":[168,25,24,280,282,281,23,167],"class_list":{"0":"post-257469","1":"post","2":"type-post","3":"status-publish","4":"format-standard","5":"has-post-thumbnail","7":"category-futbol","8":"tag-deportes","9":"tag-es","10":"tag-espana","11":"tag-football","12":"tag-futbol","13":"tag-soccer","14":"tag-spain","15":"tag-sports"},"share_on_mastodon":{"url":"https:\/\/pubeurope.com\/@es\/115618157968512202","error":""},"_links":{"self":[{"href":"https:\/\/www.europesays.com\/es\/wp-json\/wp\/v2\/posts\/257469","targetHints":{"allow":["GET"]}}],"collection":[{"href":"https:\/\/www.europesays.com\/es\/wp-json\/wp\/v2\/posts"}],"about":[{"href":"https:\/\/www.europesays.com\/es\/wp-json\/wp\/v2\/types\/post"}],"author":[{"embeddable":true,"href":"https:\/\/www.europesays.com\/es\/wp-json\/wp\/v2\/users\/2"}],"replies":[{"embeddable":true,"href":"https:\/\/www.europesays.com\/es\/wp-json\/wp\/v2\/comments?post=257469"}],"version-history":[{"count":0,"href":"https:\/\/www.europesays.com\/es\/wp-json\/wp\/v2\/posts\/257469\/revisions"}],"wp:featuredmedia":[{"embeddable":true,"href":"https:\/\/www.europesays.com\/es\/wp-json\/wp\/v2\/media\/257470"}],"wp:attachment":[{"href":"https:\/\/www.europesays.com\/es\/wp-json\/wp\/v2\/media?parent=257469"}],"wp:term":[{"taxonomy":"category","embeddable":true,"href":"https:\/\/www.europesays.com\/es\/wp-json\/wp\/v2\/categories?post=257469"},{"taxonomy":"post_tag","embeddable":true,"href":"https:\/\/www.europesays.com\/es\/wp-json\/wp\/v2\/tags?post=257469"}],"curies":[{"name":"wp","href":"https:\/\/api.w.org\/{rel}","templated":true}]}}