{"id":257490,"date":"2025-11-26T21:49:08","date_gmt":"2025-11-26T21:49:08","guid":{"rendered":"https:\/\/www.europesays.com\/es\/257490\/"},"modified":"2025-11-26T21:49:08","modified_gmt":"2025-11-26T21:49:08","slug":"dos-soldados-mueren-en-tiroteo-en-washington-dw-26-11-2025","status":"publish","type":"post","link":"https:\/\/www.europesays.com\/es\/257490\/","title":{"rendered":"Dos soldados mueren en tiroteo en Washington \u2013 DW \u2013 26\/11\/2025"},"content":{"rendered":"<p>Dos agentes de la Guardia Nacional de Estados Unidos murieron tras ser tiroteados este mi\u00e9rcoles (26.11.2025) cerca de la <a class=\"internal-link\" href=\"https:\/\/www.dw.com\/es\/casa-blanca\/t-36684155\" rel=\"nofollow noopener\" target=\"_blank\">Casa Blanca<\/a>. El ataque fue informado por la secretaria de Seguridad Nacional, Kristi Noem, y los decesos fueron confirmados por el gobernador de Virginia Occidental, de donde eran originarios los uniformados. El <a class=\"internal-link\" href=\"https:\/\/www.dw.com\/es\/donald-trump\/t-19445010\" rel=\"nofollow noopener\" target=\"_blank\">presidente Donald Trump<\/a>, por su parte, asegur\u00f3 que el atacante pagar\u00e1 \u00abun precio muy alto\u201d por lo ocurrido.<\/p>\n<p>\u00abPor favor, \u00fananse a m\u00ed para orar por los dos guardias nacionales que fueron baleados hace unos momentos en Washington DC\u00bb, declar\u00f3 Noem en la red social X (Twitter), antes de conocerse la muerte de ambos. \u00abEstos valientes hombres de Virginia Occidental perdieron la vida en el servicio a su pa\u00eds\u00bb, dijo el gobernador de ese estado, Patrick Morrisey. La autoridad agreg\u00f3 que se encontraba en contacto \u00abcon las autoridades federales mientras la investigaci\u00f3n contin\u00faa\u00bb.\u00a0Un sospechoso fue arrestado, seg\u00fan la polic\u00eda.<\/p>\n<p>Los disparos se produjeron en la esquina entre la calle 17 y la calle I, en el noreste de Washington, a pocos pasos de la residencia presidencial, en la que no se encuentra el mandatario, quien viaj\u00f3 esta jornada a Florida. La Guardia Nacional <a class=\"internal-link\" href=\"https:\/\/www.dw.com\/es\/trump-despliega-soldados-y-toma-control-de-washington-dc\/a-73646106\" rel=\"nofollow noopener\" target=\"_blank\">fue desplegada en Washington en agosto pasado por orden de Trump<\/a>, con el argumento de combatir la criminalidad en la ciudad, una de las m\u00e1s violentas del pa\u00eds.<\/p>\n<p>\u00abPrecio muy alto\u00bb<\/p>\n<p>Un testigo explic\u00f3 a la cadena de noticias local Fox 5 que se oyeron dos disparos y la gente comenz\u00f3 a correr. Una mujer citada por la agencia Reuters, en tanto, escuch\u00f3 dos detonaciones en torno a las 14.15 hora local y luego hubo gritos de socorro. Agreg\u00f3 que vio a lo que parec\u00edan ser agentes del Servicio Secreto de EE. UU. corriendo tras alguien con una sudadera con capucha.<\/p>\n<p>A trav\u00e9s de su red Truth Social, Trump reaccion\u00f3 a lo ocurrido, prometiendo que el atacante no quedar\u00e1 impune. \u00abEl animal que dispar\u00f3 a los dos guardias nacionales (\u2026) pagar\u00e1 un precio muy alto\u00bb, escribi\u00f3 el mandatario, antes de que se confirmara la muerte de ambos uniformados.<\/p>\n<p>\u00abQue Dios bendiga a nuestra Gran Guardia Nacional y a todas nuestras Fuerzas Armadas y del Orden. Son personas verdaderamente extraordinarias\u00bb, agreg\u00f3 Trump desde su mansi\u00f3n en Mar-a-Lago, donde se halla en la v\u00edspera del D\u00eda de Acci\u00f3n de Gracias.<\/p>\n<p>DZC (EFE, Reuters, AFP, AP)<\/p>\n","protected":false},"excerpt":{"rendered":"Dos agentes de la Guardia Nacional de Estados Unidos murieron tras ser tiroteados este mi\u00e9rcoles (26.11.2025) cerca de&hellip;\n","protected":false},"author":2,"featured_media":257491,"comment_status":"","ping_status":"","sticky":false,"template":"","format":"standard","meta":{"footnotes":""},"categories":[42],"tags":[17,18,13,14,11,61,62,63,64,19,20,9,10,15,16,12,21,22,65,66,67],"class_list":{"0":"post-257490","1":"post","2":"type-post","3":"status-publish","4":"format-standard","5":"has-post-thumbnail","7":"category-internacional","8":"tag-breaking-news","9":"tag-breakingnews","10":"tag-featured-news","11":"tag-featurednews","12":"tag-headlines","13":"tag-internacional","14":"tag-international","15":"tag-international-news","16":"tag-internationalnews","17":"tag-latest-news","18":"tag-latestnews","19":"tag-news","20":"tag-noticias","21":"tag-noticias-destacadas","22":"tag-noticiasdestacadas","23":"tag-titulares","24":"tag-ultimas-noticias","25":"tag-ultimasnoticias","26":"tag-world","27":"tag-world-news","28":"tag-worldnews"},"share_on_mastodon":{"url":"https:\/\/pubeurope.com\/@es\/115618209193521421","error":""},"_links":{"self":[{"href":"https:\/\/www.europesays.com\/es\/wp-json\/wp\/v2\/posts\/257490","targetHints":{"allow":["GET"]}}],"collection":[{"href":"https:\/\/www.europesays.com\/es\/wp-json\/wp\/v2\/posts"}],"about":[{"href":"https:\/\/www.europesays.com\/es\/wp-json\/wp\/v2\/types\/post"}],"author":[{"embeddable":true,"href":"https:\/\/www.europesays.com\/es\/wp-json\/wp\/v2\/users\/2"}],"replies":[{"embeddable":true,"href":"https:\/\/www.europesays.com\/es\/wp-json\/wp\/v2\/comments?post=257490"}],"version-history":[{"count":0,"href":"https:\/\/www.europesays.com\/es\/wp-json\/wp\/v2\/posts\/257490\/revisions"}],"wp:featuredmedia":[{"embeddable":true,"href":"https:\/\/www.europesays.com\/es\/wp-json\/wp\/v2\/media\/257491"}],"wp:attachment":[{"href":"https:\/\/www.europesays.com\/es\/wp-json\/wp\/v2\/media?parent=257490"}],"wp:term":[{"taxonomy":"category","embeddable":true,"href":"https:\/\/www.europesays.com\/es\/wp-json\/wp\/v2\/categories?post=257490"},{"taxonomy":"post_tag","embeddable":true,"href":"https:\/\/www.europesays.com\/es\/wp-json\/wp\/v2\/tags?post=257490"}],"curies":[{"name":"wp","href":"https:\/\/api.w.org\/{rel}","templated":true}]}}