{"id":257492,"date":"2025-11-26T21:50:10","date_gmt":"2025-11-26T21:50:10","guid":{"rendered":"https:\/\/www.europesays.com\/es\/257492\/"},"modified":"2025-11-26T21:50:10","modified_gmt":"2025-11-26T21:50:10","slug":"abalos-pasa-al-ataque-contra-sanchez-a-24-horas-de-acudir-al-supremo-asegura-que-la-reunion-con-otegi-existio-abc","status":"publish","type":"post","link":"https:\/\/www.europesays.com\/es\/257492\/","title":{"rendered":"\u00c1balos pasa al ataque contra S\u00e1nchez a 24 horas de acudir al Supremo: asegura que la reuni\u00f3n con Otegi \u00abexisti\u00f3\u00bb &#8211; ABC"},"content":{"rendered":"<ol>\n<li><a href=\"https:\/\/news.google.com\/rss\/articles\/CBMiogFBVV95cUxPVDhoUmRwNVViX3dVdmNqSFB3dmlzRWVnZEFiUnhXWW9BVkxTRGxJcE1TRHVIb1RtRkt0a2FsclJiUEtJS2tLZks4cXcxbGRXbGotd181aVpDVDk0dFJ3NVNXMEZHMUdMV1JBN2xpU1NuaXBDbzk2VHYzQXdyOU1qaUFHRDc2UjNkNjlMdkdxOWpsa0ZFbVBqU0pCLXBBZ2FvaGc?oc=5\" target=\"_blank\" rel=\"nofollow noopener\">\u00c1balos pasa al ataque contra S\u00e1nchez a 24 horas de acudir al Supremo: asegura que la reuni\u00f3n con Otegi \u00abexisti\u00f3\u00bb<\/a>&nbsp;&nbsp;ABC<\/li>\n<li><a href=\"https:\/\/news.google.com\/rss\/articles\/CBMi2AFBVV95cUxQWDRjSTlJTXhJdWxHaGtRcXBtdEhzanlJLXpfR3NWVXFzdEdUb3JOUDhRUDJSeUpYaXVPaWItdFo2S2VURHRwZjlVbERMSzFFT3lrbjVMeW0wNzBwaFRmQzREWmlpUG50QTBmNGRuZXRKRk15UERpeGRLeXBWS3A4WVRmdjFuSFl3U3RXb25vcktsNDk5ZWJBX2l6Z1Y3ZjJtU0ctSFVtS3ZIbXhiRmFQZ0JzVnlJM2tNSjd3UWVzS29abFZ1SXFOMzBxR1Jqb0huYWUyempxQVU?oc=5\" target=\"_blank\" rel=\"nofollow noopener\">\u00c1balos dispara contra el Gobierno en v\u00edsperas de que se decida si entra en prisi\u00f3n<\/a>&nbsp;&nbsp;EL PA\u00cdS<\/li>\n<li><a href=\"https:\/\/news.google.com\/rss\/articles\/CBMinAFBVV95cUxPU3VxbDBNWU1zdGs3aTJ4T1JMS2tXTjRBQjlRbzFRR3NSQmxGOUV5amY2RjFoOS1BcVlBNWQtcldtazZTbjRBS1VVaGtadTBlZUEyT3U4a0lkbTZLTDVkWTJzU2plRkRMN0NHaExzMVpYdVZaTTJVUk1PQWUtUnczSElPYy1BZjFFQjdrNzlzUXZid2hLd3hZcmVET1g?oc=5\" target=\"_blank\" rel=\"nofollow noopener\">Feij\u00f3o dice que la moci\u00f3n del PSOE a Rajoy sirvi\u00f3 para instaurar \u00abuna trama corrupta\u00bb<\/a>&nbsp;&nbsp;ABC<\/li>\n<li><a href=\"https:\/\/news.google.com\/rss\/articles\/CBMi1gFBVV95cUxPbDd0RlNVaVBSa3IxV1NsNGY1NW9RanlqWjlLT0lSSWJHQUcxeUR5azNSZXM2aFFubFFZME1qY2h3akFFclNiSjVUR0RCSW83dWdad1RtWl9id0drWGdXalRYcWNhSU1YeUxoZ05lLTBmdHBqNEp4b2NGNFpTbUpkcXFxYjUyRmtJQ2tFc3RXQWY2dXpaYXdLMmlyU3Y2bmRsVmxnT05lWWJiR2JfcTZpcGFKS1R5TUxEemk0c0pBVG8zRmdPSEdQdFB3NG5mdWlIMkctRFB30gHWAUFVX3lxTFAwd2NwWS1Vek43aGRsTzBUVzZjd2JxSnFhU2JqUGlUWWF6TGZ0dHJacmZ5VXplVXpkejNjeXZFemtCS0NxWjl4YXNyV183RzJZaHNzcVhkdHdzTHZvNHQzUjZ1U2VjcXhGa2NPSFAweTdPazVxUVBacmwwM0pSdXpKa1ZTYUlSUmlLTzluNVNkaGFGdWFXakxhQlBmRzNtMGxRR1pQaUNtdVJJVkxGUVJBM1c2S2xKTTJoWFlEWUlyX2lGQnkzU1JvQnpFSVdwVjUyWFhtYnc?oc=5\" target=\"_blank\" rel=\"nofollow noopener\">\u00c1balos asegura que la reuni\u00f3n entre S\u00e1nchez y Otegi en 2018 existi\u00f3 mientras Moncloa insiste: \u00abEs falso\u00bb<\/a>&nbsp;&nbsp;RTVE.es<\/li>\n<li><a href=\"https:\/\/news.google.com\/rss\/articles\/CBMi2wFBVV95cUxPSDJCcFpwUDhvUkd6aF80MGMtZld3WW5VUlNVV2RPTlhvWklidWlzemxiVG1Ob0ZBVmJURWtmRklfMXVhWFA5ZjJhX19sdWdvYlgtVFNwZFBjVkRoR0JDVkxzRWotQ3ViTVVkMkc1aFBWOWFkejhhcE55ZGZNbldCYy1jd1FGdlNGTUpwcGJBb2JxSmhkQXliYk5QV2dSQUZFWWl4TGRsZld1dFhaS09PY1hyTmRJQmxqVHg5cTRkSjFVZUpJTWgzMHBmRWZHNWdIMDdOVWpzZXVmeTQ?oc=5\" target=\"_blank\" rel=\"nofollow noopener\">El Gobierno reacciona tratando a \u00c1balos como a un loco: \u00abCuando le piden 24 a\u00f1os a su edad&#8230; La gente se trastorna\u00bb<\/a>&nbsp;&nbsp;El Espa\u00f1ol<\/li>\n<\/ol>\n","protected":false},"excerpt":{"rendered":"\u00c1balos pasa al ataque contra S\u00e1nchez a 24 horas de acudir al Supremo: asegura que la reuni\u00f3n con&hellip;\n","protected":false},"author":2,"featured_media":248356,"comment_status":"","ping_status":"","sticky":false,"template":"","format":"standard","meta":{"footnotes":""},"categories":[8],"tags":[17,18,25,24,13,14,11,19,20,9,10,15,16,23,12,21,22],"class_list":{"0":"post-257492","1":"post","2":"type-post","3":"status-publish","4":"format-standard","5":"has-post-thumbnail","7":"category-espana","8":"tag-breaking-news","9":"tag-breakingnews","10":"tag-es","11":"tag-espana","12":"tag-featured-news","13":"tag-featurednews","14":"tag-headlines","15":"tag-latest-news","16":"tag-latestnews","17":"tag-news","18":"tag-noticias","19":"tag-noticias-destacadas","20":"tag-noticiasdestacadas","21":"tag-spain","22":"tag-titulares","23":"tag-ultimas-noticias","24":"tag-ultimasnoticias"},"share_on_mastodon":{"url":"https:\/\/pubeurope.com\/@es\/115618213114837510","error":""},"_links":{"self":[{"href":"https:\/\/www.europesays.com\/es\/wp-json\/wp\/v2\/posts\/257492","targetHints":{"allow":["GET"]}}],"collection":[{"href":"https:\/\/www.europesays.com\/es\/wp-json\/wp\/v2\/posts"}],"about":[{"href":"https:\/\/www.europesays.com\/es\/wp-json\/wp\/v2\/types\/post"}],"author":[{"embeddable":true,"href":"https:\/\/www.europesays.com\/es\/wp-json\/wp\/v2\/users\/2"}],"replies":[{"embeddable":true,"href":"https:\/\/www.europesays.com\/es\/wp-json\/wp\/v2\/comments?post=257492"}],"version-history":[{"count":0,"href":"https:\/\/www.europesays.com\/es\/wp-json\/wp\/v2\/posts\/257492\/revisions"}],"wp:featuredmedia":[{"embeddable":true,"href":"https:\/\/www.europesays.com\/es\/wp-json\/wp\/v2\/media\/248356"}],"wp:attachment":[{"href":"https:\/\/www.europesays.com\/es\/wp-json\/wp\/v2\/media?parent=257492"}],"wp:term":[{"taxonomy":"category","embeddable":true,"href":"https:\/\/www.europesays.com\/es\/wp-json\/wp\/v2\/categories?post=257492"},{"taxonomy":"post_tag","embeddable":true,"href":"https:\/\/www.europesays.com\/es\/wp-json\/wp\/v2\/tags?post=257492"}],"curies":[{"name":"wp","href":"https:\/\/api.w.org\/{rel}","templated":true}]}}