{"id":257493,"date":"2025-11-26T21:51:15","date_gmt":"2025-11-26T21:51:15","guid":{"rendered":"https:\/\/www.europesays.com\/es\/257493\/"},"modified":"2025-11-26T21:51:15","modified_gmt":"2025-11-26T21:51:15","slug":"como-el-dueno-de-el-ventorro-tapa-lo-que-consumio-con-vilaplana","status":"publish","type":"post","link":"https:\/\/www.europesays.com\/es\/257493\/","title":{"rendered":"c\u00f3mo el due\u00f1o de &#8216;El Ventorro&#8217; tapa lo que consumi\u00f3 con Vilaplana"},"content":{"rendered":"<p class=\"L6-news-detail__text\">El due\u00f1o del <b><a title=\"restaurante &#039;El Ventorro&#039; de Valencia\" href=\"https:\/\/www.lasexta.com\/noticias\/nacional\/companero-piso-mazon-reconoce-que-viven-15-minutos-ventorro-que-nunca-han-hablado-que-paso-vilaplana-tarde-dana_202511266927032455584d48fb5dfc3f.html\" target=\"_blank\" rel=\"nofollow noopener\">restaurante &#8216;El Ventorro&#8217; de Valencia<\/a><\/b>, Alfredo Romero, ha entregado a la jueza de Catarroja que investiga la gesti\u00f3n de la DANA la factura, dos fotograf\u00edas y el plano del reservado donde comieron el &#8216;president&#8217; de la Generalitat ahora en funciones, Carlos Maz\u00f3n, y la periodista Maribel Vilaplana el d\u00eda de las riadas que dejaron 229 v\u00edctimas mortales en la provincia.<\/p>\n<p class=\"L6-news-detail__text\">En relaci\u00f3n con la factura, <b>emitida a nombre del PP<\/b>, plasma que Maz\u00f3n y Vilaplana <b><a title=\"comieron dos &quot;men\u00fas concertados&quot; con un importe para esa mesa, la 106, de 165 euro\" href=\"https:\/\/www.lasexta.com\/noticias\/nacional\/dos-menus-concertados-165-euros-pagados-valenciano-ticket-comida-mazon-ventorro_2025112669271ca155584d48fb5e1e69.html\" target=\"_blank\" rel=\"nofollow noopener\">comieron dos \u00abmen\u00fas concertados\u00bb con un importe para esa mesa, la 106, de 165 euro<\/a><\/b>s. La instructora consideraba que la factura \u00abacreditar\u00eda de manera objetiva el hecho mismo de la comida en el expresado establecimiento, as\u00ed como su duraci\u00f3n estimada, sin depender de las declaraciones testificales\u00bb.<\/p>\n<p class=\"L6-news-detail__text\">El papel, al que ha tenido acceso laSexta, constata la comida el 29 de octubre de 2024 entre el entonces &#8216;president&#8217; de la Generalitat Valenciana y la periodista, aunque no detalla la hora en la que fue emitido. <b>Tampoco desglosa, por ejemplo, qu\u00e9 bebidas tomaron o los platos que compon\u00edan ese men\u00fa concertado<\/b>.<\/p>\n<p class=\"L6-news-detail__text\">Sobre la comida, Vilaplana asegur\u00f3 que tomaron vino, pero nada m\u00e1s. Tanto Maz\u00f3n como ella a\u00f1adieron que salieron del restaurante sobre las 18:30 horas. Sin embargo, la factura entregada a la jueza no da muchos detalles que verifiquen o contradigan estas afirmaciones. Solamente <b>confirma que el cargo se hizo al Partido Popular y no a la Generalitat, como dijo Maz\u00f3n en sus comparecencias parlamentarias<\/b>.<\/p>\n<p class=\"L6-news-detail__text\">Al compararla con un ticket emitido de forma habitual en el mismo restaurante, sin embargo, <b>saltan a la vista las distintas diferencias, aunque destaca una: el desglose de lo consumido<\/b>. Mientras en una aparece la consumici\u00f3n con todo lo que comieron y bebieron especificado al detalle, en la de la comida de Maz\u00f3n con Vilaplana solo aparece lo siguiente: \u00ab2 men\u00fas concertados\u00bb.<\/p>\n<p class=\"L6-news-detail__text\"><b><a title=\"*Sigue a laSexta en Google. Toda la actualidad y el mejor contenido aqu\u00ed.\" href=\"https:\/\/profile.google.com\/cp\/CgkvbS8wZG5xejA\" target=\"_blank\" rel=\"nofollow noopener\">*Sigue a laSexta en Google. Toda la actualidad y el mejor contenido aqu\u00ed.<\/a><\/b><\/p>\n<p class=\"L6-support-news-video__title\">Relevo en la Generalitat<\/p>\n<p>            <a href=\"https:\/\/www.lasexta.com\/noticias\/nacional\/quien-pierde-poder-pierde-amigos-camarero-pone-perfil-meses-defendiendo-gestion-mazon_202511266927574d9261f37ec7312103.html\" class=\"L6-news__link\" rel=\"nofollow noopener\" target=\"_blank\"><br \/>\n                Quien pierde poder, pierde amigos: Camarero se pone de perfil tras meses defendiendo la gesti\u00f3n de Maz\u00f3n<\/p>\n<p class=\"recirculation-video-desc\">El contexto Desde la fat\u00eddica DANA en la que murieron 229 personas hace ya un a\u00f1o, Camarero se convirti\u00f3 en figura clave en la reconstrucci\u00f3n tras la DANA y tambi\u00e9n en la gran defensora de Carlos Maz\u00f3n.<\/p>\n<p>            <\/a><\/p>\n","protected":false},"excerpt":{"rendered":"El due\u00f1o del restaurante &#8216;El Ventorro&#8217; de Valencia, Alfredo Romero, ha entregado a la jueza de Catarroja que&hellip;\n","protected":false},"author":2,"featured_media":257494,"comment_status":"","ping_status":"","sticky":false,"template":"","format":"standard","meta":{"footnotes":""},"categories":[5],"tags":[17,18,25,24,13,14,11,19,20,9,10,15,16,23,12,21,22],"class_list":{"0":"post-257493","1":"post","2":"type-post","3":"status-publish","4":"format-standard","5":"has-post-thumbnail","7":"category-titulares","8":"tag-breaking-news","9":"tag-breakingnews","10":"tag-es","11":"tag-espana","12":"tag-featured-news","13":"tag-featurednews","14":"tag-headlines","15":"tag-latest-news","16":"tag-latestnews","17":"tag-news","18":"tag-noticias","19":"tag-noticias-destacadas","20":"tag-noticiasdestacadas","21":"tag-spain","22":"tag-titulares","23":"tag-ultimas-noticias","24":"tag-ultimasnoticias"},"share_on_mastodon":{"url":"https:\/\/pubeurope.com\/@es\/115618216867050448","error":""},"_links":{"self":[{"href":"https:\/\/www.europesays.com\/es\/wp-json\/wp\/v2\/posts\/257493","targetHints":{"allow":["GET"]}}],"collection":[{"href":"https:\/\/www.europesays.com\/es\/wp-json\/wp\/v2\/posts"}],"about":[{"href":"https:\/\/www.europesays.com\/es\/wp-json\/wp\/v2\/types\/post"}],"author":[{"embeddable":true,"href":"https:\/\/www.europesays.com\/es\/wp-json\/wp\/v2\/users\/2"}],"replies":[{"embeddable":true,"href":"https:\/\/www.europesays.com\/es\/wp-json\/wp\/v2\/comments?post=257493"}],"version-history":[{"count":0,"href":"https:\/\/www.europesays.com\/es\/wp-json\/wp\/v2\/posts\/257493\/revisions"}],"wp:featuredmedia":[{"embeddable":true,"href":"https:\/\/www.europesays.com\/es\/wp-json\/wp\/v2\/media\/257494"}],"wp:attachment":[{"href":"https:\/\/www.europesays.com\/es\/wp-json\/wp\/v2\/media?parent=257493"}],"wp:term":[{"taxonomy":"category","embeddable":true,"href":"https:\/\/www.europesays.com\/es\/wp-json\/wp\/v2\/categories?post=257493"},{"taxonomy":"post_tag","embeddable":true,"href":"https:\/\/www.europesays.com\/es\/wp-json\/wp\/v2\/tags?post=257493"}],"curies":[{"name":"wp","href":"https:\/\/api.w.org\/{rel}","templated":true}]}}