{"id":257505,"date":"2025-11-26T22:02:29","date_gmt":"2025-11-26T22:02:29","guid":{"rendered":"https:\/\/www.europesays.com\/es\/257505\/"},"modified":"2025-11-26T22:02:29","modified_gmt":"2025-11-26T22:02:29","slug":"estilo-art-nouveau-una-casa-de-ensueno-que-enamora-con-su-jardin","status":"publish","type":"post","link":"https:\/\/www.europesays.com\/es\/257505\/","title":{"rendered":"Estilo art nouveau, una casa de ensue\u00f1o que enamora con su jard\u00edn"},"content":{"rendered":"<p>En esta peque\u00f1a zona del distrito XVI de Par\u00eds, abandonamos el bullicio de la ciudad <strong>para adentrarnos en un mundo estilo art nouveau<\/strong>. \u201cHay toda una poes\u00eda, un camino, una calma, estamos en otro universo\u201d, dice V\u00e9ronique Cotrel, interiorista y fundadora de la agencia hom\u00f3nima, encargada del proyecto.<\/p>\n<p>Los anteriores propietarios llevaban m\u00e1s de medio siglo viviendo en esta casa. En el interior, muchos elementos de \u00e9poca hab\u00edan permanecido intactos. \u201cHab\u00eda un alma muy fuerte, pero tambi\u00e9n cierto polvo del tiempo. Nuestro papel era revivir la casa sin traicionarla\u201d, se\u00f1ala.<\/p>\n<p><img decoding=\"async\" alt=\"casa estilo art nouveau\" loading=\"lazy\" class=\"ResponsiveImageContainer-eNxvmU cfBbTk responsive-image__image\"   src=\"https:\/\/www.europesays.com\/es\/wp-content\/uploads\/2025\/11\/1764194548_572_1.jpg\"\/><\/p>\n<p>La fachada de esta villa familiar, construida a principios del siglo XX y situada en el coraz\u00f3n del distrito 16 de Par\u00eds.<\/p>\n<p>Cortes\u00eda de V\u00e9ronique Cotrel<img decoding=\"async\" alt=\"retrato de personas\" loading=\"lazy\" class=\"ResponsiveImageContainer-eNxvmU cfBbTk responsive-image__image\"   src=\"https:\/\/www.europesays.com\/es\/wp-content\/uploads\/2025\/11\/21.jpg\"\/><\/p>\n<p>V\u00e9ronique Cotrel y Emmanuelle Beaumont, interioristas de la agencia V\u00e9ronique Cotrel.<\/p>\n<p>Cortes\u00eda de V\u00e9ronique Cotrel<\/p>\n<p>La casa tiene varios niveles. En la planta baja, una gran sala de estar, <strong>organizada en torno a una cocina de planta abierta, se abre al jard\u00edn.<\/strong> En la planta superior hay una suite principal y un estudio. La planta superior est\u00e1 reservada a los ni\u00f1os. En el tejado, una terraza verde ofrece una vista panor\u00e1mica de Par\u00eds.<\/p>\n<p>Naturaleza en cada planta<\/p>\n<p>\u201cHemos plantado la casa de verdad\u201d, dice V\u00e9ronique Cotrel. En la parte delantera, junto al portal, hab\u00eda una puerta de garaje, vestigio de una \u00e9poca en la que los coches a\u00fan aparcaban all\u00ed. \u201cHoy, en Par\u00eds, esa no es la tendencia. <a href=\"https:\/\/www.admagazine.com\/articulos\/un-pequeno-departamento-con-arquitectura-art-nouveau-esta-lleno-de-estilo\" rel=\"nofollow noopener\" target=\"_blank\">Sustituimos los s\u00edmbolos del lujo de ayer por los de hoy:<\/a> jardines, espacios al aire libre, vistas elaboradas\u201d. La circulaci\u00f3n interior se redise\u00f1\u00f3 para acompa\u00f1ar esta apertura a la naturaleza. <strong>Un acceso ampliado a la azotea permite ahora disfrutar plenamente de la exuberante terraza.<\/strong> Los arquitectos tambi\u00e9n redise\u00f1aron la parte trasera de la casa. La sala, orientada hacia el jard\u00edn, se abre ahora a trav\u00e9s de un mirador a una terraza suspendida donde se coloc\u00f3 el comedor exterior, dispuesto en cascada. Desde aqu\u00ed, una escalera lateral prolonga el movimiento y conduce al jard\u00edn. Este juego de niveles suaviza la transici\u00f3n entre el interior y el exterior, multiplicando las perspectivas y creando mundos diferentes.<\/p>\n","protected":false},"excerpt":{"rendered":"En esta peque\u00f1a zona del distrito XVI de Par\u00eds, abandonamos el bullicio de la ciudad para adentrarnos en&hellip;\n","protected":false},"author":2,"featured_media":257506,"comment_status":"","ping_status":"","sticky":false,"template":"","format":"standard","meta":{"footnotes":""},"categories":[173],"tags":[229,233,231,230,3738,232,234,146,147,25,24,12234,23],"class_list":{"0":"post-257505","1":"post","2":"type-post","3":"status-publish","4":"format-standard","5":"has-post-thumbnail","7":"category-arte-y-diseno","8":"tag-arte","9":"tag-arte-y-diseno","10":"tag-arts","11":"tag-arts-and-design","12":"tag-casas","13":"tag-design","14":"tag-diseno","15":"tag-entertainment","16":"tag-entretenimiento","17":"tag-es","18":"tag-espana","19":"tag-interiorismo","20":"tag-spain"},"share_on_mastodon":{"url":"https:\/\/pubeurope.com\/@es\/115618260528896609","error":""},"_links":{"self":[{"href":"https:\/\/www.europesays.com\/es\/wp-json\/wp\/v2\/posts\/257505","targetHints":{"allow":["GET"]}}],"collection":[{"href":"https:\/\/www.europesays.com\/es\/wp-json\/wp\/v2\/posts"}],"about":[{"href":"https:\/\/www.europesays.com\/es\/wp-json\/wp\/v2\/types\/post"}],"author":[{"embeddable":true,"href":"https:\/\/www.europesays.com\/es\/wp-json\/wp\/v2\/users\/2"}],"replies":[{"embeddable":true,"href":"https:\/\/www.europesays.com\/es\/wp-json\/wp\/v2\/comments?post=257505"}],"version-history":[{"count":0,"href":"https:\/\/www.europesays.com\/es\/wp-json\/wp\/v2\/posts\/257505\/revisions"}],"wp:featuredmedia":[{"embeddable":true,"href":"https:\/\/www.europesays.com\/es\/wp-json\/wp\/v2\/media\/257506"}],"wp:attachment":[{"href":"https:\/\/www.europesays.com\/es\/wp-json\/wp\/v2\/media?parent=257505"}],"wp:term":[{"taxonomy":"category","embeddable":true,"href":"https:\/\/www.europesays.com\/es\/wp-json\/wp\/v2\/categories?post=257505"},{"taxonomy":"post_tag","embeddable":true,"href":"https:\/\/www.europesays.com\/es\/wp-json\/wp\/v2\/tags?post=257505"}],"curies":[{"name":"wp","href":"https:\/\/api.w.org\/{rel}","templated":true}]}}