{"id":257507,"date":"2025-11-26T22:04:11","date_gmt":"2025-11-26T22:04:11","guid":{"rendered":"https:\/\/www.europesays.com\/es\/257507\/"},"modified":"2025-11-26T22:04:11","modified_gmt":"2025-11-26T22:04:11","slug":"la-revuelta-con-david-broncano-en-directo-hoy-26-de-noviembre-con-alba-flores-como-invitada","status":"publish","type":"post","link":"https:\/\/www.europesays.com\/es\/257507\/","title":{"rendered":"La Revuelta con David Broncano, en directo hoy 26 de noviembre con Alba Flores como invitada"},"content":{"rendered":"<p><strong>Alba Flores es una estrella internacional<\/strong> pero no por ello pierde la autenticidad. Y ha llegado a La Revuelta por el tobog\u00e1n, con un traje de Luis Tosar y \u201ccon un poquito <strong>de resaca, por no decir que vengo de empalmada<\/strong>\u201d. De cara y con \u201ctransparencia absoluta\u201d, como transparente ha definido a <strong>su padre, Antonio Flores<\/strong>. Sobre su vida, su muerte y las conversaciones familiares pendientes trata Flores para Antonio, el nuevo documental que se estrena en cines el 28 de noviembre. \u201cEs dif\u00edcil hacer una pel\u00edcula de alguien que no est\u00e1, no le puedes preguntar cu\u00e1nto quieres que cuente de ti\u201d, pero en las im\u00e1genes de archivo se muestra su \u201cnaturalidad\u201d y la de su familia: \u201cEs bonito ver que <strong>no hay mucha diferencia entre c\u00f3mo somos en casa y c\u00f3mo somos en p\u00fablico<\/strong>\u201d, celebraba la actriz en su entrevista con David Broncano.<\/p>\n<p>Genuina y con ideas claras, Alba Flores ha optado por no responder a Las preguntas cl\u00e1sicas del programa, pero recuperar dos de las que aspiraron a serlo:<strong> la del vello p\u00fablico y los macarrones y la del machismo y el racismo<\/strong>. Y sus respuestas han estado m\u00e1s que a la altura.<\/p>\n<p>El desbloqueo de su faceta musical<\/p>\n<p>El documental sobre la figura de Antonio Flores ha sido para su hija y su familia un camino de \u201cdolor y duelo, pero <strong>siempre hacia un lugar luminoso y de sanaci\u00f3n<\/strong>\u201d. Entre otros muchos motivos, porque Alba Flores ha conseguido quitarse de encima un peso que anquilosaba su faceta musical. Isaki Lacuesta y Elena Molina, los directores de la pel\u00edcula, \u201cdecidieron contar una parte de mi historia: <strong>tengo mucha dificultad para cantar<\/strong>\u201d. Aunque lo ha hecho poniendo voz a personas, \u201ccantar como Alba, o cantar canciones de mi padre, <strong>me supon\u00eda un bloqueo<\/strong>\u201d. Pero todo este proceso ha servido para que la actriz completase, <a href=\"https:\/\/www.rtve.es\/television\/20250522\/revuelta-broncano-invitado-directo-programa-completo-22-mayo\/16592491.shtml\" target=\"_blank\" rel=\"nofollow noopener\">con la ayuda de Silvia P\u00e9rez Cruz<\/a>, la canci\u00f3n que interpreta en los cr\u00e9ditos finales. \u201cSi hubiese terminado esta canci\u00f3n de peque\u00f1a, probablemente no habr\u00eda hecho la pel\u00edcula\u201d, reconoc\u00eda la invitada sobre el c\u00edrculo que ha conseguido cerrar. Pero, ahora que <strong>se ha liberado, est\u00e1 \u201ccomo en una adolescencia musical<\/strong> y me voy a poner a probar cosas\u201d. \u00bfVolver\u00e1 a La Revuelta para presentar canciones propias?<\/p>\n<p>\u201cPayos genocidas, no\u201d<\/p>\n<p>Ni el dinero le da \u201cpara comprar un piso en Usera (Madrid) y reformarlo\u201d, ni quer\u00eda dar datos sobre sus relaciones sexuales en el \u00faltimo mes \u201cporque hay una <strong>separaci\u00f3n reciente y estoy protegiendo a una persona<\/strong>\u201d. Sin embargo, Alba Flores ha recuperado dos de las preguntas que en su momento pudieron convertirse en cl\u00e1sicas: \u00bfUn vello p\u00fabico en un plato de macarrones, o un macarr\u00f3n practicando sexo oral? En su respuesta, una clara distinci\u00f3n: \u201c<strong>Co\u00f1o y macarr\u00f3n s\u00ed, polla y macarr\u00f3n no<\/strong>. No me f\u00edo. Co\u00f1o y macarr\u00f3n dices: algo ha pasado. Pero polla y macarr\u00f3n dices: \u00bfd\u00f3nde la has metido?\u201d<\/p>\n<p>Tambi\u00e9n querido volver a poner sobre la mesa la <a href=\"https:\/\/www.rtve.es\/television\/20251013\/revuelta-broncano-invitado-alberto-san-juan-programa-completo-13-octubre\/16768451.shtml\" target=\"_blank\" rel=\"nofollow noopener\">cuesti\u00f3n sobre el machismo y el racismo<\/a>, que Broncano hab\u00eda descartado por el debate generado entre los invitados. \u201cDir\u00eda que <strong>soy m\u00e1s racista<\/strong>. Aunque los payos os tolero\u00bb bromeaba, <strong>\u00abpero a los payos genocidas no<\/strong>, esa rama no me gusta\u201d, ha expresado Alba Flores en un mensaje acorde con su <strong>camiseta de Palestina<\/strong>.<\/p>\n<p>Las an\u00e9cdotas de la familia Flores<\/p>\n<p>Formar parte de una estirpe de artistas con <strong>\u2018El Pesca\u00edlla\u2019 y Lola Flores como abuelos<\/strong>, Rosario y Lolita como t\u00edas, y siendo hija de Antonio Flores, <a href=\"https:\/\/www.rtve.es\/television\/20250325\/quien-es-alba-flores-actriz-invitada-revuelta-broncano-25-marzo\/16506749.shtml\" target=\"_blank\" rel=\"nofollow noopener\">ha brindado a Alba Flores innumerables experiencias<\/a> y material audiovisual. De hecho, a la hora de seleccionar el archivo para el documental, tuvieron problemas para descartar contenidos. En concreto, sobre <strong>su abuela, que era \u201cla que manejaba el show\u201d, una personalidad arrolladora<\/strong> que ha confirmado la an\u00e9cdota de un espectador: \u2018La Faraona\u2019 se cruz\u00f3 con su padre por Buenos Aires cuando \u00e9ste ten\u00eda solo 10 a\u00f1os: \u201cle dio mucha ternura c\u00f3mo ten\u00eda la pierna\u201d por culpa de la poliomielitis, \u201clo levant\u00f3, lo bes\u00f3 y le dijo: esta noche vienes a verme al teatro. Y le lanz\u00f3 besos desde el escenario\u201d, detallaba visiblemente emocionado. Y no por habitual, porque \u201cqui\u00e9n no tiene una an\u00e9cdota con un Flores\u201d, deja de ser algo emotivo: \u201cSiempre es bonito y me <strong>da la sensaci\u00f3n de vivir en un pueblo chico<\/strong>\u201d, comentaba Alba Flores.<\/p>\n","protected":false},"excerpt":{"rendered":"Alba Flores es una estrella internacional pero no por ello pierde la autenticidad. Y ha llegado a La&hellip;\n","protected":false},"author":2,"featured_media":257508,"comment_status":"","ping_status":"","sticky":false,"template":"","format":"standard","meta":{"footnotes":""},"categories":[171],"tags":[146,147,25,24,23,214],"class_list":{"0":"post-257507","1":"post","2":"type-post","3":"status-publish","4":"format-standard","5":"has-post-thumbnail","7":"category-tv","8":"tag-entertainment","9":"tag-entretenimiento","10":"tag-es","11":"tag-espana","12":"tag-spain","13":"tag-tv"},"share_on_mastodon":{"url":"https:\/\/pubeurope.com\/@es\/115618268618392629","error":""},"_links":{"self":[{"href":"https:\/\/www.europesays.com\/es\/wp-json\/wp\/v2\/posts\/257507","targetHints":{"allow":["GET"]}}],"collection":[{"href":"https:\/\/www.europesays.com\/es\/wp-json\/wp\/v2\/posts"}],"about":[{"href":"https:\/\/www.europesays.com\/es\/wp-json\/wp\/v2\/types\/post"}],"author":[{"embeddable":true,"href":"https:\/\/www.europesays.com\/es\/wp-json\/wp\/v2\/users\/2"}],"replies":[{"embeddable":true,"href":"https:\/\/www.europesays.com\/es\/wp-json\/wp\/v2\/comments?post=257507"}],"version-history":[{"count":0,"href":"https:\/\/www.europesays.com\/es\/wp-json\/wp\/v2\/posts\/257507\/revisions"}],"wp:featuredmedia":[{"embeddable":true,"href":"https:\/\/www.europesays.com\/es\/wp-json\/wp\/v2\/media\/257508"}],"wp:attachment":[{"href":"https:\/\/www.europesays.com\/es\/wp-json\/wp\/v2\/media?parent=257507"}],"wp:term":[{"taxonomy":"category","embeddable":true,"href":"https:\/\/www.europesays.com\/es\/wp-json\/wp\/v2\/categories?post=257507"},{"taxonomy":"post_tag","embeddable":true,"href":"https:\/\/www.europesays.com\/es\/wp-json\/wp\/v2\/tags?post=257507"}],"curies":[{"name":"wp","href":"https:\/\/api.w.org\/{rel}","templated":true}]}}