{"id":257509,"date":"2025-11-26T22:05:24","date_gmt":"2025-11-26T22:05:24","guid":{"rendered":"https:\/\/www.europesays.com\/es\/257509\/"},"modified":"2025-11-26T22:05:24","modified_gmt":"2025-11-26T22:05:24","slug":"singapur-deporta-al-australiano-que-se-abalanzo-sobre-ariana-grande-durante-el-estreno-de-wicked-parte-ii-gente","status":"publish","type":"post","link":"https:\/\/www.europesays.com\/es\/257509\/","title":{"rendered":"Singapur deporta al australiano que se abalanz\u00f3 sobre Ariana Grande durante el estreno de \u2018Wicked: Parte II\u2019 | Gente"},"content":{"rendered":"<p class=\"\">Las autoridades de Inmigraci\u00f3n de Singapur han deportado a Johnson Wen, el australiano que se abalanz\u00f3 sobre Ariana Grande para abrazarla durante el estreno de la pel\u00edcula <a href=\"https:\/\/elpais.com\/cultura\/cine\/2025-11-21\/wicked-parte-ii-el-gran-espectaculo-musical-se-cierra-con-una-emocionante-alegoria-politica-sobre-el-bien-y-la-verdad.html\" target=\"_blank\" rel=\"noreferrer nofollow noopener\" title=\"https:\/\/elpais.com\/cultura\/cine\/2025-11-21\/wicked-parte-ii-el-gran-espectaculo-musical-se-cierra-con-una-emocionante-alegoria-politica-sobre-el-bien-y-la-verdad.html\">Wicked: Parte II <\/a>en Singapur, un momento que <a href=\"https:\/\/x.com\/HitsAndCharts\/status\/1988930513722306896\" target=\"_self\" rel=\"nofollow\" title=\"https:\/\/x.com\/HitsAndCharts\/status\/1988930513722306896\">fue recogido en un v\u00eddeo que se hizo viral.<\/a> La actriz y cantante vivi\u00f3 un momento tenso cuando un hombre logr\u00f3 sortear las barreras de seguridad y la agarr\u00f3 por sorpresa. El individuo se col\u00f3 entre el p\u00fablico y se abalanz\u00f3 sobre ella, provocando un sobresalto evidente en Grande, que gener\u00f3 gran revuelo entre los presentes. Su compa\u00f1era de reparto, <a href=\"https:\/\/elpais.com\/gente\/2024-11-24\/cynthia-erivo-la-orgullosa-actriz-negra-calva-y-bisexual-convertida-en-la-bruja-malvada-de-wicked-el-gran-musical-del-ano.html\" target=\"_blank\" rel=\"noreferrer nofollow noopener\" title=\"https:\/\/elpais.com\/gente\/2024-11-24\/cynthia-erivo-la-orgullosa-actriz-negra-calva-y-bisexual-convertida-en-la-bruja-malvada-de-wicked-el-gran-musical-del-ano.html\">Cynthia Erivo<\/a>, tuvo una reacci\u00f3n inmediata para protegerla al forcejear con el intruso hasta que la seguridad del evento intervino. <\/p>\n<p class=\"\">El organismo gubernamental indic\u00f3 al diario The Straits Times que este domingo, 23 de noviembre, envi\u00f3 de vuelta a su pa\u00eds a Wen, quien <a href=\"https:\/\/elpais.com\/gente\/2025-11-17\/nueve-dias-de-carcel-para-el-australiano-que-se-abalanzo-sobre-ariana-grande-en-el-estreno-de-wicked-2-en-singapur.html\" target=\"_self\" rel=\"nofollow noopener\" title=\"https:\/\/elpais.com\/gente\/2025-11-17\/nueve-dias-de-carcel-para-el-australiano-que-se-abalanzo-sobre-ariana-grande-en-el-estreno-de-wicked-2-en-singapur.html\">fue condenado a nueve d\u00edas de prisi\u00f3n por el delito de alterar el orden p\u00fablico<\/a>, y que adem\u00e1s este tiene prohibida la reentrada a la ciudad-Estado.<\/p>\n<p>M\u00e1s informaci\u00f3n<\/p>\n<p class=\"\">Wen se declar\u00f3 culpable del delito y pact\u00f3 con la fiscal\u00eda una semana en prisi\u00f3n, pero el magistrado Christopher Goh valor\u00f3 que el acusado es \u201creincidente\u201d y que con su acto planeado \u201cbuscaba llamar la atenci\u00f3n\u201d, por lo que estim\u00f3 que era adecuado un \u201cpeque\u00f1o aumento\u201d en el castigo y aumento su condena a nueve d\u00edas de c\u00e1rcel. \u201cQuiz\u00e1s pensabas que aqu\u00ed ocurrir\u00eda lo mismo, pero, se\u00f1or Wen, te equivocas. Debes tener en cuenta que siempre hay consecuencias para nuestros actos\u201d, declar\u00f3 el magistrado, seg\u00fan el citado medio. Singapur, isla semiautocr\u00e1tica con estrictas leyes que restringen las manifestaciones y preservan el orden p\u00fablico, castiga su alteraci\u00f3n con hasta tres meses de prisi\u00f3n y multas de un m\u00e1ximo de 2.000 d\u00f3lares singapurenses (unos 1.536,5 d\u00f3lares estadounidenses), seg\u00fan el C\u00f3digo Penal.<\/p>\n<p class=\"\">El australiano ya hab\u00eda protagonizado en el pasado episodios de este tipo, como los hechos ocurridos con la cantante estadounidense Katy Perry y el canadiense The Weeknd. Otro de ellos fue cuando salt\u00f3 al campo durante la final del Mundial femenino de f\u00fatbol de 2023, en el que comparti\u00f3 el incidente en su perfil en la red social Instagram, al igual que hizo sobre c\u00f3mo se estaba preparando para conocer a Ariana Grande y sus reacciones tras su arresto.<\/p>\n<p>El australiano Johnson Wen se abalanza sobre Ariana Grande en el estreno de &#8216;Wicked: Parte II&#8217; en Singapur.V\u00eddeo:  EPV<\/p>\n<p class=\"\">Ariana Grande no se ha pronunciado sobre el caso y ha continuado apareciendo en la promoci\u00f3n de la pel\u00edcula. La artista, <a href=\"https:\/\/elpais.com\/elpais\/2019\/09\/03\/gente\/1567507821_393793.html\" rel=\"nofollow noopener\" title=\"https:\/\/elpais.com\/elpais\/2019\/09\/03\/gente\/1567507821_393793.html\" target=\"_blank\">que ha admitido tener estr\u00e9s postraum\u00e1tico y depresi\u00f3n<\/a> tras el atentado del 22 de mayo de 2017 en M\u00e1nchester, que tuvo lugar a la salida de uno de sus conciertos y que caus\u00f3 22 v\u00edctimas mortales y m\u00e1s de un centenar de heridos, fue vista en estado de shock tras el asalto de Wen y consolada por sus compa\u00f1eras de reparto, Erivo y la oscarizada Michelle Yeoh. Por su parte, dos d\u00edas despu\u00e9s del incidente, la actriz brit\u00e1nica que interpreta a la bruja Elphaba <a href=\"https:\/\/elpais.com\/cultura\/2025-10-02\/wicked-el-poder-verde-conquista-espana-con-mucho-brilli-brilli-y-un-mensaje-antifascista.html\" rel=\"nofollow noopener\" title=\"https:\/\/elpais.com\/cultura\/2025-10-02\/wicked-el-poder-verde-conquista-espana-con-mucho-brilli-brilli-y-un-mensaje-antifascista.html\" target=\"_blank\">en Wicked<\/a> s\u00ed aludi\u00f3 al incidente cuando habl\u00f3 p\u00fablicamente de su relaci\u00f3n con Grande durante el rodaje: \u201cHemos pasado por algunas cosas en nuestras vidas, en nuestro trabajo diario&#8230; incluso esta \u00faltima semana, seamos honestas\u201d, dijo Erivo.<\/p>\n","protected":false},"excerpt":{"rendered":"Las autoridades de Inmigraci\u00f3n de Singapur han deportado a Johnson Wen, el australiano que se abalanz\u00f3 sobre Ariana&hellip;\n","protected":false},"author":2,"featured_media":257510,"comment_status":"","ping_status":"","sticky":false,"template":"","format":"standard","meta":{"footnotes":""},"categories":[170],"tags":[1015,30465,29932,3061,177,146,147,25,24,13802,256,260,1505,184,185,1748,23],"class_list":{"0":"post-257509","1":"post","2":"type-post","3":"status-publish","4":"format-standard","5":"has-post-thumbnail","7":"category-musica","8":"tag-actrices","9":"tag-ariana-grande","10":"tag-asaltos","11":"tag-cantantes","12":"tag-cine","13":"tag-entertainment","14":"tag-entretenimiento","15":"tag-es","16":"tag-espana","17":"tag-estrenos-cine","18":"tag-famosos","19":"tag-gente","20":"tag-hollywood","21":"tag-music","22":"tag-musica","23":"tag-singapur","24":"tag-spain"},"share_on_mastodon":{"url":"https:\/\/pubeurope.com\/@es\/115618271895135720","error":""},"_links":{"self":[{"href":"https:\/\/www.europesays.com\/es\/wp-json\/wp\/v2\/posts\/257509","targetHints":{"allow":["GET"]}}],"collection":[{"href":"https:\/\/www.europesays.com\/es\/wp-json\/wp\/v2\/posts"}],"about":[{"href":"https:\/\/www.europesays.com\/es\/wp-json\/wp\/v2\/types\/post"}],"author":[{"embeddable":true,"href":"https:\/\/www.europesays.com\/es\/wp-json\/wp\/v2\/users\/2"}],"replies":[{"embeddable":true,"href":"https:\/\/www.europesays.com\/es\/wp-json\/wp\/v2\/comments?post=257509"}],"version-history":[{"count":0,"href":"https:\/\/www.europesays.com\/es\/wp-json\/wp\/v2\/posts\/257509\/revisions"}],"wp:featuredmedia":[{"embeddable":true,"href":"https:\/\/www.europesays.com\/es\/wp-json\/wp\/v2\/media\/257510"}],"wp:attachment":[{"href":"https:\/\/www.europesays.com\/es\/wp-json\/wp\/v2\/media?parent=257509"}],"wp:term":[{"taxonomy":"category","embeddable":true,"href":"https:\/\/www.europesays.com\/es\/wp-json\/wp\/v2\/categories?post=257509"},{"taxonomy":"post_tag","embeddable":true,"href":"https:\/\/www.europesays.com\/es\/wp-json\/wp\/v2\/tags?post=257509"}],"curies":[{"name":"wp","href":"https:\/\/api.w.org\/{rel}","templated":true}]}}