{"id":257602,"date":"2025-11-26T23:11:14","date_gmt":"2025-11-26T23:11:14","guid":{"rendered":"https:\/\/www.europesays.com\/es\/257602\/"},"modified":"2025-11-26T23:11:14","modified_gmt":"2025-11-26T23:11:14","slug":"susanna-griso-revela-nuevos-detalles-sobre-su-boda-el-dress-code-la-exclusiva-y-el-tramite-que-ya-se-ha-quitado-de-encima","status":"publish","type":"post","link":"https:\/\/www.europesays.com\/es\/257602\/","title":{"rendered":"Susanna Griso revela nuevos detalles sobre su boda: el \u2018dress code\u2019, la exclusiva y el tr\u00e1mite que ya se ha \u201cquitado de encima\u201d"},"content":{"rendered":"<p><img alt=\"Susanna Griso y Luis Enr\u00edquez,\" class=\"global-image\" decoding=\"async\" fetchpriority=\"high\" height=\"1822\" loading=\"eager\" src=\"https:\/\/www.europesays.com\/es\/wp-content\/uploads\/2025\/11\/UA6VJI3D7NBE3BX4K3KKII5KHE.jpg\" width=\"3238\"\/>Susanna Griso y Luis Enr\u00edquez, en una fotograf\u00eda de archivo. (Antonio Guti\u00e9rrez\/Europa Press)<\/p>\n<p class=\"paragraph\"><b>Susanna Griso<\/b> y su prometido, <b>Luis Enr\u00edquez Nistal<\/b>, est\u00e1n inmersos en los <a rel=\"noopener noreferrer nofollow\" href=\"https:\/\/www.infobae.com\/espana\/2025\/10\/15\/susanna-griso-revela-todos-los-detalles-de-su-boda-con-luis-enriquez-nistal-del-codigo-de-vestimenta-a-su-pedida-de-mano\/\" target=\"_self\" title=\"https:\/\/www.infobae.com\/espana\/2025\/10\/15\/susanna-griso-revela-todos-los-detalles-de-su-boda-con-luis-enriquez-nistal-del-codigo-de-vestimenta-a-su-pedida-de-mano\/\">preparativos de su boda<\/a>, que se celebrar\u00e1 el pr\u00f3ximo 25 de julio en la Costa Brava. A falta de ocho meses para el esperado enlace, la presentadora de Espejo P\u00fablico ha revelado algunos detalles sobre c\u00f3mo ser\u00e1 su gran d\u00eda.<\/p>\n<p class=\"paragraph\">Griso, que ha amadrinado la primera edici\u00f3n de los Celebrity Pets Awards, ha confirmado a Europa Press que <a rel=\"noopener noreferrer nofollow\" href=\"https:\/\/www.infobae.com\/espana\/2025\/10\/14\/todo-sobre-luis-enriquez-nistal-el-prometido-de-susanna-griso-empresario-padre-de-dos-hijos-y-viejo-amigo-de-la-presentadora\/\" target=\"_self\" title=\"https:\/\/www.infobae.com\/espana\/2025\/10\/14\/todo-sobre-luis-enriquez-nistal-el-prometido-de-susanna-griso-empresario-padre-de-dos-hijos-y-viejo-amigo-de-la-presentadora\/\">se casar\u00e1 con Enr\u00edquez<\/a> en un pueblo de la Costa Brava, en la provincia de Girona, aunque la pareja no ha desvelado a\u00fan la <b>localizaci\u00f3n exacta<\/b> de su boda civil.<\/p>\n<p class=\"paragraph\">En sus declaraciones, la periodista ha asegurado que todav\u00eda no tiene su <b>vestido de novia<\/b> y ha insistido en que la boda ser\u00e1 una fiesta de car\u00e1cter informal, alejada de los protocolos tradicionales. En palabras de la presentadora, el dress code ser\u00e1 \u201crelajado\u201d, permitiendo a los asistentes prescindir de corbatas y americanas.<\/p>\n<p class=\"paragraph\">Adem\u00e1s, Griso ha descartado la posibilidad de vender su boda en una <b>exclusiva medi\u00e1tica<\/b>, aunque ha asegurado que tanto ella como Luis posar\u00e1n para la prensa tras la ceremonia, en un gesto de generosidad de la presentadora hacia sus compa\u00f1eros de profesi\u00f3n.<\/p>\n<p class=\"paragraph\">En cuanto a la organizaci\u00f3n de la boda, Griso ha se\u00f1alado que la parte m\u00e1s compleja ya est\u00e1 resuelta. \u201cYo me he quitado de encima toda la parte pesada. Que es todo <b>el tema de las mesas<\/b>, todo esto me lo he quitado de encima\u201d, ha afirmado, dejando caer que su enlace no se acoger\u00e1 a las normas de protocolo habituales.<\/p>\n<p><img alt=\"Susanna Griso, en los Pet\" class=\"global-image\" decoding=\"async\" fetchpriority=\"low\" height=\"1440\" loading=\"lazy\" src=\"https:\/\/www.europesays.com\/es\/wp-content\/uploads\/2025\/11\/2RGA2OZQ55DVTOESDNPZSK5G5A.jpg\" width=\"1920\"\/>Susanna Griso, en los Pet Celebrity Awards. (Europa Press)<\/p>\n<p class=\"paragraph\">La presentadora ha subrayado su intenci\u00f3n de disfrutar del proceso y evitar el estr\u00e9s com\u00fan de este tipo de celebraciones. \u201c<b>Es que si te casas es para disfrutar. <\/b>Uno tiene que aprender a estas alturas de la vida y quedarse con lo bueno\u201d, ha expresado.<\/p>\n<p class=\"paragraph\">Pese a que Susanna y Luis se planteaban celebrar una ceremonia \u00edntima, finalmente la <b>lista de invitados<\/b> ser\u00e1 amplia, seg\u00fan ha reconocido la comunicadora. Y es que la cantidad de compromisos y amistades de ambos ha hecho que el n\u00famero de asistentes aumente considerablemente.<\/p>\n<p class=\"paragraph\">En sus recientes declaraciones, la presentadora ha confirmado que sus compa\u00f1eros de <b>Espejo P\u00fablico<\/b> estar\u00e1n invitados, y se espera la presencia de numerosos amigos del entorno medi\u00e1tico.<\/p>\n<p class=\"paragraph\">Respecto a la participaci\u00f3n de sus mascotas, Griso ha aclarado que sus perros, a pesar de ser parte fundamental de su familia, no estar\u00e1n presentes en la ceremonia. \u201c<a rel=\"noopener noreferrer nofollow\" href=\"https:\/\/www.infobae.com\/espana\/2025\/10\/09\/susanna-griso-y-luis-enriquez-nistal-preparan-su-boda-para-2026-la-fecha-y-el-lugar-que-han-elegido\/\" target=\"_self\" title=\"https:\/\/www.infobae.com\/espana\/2025\/10\/09\/susanna-griso-y-luis-enriquez-nistal-preparan-su-boda-para-2026-la-fecha-y-el-lugar-que-han-elegido\/\">Los preparativos<\/a> van bien. Una nueva vida y mis perros van a formar parte, somos una familia numeros\u00edsima, pero en mi boda no estar\u00e1n. Ya bastante tengo con todos los invitados, los hijos\u2026\u201c, ha bromeado.<\/p>\n","protected":false},"excerpt":{"rendered":"Susanna Griso y Luis Enr\u00edquez, en una fotograf\u00eda de archivo. (Antonio Guti\u00e9rrez\/Europa Press) Susanna Griso y su prometido,&hellip;\n","protected":false},"author":2,"featured_media":257603,"comment_status":"","ping_status":"","sticky":false,"template":"","format":"standard","meta":{"footnotes":""},"categories":[174],"tags":[50363,9395,255,6996,146,147,25,24,256,64655,2477,23,30447],"class_list":{"0":"post-257602","1":"post","2":"type-post","3":"status-publish","4":"format-standard","5":"has-post-thumbnail","7":"category-famosos","8":"tag-antonio-gutierrez","9":"tag-category_code_sho","10":"tag-celebrities","11":"tag-cumpleanos","12":"tag-entertainment","13":"tag-entretenimiento","14":"tag-es","15":"tag-espana","16":"tag-famosos","17":"tag-luis-enriquez","18":"tag-pareja","19":"tag-spain","20":"tag-susanna-griso"},"share_on_mastodon":{"url":"https:\/\/pubeurope.com\/@es\/115618532335519253","error":""},"_links":{"self":[{"href":"https:\/\/www.europesays.com\/es\/wp-json\/wp\/v2\/posts\/257602","targetHints":{"allow":["GET"]}}],"collection":[{"href":"https:\/\/www.europesays.com\/es\/wp-json\/wp\/v2\/posts"}],"about":[{"href":"https:\/\/www.europesays.com\/es\/wp-json\/wp\/v2\/types\/post"}],"author":[{"embeddable":true,"href":"https:\/\/www.europesays.com\/es\/wp-json\/wp\/v2\/users\/2"}],"replies":[{"embeddable":true,"href":"https:\/\/www.europesays.com\/es\/wp-json\/wp\/v2\/comments?post=257602"}],"version-history":[{"count":0,"href":"https:\/\/www.europesays.com\/es\/wp-json\/wp\/v2\/posts\/257602\/revisions"}],"wp:featuredmedia":[{"embeddable":true,"href":"https:\/\/www.europesays.com\/es\/wp-json\/wp\/v2\/media\/257603"}],"wp:attachment":[{"href":"https:\/\/www.europesays.com\/es\/wp-json\/wp\/v2\/media?parent=257602"}],"wp:term":[{"taxonomy":"category","embeddable":true,"href":"https:\/\/www.europesays.com\/es\/wp-json\/wp\/v2\/categories?post=257602"},{"taxonomy":"post_tag","embeddable":true,"href":"https:\/\/www.europesays.com\/es\/wp-json\/wp\/v2\/tags?post=257602"}],"curies":[{"name":"wp","href":"https:\/\/api.w.org\/{rel}","templated":true}]}}