{"id":257606,"date":"2025-11-26T23:14:24","date_gmt":"2025-11-26T23:14:24","guid":{"rendered":"https:\/\/www.europesays.com\/es\/257606\/"},"modified":"2025-11-26T23:14:24","modified_gmt":"2025-11-26T23:14:24","slug":"hbo-max-prepara-series-dedicadas-a-don-ramon-y-al-chapulin-colorado","status":"publish","type":"post","link":"https:\/\/www.europesays.com\/es\/257606\/","title":{"rendered":"HBO Max prepara series dedicadas a &#8216;Don Ram\u00f3n&#8217; y al &#8216;Chapul\u00edn Colorado&#8217;"},"content":{"rendered":"<p>HBO Max anunci\u00f3 que en 2026 regresar\u00e1n a la pantalla personajes emblem\u00e1ticos creados por Roberto G\u00f3mez Bola\u00f1os. La plataforma prepara una serie live-action centrada en &#8216;Don Ram\u00f3n&#8217; y una producci\u00f3n animada basada en &#8216;El Chapul\u00edn Colorado&#8217;.\u00a0<\/p>\n<p>Los proyectos buscan conectar con audiencias que crecieron con estos personajes y con nuevas generaciones, seg\u00fan lo presentado durante un reciente evento de la compa\u00f1\u00eda en Latinoam\u00e9rica.<\/p>\n<p class=\"c-leatambien__titulo\"> LEA TAMBI\u00c9N <\/p>\n<p><img decoding=\"async\" alt=\"Jeanette\" width=\"120\" height=\"120\" loading=\"lazy\" src=\"https:\/\/imagenes2.eltiempo.com\/files\/image_120_120\/uploads\/2025\/07\/19\/687bfa31f11ce.jpeg\" data-full-src=\"https:\/\/www.europesays.com\/es\/wp-content\/uploads\/2025\/11\/687bfa31f11ce.jpeg\"\/>&#8216;Don Ram\u00f3n&#8217;, la primera serie live-action del proyecto<\/p>\n<p>La primera propuesta confirmada es \u201cDon Ram\u00f3n\u201d, una comedia live-action inspirada en el personaje que interpret\u00f3 Ram\u00f3n Vald\u00e9s en &#8216;El Chavo del 8&#8217;.<\/p>\n<p>Mariano C\u00e9sar, vicepresidente s\u00e9nior de contenidos para HBO Max Latinoam\u00e9rica, <b>se\u00f1al\u00f3 que la intenci\u00f3n es explorar el humor del personaje desde una perspectiva juvenil y contempor\u00e1nea,<\/b> manteniendo sus rasgos caracter\u00edsticos.<\/p>\n<blockquote class=\"twitter-tweet\">\n<p lang=\"es\" dir=\"ltr\">\u00a1Con permisito, llega Don Ram\u00f3n! La nueva serie inspirada en el inolvidable personaje original de El Chavo del Ocho, muy pronto solo en HBO Max. <a href=\"https:\/\/t.co\/zkUwutdVfi\" rel=\"nofollow\">pic.twitter.com\/zkUwutdVfi<\/a><\/p>\n<p>\u2014 HBO Max Latinoam\u00e9rica (@StreamMaxLA) <a href=\"https:\/\/twitter.com\/StreamMaxLA\/status\/1993425102722253286?ref_src=twsrc%5Etfw\" rel=\"nofollow noopener\" target=\"_blank\">November 25, 2025<\/a><\/p><\/blockquote>\n<p>La serie se encuentra en fase inicial. La plataforma est\u00e1 en conversaciones con posibles guionistas y volver\u00e1 a colaborar con THR3 Media Group, compa\u00f1\u00eda que particip\u00f3 en la bioserie &#8216;Chespirito: Sin Querer Queriendo&#8217;.<\/p>\n<p class=\"c-leatambien__titulo\"> LEA TAMBI\u00c9N <\/p>\n<p><img decoding=\"async\" alt=\"Florinda Meza defiende a \u00c1ngela Aguilar y compara las cr\u00edticas que reciben ambas:\" width=\"120\" height=\"120\" loading=\"lazy\" src=\"https:\/\/imagenes2.eltiempo.com\/files\/image_120_120\/files\/fp\/uploads\/2025\/10\/03\/68e011753098a.r_d.334-147.png\" data-full-src=\"https:\/\/www.europesays.com\/es\/wp-content\/uploads\/2025\/11\/68e011753098a.png\"\/>Regreso animado del h\u00e9roe de las &#8216;antenitas de vinil&#8217;<\/p>\n<p>El universo del superh\u00e9roe creado por G\u00f3mez Bola\u00f1os regresar\u00e1 en formato animado con la serie &#8216;<b>Los Colorado&#8217;, prevista para estrenarse a inicios del pr\u00f3ximo a\u00f1o. <\/b>La producci\u00f3n presentar\u00e1 nuevos villanos y una din\u00e1mica familiar in\u00e9dita, mostrando al personaje acompa\u00f1ado de su pareja y dos hijos.<\/p>\n<p>Francisco Herrera, artista de Huevocartoon, difundi\u00f3 en redes sociales la primera imagen oficial, donde aparece un Chapul\u00edn con dise\u00f1o renovado, su escudo en forma de coraz\u00f3n y el Chipote Chill\u00f3n.<\/p>\n<p>La serie, a cargo de Huevocartoon, Grupo Chespirito y Thr3 Studios, contar\u00e1 con 20 episodios de 24 minutos y estar\u00e1 dirigida a ni\u00f1os y preadolescentes.\u00a0<\/p>\n<p>El Universal (M\u00e9xico) \/ GDA.\u00a0<\/p>\n<p>M\u00e1s noticias en EL TIEMPO<\/p>\n<p>*Este contenido fue reescrito con la asistencia de una inteligencia artificial, basado en informaci\u00f3n de El Universal (GDA), y cont\u00f3 con la revisi\u00f3n de la periodista y un editor.\u00a0<\/p>\n<p><script async src=\"https:\/\/platform.twitter.com\/widgets.js\" charset=\"utf-8\"><\/script><\/p>\n","protected":false},"excerpt":{"rendered":"HBO Max anunci\u00f3 que en 2026 regresar\u00e1n a la pantalla personajes emblem\u00e1ticos creados por Roberto G\u00f3mez Bola\u00f1os. La&hellip;\n","protected":false},"author":2,"featured_media":257607,"comment_status":"","ping_status":"","sticky":false,"template":"","format":"standard","meta":{"footnotes":""},"categories":[171],"tags":[3005,146,147,25,24,3526,3668,805,23,214],"class_list":{"0":"post-257606","1":"post","2":"type-post","3":"status-publish","4":"format-standard","5":"has-post-thumbnail","7":"category-tv","8":"tag-chespirito","9":"tag-entertainment","10":"tag-entretenimiento","11":"tag-es","12":"tag-espana","13":"tag-hbo-max","14":"tag-roberto-gomez-bolanos","15":"tag-series","16":"tag-spain","17":"tag-tv"},"share_on_mastodon":{"url":"https:\/\/pubeurope.com\/@es\/115618544433772050","error":""},"_links":{"self":[{"href":"https:\/\/www.europesays.com\/es\/wp-json\/wp\/v2\/posts\/257606","targetHints":{"allow":["GET"]}}],"collection":[{"href":"https:\/\/www.europesays.com\/es\/wp-json\/wp\/v2\/posts"}],"about":[{"href":"https:\/\/www.europesays.com\/es\/wp-json\/wp\/v2\/types\/post"}],"author":[{"embeddable":true,"href":"https:\/\/www.europesays.com\/es\/wp-json\/wp\/v2\/users\/2"}],"replies":[{"embeddable":true,"href":"https:\/\/www.europesays.com\/es\/wp-json\/wp\/v2\/comments?post=257606"}],"version-history":[{"count":0,"href":"https:\/\/www.europesays.com\/es\/wp-json\/wp\/v2\/posts\/257606\/revisions"}],"wp:featuredmedia":[{"embeddable":true,"href":"https:\/\/www.europesays.com\/es\/wp-json\/wp\/v2\/media\/257607"}],"wp:attachment":[{"href":"https:\/\/www.europesays.com\/es\/wp-json\/wp\/v2\/media?parent=257606"}],"wp:term":[{"taxonomy":"category","embeddable":true,"href":"https:\/\/www.europesays.com\/es\/wp-json\/wp\/v2\/categories?post=257606"},{"taxonomy":"post_tag","embeddable":true,"href":"https:\/\/www.europesays.com\/es\/wp-json\/wp\/v2\/tags?post=257606"}],"curies":[{"name":"wp","href":"https:\/\/api.w.org\/{rel}","templated":true}]}}