{"id":257608,"date":"2025-11-26T23:15:53","date_gmt":"2025-11-26T23:15:53","guid":{"rendered":"https:\/\/www.europesays.com\/es\/257608\/"},"modified":"2025-11-26T23:15:53","modified_gmt":"2025-11-26T23:15:53","slug":"cien-anos-de-emisiones-de-radio-local-en-cartagena","status":"publish","type":"post","link":"https:\/\/www.europesays.com\/es\/257608\/","title":{"rendered":"Cien a\u00f1os de emisiones de radio local en Cartagena"},"content":{"rendered":"<p class=\"v-mdl-ath__p v-mdl-ath__p--6\">\nMartes, 25 de noviembre 2025, 19:56<\/p>\n<p class=\"v-p\">Cartagena ha recuperado esta semana uno de los momentos m\u00e1s destacados de su historia, con la inauguraci\u00f3n de la exposici\u00f3n en la que se rememora el centenario de la primera emisi\u00f3n de un programa de radio en el a\u00f1o 1925, que la convirti\u00f3 en una de las diez primeras ciudades espa\u00f1olas en emitir en abierto. <\/p>\n<p class=\"v-p\">La inauguraci\u00f3n comenz\u00f3 con una representaci\u00f3n teatralizada, dirigida por Pepe Ortas, en la que se pudo escuchar el mensaje del alcalde de la \u00e9poca, Alfonso Torres, al pueblo cartagenero que fue transmitido por la radio en aquel primer programa, al igual que el conocido pasodoble local &#8216;Suspiros del Espa\u00f1a&#8217;. <\/p>\n<p class=\"v-p\">La muestra, organizada por los cronistas de la ciudad en colaboraci\u00f3n con el Ayuntamiento, ofrece al visitante la oportunidad de conocer muchos de los equipos que este medio empleaba hace m\u00e1s de cien a\u00f1os, gracias a la colecci\u00f3n que Joaqu\u00edn Roca Dorda ha prestado para la ocasi\u00f3n. Adem\u00e1s, est\u00e1 ilustrada con im\u00e1genes de los locutores y t\u00e9cnicos de aquella \u00e9poca y de momentos ic\u00f3nicos como el nacimiento de la emblem\u00e1tica Radio Juventud.<\/p>\n<p><img decoding=\"async\" loading=\"lazy\" src=\"https:\/\/www.europesays.com\/es\/wp-content\/uploads\/2025\/11\/radio-ag (8).jpg\" class=\"v-a-img\" width=\"624\" height=\"900\" alt=\"Cien a\u00f1os de emisiones de radio local en Cartagena\"\/><\/p>\n<p><img decoding=\"async\" loading=\"lazy\" src=\"https:\/\/www.europesays.com\/es\/wp-content\/uploads\/2025\/11\/radio-ag (8).jpg\" class=\"v-mdl__img-z\" width=\"624\" height=\"900\" alt=\"Cien a\u00f1os de emisiones de radio local en Cartagena\"\/><\/p>\n<p><img loading=\"lazy\" decoding=\"async\" src=\"https:\/\/www.europesays.com\/es\/wp-content\/uploads\/2025\/11\/radio-ag (8).jpg\" class=\"v-mdl__img-z\" width=\"624\" height=\"900\" alt=\"Cien a\u00f1os de emisiones de radio local en Cartagena\"\/><\/p>\n<p><img decoding=\"async\" loading=\"lazy\" src=\"https:\/\/www.europesays.com\/es\/wp-content\/uploads\/2025\/11\/radio-ag (1).jpg\" class=\"v-a-img\" width=\"624\" height=\"900\" alt=\"Cien a\u00f1os de emisiones de radio local en Cartagena\"\/><\/p>\n<p><img decoding=\"async\" loading=\"lazy\" src=\"https:\/\/www.europesays.com\/es\/wp-content\/uploads\/2025\/11\/radio-ag (1).jpg\" class=\"v-mdl__img-z\" width=\"624\" height=\"900\" alt=\"Cien a\u00f1os de emisiones de radio local en Cartagena\"\/><\/p>\n<p><img loading=\"lazy\" decoding=\"async\" src=\"https:\/\/www.europesays.com\/es\/wp-content\/uploads\/2025\/11\/radio-ag (1).jpg\" class=\"v-mdl__img-z\" width=\"624\" height=\"900\" alt=\"Cien a\u00f1os de emisiones de radio local en Cartagena\"\/><\/p>\n<p><img decoding=\"async\" loading=\"lazy\" src=\"https:\/\/www.europesays.com\/es\/wp-content\/uploads\/2025\/11\/radio-ag (10).jpg\" class=\"v-a-img\" width=\"624\" height=\"900\" alt=\"Cien a\u00f1os de emisiones de radio local en Cartagena\"\/><\/p>\n<p><img decoding=\"async\" loading=\"lazy\" src=\"https:\/\/www.europesays.com\/es\/wp-content\/uploads\/2025\/11\/radio-ag (10).jpg\" class=\"v-mdl__img-z\" width=\"624\" height=\"900\" alt=\"Cien a\u00f1os de emisiones de radio local en Cartagena\"\/><\/p>\n<p><img loading=\"lazy\" decoding=\"async\" src=\"https:\/\/www.europesays.com\/es\/wp-content\/uploads\/2025\/11\/radio-ag (10).jpg\" class=\"v-mdl__img-z\" width=\"624\" height=\"900\" alt=\"Cien a\u00f1os de emisiones de radio local en Cartagena\"\/><\/p>\n<p><img decoding=\"async\" loading=\"lazy\" src=\"https:\/\/www.europesays.com\/es\/wp-content\/uploads\/2025\/11\/radio-ag (2).jpg\" class=\"v-a-img\" width=\"624\" height=\"900\" alt=\"Cien a\u00f1os de emisiones de radio local en Cartagena\"\/><\/p>\n<p><img decoding=\"async\" loading=\"lazy\" src=\"https:\/\/www.europesays.com\/es\/wp-content\/uploads\/2025\/11\/radio-ag (2).jpg\" class=\"v-mdl__img-z\" width=\"624\" height=\"900\" alt=\"Cien a\u00f1os de emisiones de radio local en Cartagena\"\/><\/p>\n<p><img loading=\"lazy\" decoding=\"async\" src=\"https:\/\/www.europesays.com\/es\/wp-content\/uploads\/2025\/11\/radio-ag (2).jpg\" class=\"v-mdl__img-z\" width=\"624\" height=\"900\" alt=\"Cien a\u00f1os de emisiones de radio local en Cartagena\"\/><\/p>\n<p><img decoding=\"async\" loading=\"lazy\" src=\"https:\/\/www.europesays.com\/es\/wp-content\/uploads\/2025\/11\/radio-ag (3).jpg\" class=\"v-a-img\" width=\"624\" height=\"900\" alt=\"Cien a\u00f1os de emisiones de radio local en Cartagena\"\/><\/p>\n<p><img decoding=\"async\" loading=\"lazy\" src=\"https:\/\/www.europesays.com\/es\/wp-content\/uploads\/2025\/11\/radio-ag (3).jpg\" class=\"v-mdl__img-z\" width=\"624\" height=\"900\" alt=\"Cien a\u00f1os de emisiones de radio local en Cartagena\"\/><\/p>\n<p><img loading=\"lazy\" decoding=\"async\" src=\"https:\/\/www.europesays.com\/es\/wp-content\/uploads\/2025\/11\/radio-ag (3).jpg\" class=\"v-mdl__img-z\" width=\"624\" height=\"900\" alt=\"Cien a\u00f1os de emisiones de radio local en Cartagena\"\/><\/p>\n<p><img decoding=\"async\" loading=\"lazy\" src=\"https:\/\/www.europesays.com\/es\/wp-content\/uploads\/2025\/11\/radio-ag (4).jpg\" class=\"v-a-img\" width=\"624\" height=\"900\" alt=\"Cien a\u00f1os de emisiones de radio local en Cartagena\"\/><\/p>\n<p><img decoding=\"async\" loading=\"lazy\" src=\"https:\/\/www.europesays.com\/es\/wp-content\/uploads\/2025\/11\/radio-ag (4).jpg\" class=\"v-mdl__img-z\" width=\"624\" height=\"900\" alt=\"Cien a\u00f1os de emisiones de radio local en Cartagena\"\/><\/p>\n<p><img loading=\"lazy\" decoding=\"async\" src=\"https:\/\/www.europesays.com\/es\/wp-content\/uploads\/2025\/11\/radio-ag (4).jpg\" class=\"v-mdl__img-z\" width=\"624\" height=\"900\" alt=\"Cien a\u00f1os de emisiones de radio local en Cartagena\"\/><\/p>\n<p><img decoding=\"async\" loading=\"lazy\" src=\"https:\/\/www.europesays.com\/es\/wp-content\/uploads\/2025\/11\/radio-ag (5).jpg\" class=\"v-a-img\" width=\"624\" height=\"900\" alt=\"Cien a\u00f1os de emisiones de radio local en Cartagena\"\/><\/p>\n<p><img decoding=\"async\" loading=\"lazy\" src=\"https:\/\/www.europesays.com\/es\/wp-content\/uploads\/2025\/11\/radio-ag (5).jpg\" class=\"v-mdl__img-z\" width=\"624\" height=\"900\" alt=\"Cien a\u00f1os de emisiones de radio local en Cartagena\"\/><\/p>\n<p><img loading=\"lazy\" decoding=\"async\" src=\"https:\/\/www.europesays.com\/es\/wp-content\/uploads\/2025\/11\/radio-ag (5).jpg\" class=\"v-mdl__img-z\" width=\"624\" height=\"900\" alt=\"Cien a\u00f1os de emisiones de radio local en Cartagena\"\/><\/p>\n<p><img decoding=\"async\" loading=\"lazy\" src=\"https:\/\/www.europesays.com\/es\/wp-content\/uploads\/2025\/11\/radio-ag (6).jpg\" class=\"v-a-img\" width=\"624\" height=\"900\" alt=\"Cien a\u00f1os de emisiones de radio local en Cartagena\"\/><\/p>\n<p><img decoding=\"async\" loading=\"lazy\" src=\"https:\/\/www.europesays.com\/es\/wp-content\/uploads\/2025\/11\/radio-ag (6).jpg\" class=\"v-mdl__img-z\" width=\"624\" height=\"900\" alt=\"Cien a\u00f1os de emisiones de radio local en Cartagena\"\/><\/p>\n<p><img loading=\"lazy\" decoding=\"async\" src=\"https:\/\/www.europesays.com\/es\/wp-content\/uploads\/2025\/11\/radio-ag (6).jpg\" class=\"v-mdl__img-z\" width=\"624\" height=\"900\" alt=\"Cien a\u00f1os de emisiones de radio local en Cartagena\"\/><\/p>\n<p><img decoding=\"async\" loading=\"lazy\" src=\"https:\/\/www.europesays.com\/es\/wp-content\/uploads\/2025\/11\/radio-ag (7).jpg\" class=\"v-a-img\" width=\"624\" height=\"900\" alt=\"Cien a\u00f1os de emisiones de radio local en Cartagena\"\/><\/p>\n<p><img decoding=\"async\" loading=\"lazy\" src=\"https:\/\/www.europesays.com\/es\/wp-content\/uploads\/2025\/11\/radio-ag (7).jpg\" class=\"v-mdl__img-z\" width=\"624\" height=\"900\" alt=\"Cien a\u00f1os de emisiones de radio local en Cartagena\"\/><\/p>\n<p><img loading=\"lazy\" decoding=\"async\" src=\"https:\/\/www.europesays.com\/es\/wp-content\/uploads\/2025\/11\/radio-ag (7).jpg\" class=\"v-mdl__img-z\" width=\"624\" height=\"900\" alt=\"Cien a\u00f1os de emisiones de radio local en Cartagena\"\/><\/p>\n<p><img decoding=\"async\" loading=\"lazy\" src=\"https:\/\/www.europesays.com\/es\/wp-content\/uploads\/2025\/11\/radio-ag (9).jpg\" class=\"v-a-img\" width=\"624\" height=\"900\" alt=\"Cien a\u00f1os de emisiones de radio local en Cartagena\"\/><\/p>\n<p><img decoding=\"async\" loading=\"lazy\" src=\"https:\/\/www.europesays.com\/es\/wp-content\/uploads\/2025\/11\/radio-ag (9).jpg\" class=\"v-mdl__img-z\" width=\"624\" height=\"900\" alt=\"Cien a\u00f1os de emisiones de radio local en Cartagena\"\/><\/p>\n<p><img loading=\"lazy\" decoding=\"async\" src=\"https:\/\/www.europesays.com\/es\/wp-content\/uploads\/2025\/11\/radio-ag (9).jpg\" class=\"v-mdl__img-z\" width=\"624\" height=\"900\" alt=\"Cien a\u00f1os de emisiones de radio local en Cartagena\"\/><\/p>\n","protected":false},"excerpt":{"rendered":"Martes, 25 de noviembre 2025, 19:56 Cartagena ha recuperado esta semana uno de los momentos m\u00e1s destacados de&hellip;\n","protected":false},"author":2,"featured_media":257609,"comment_status":"","ping_status":"","sticky":false,"template":"","format":"standard","meta":{"footnotes":""},"categories":[170],"tags":[988,4995,32339,15558,146,147,25,24,2552,184,185,1448,23],"class_list":{"0":"post-257608","1":"post","2":"type-post","3":"status-publish","4":"format-standard","5":"has-post-thumbnail","7":"category-musica","8":"tag-anos","9":"tag-cartagena","10":"tag-cien","11":"tag-emisiones","12":"tag-entertainment","13":"tag-entretenimiento","14":"tag-es","15":"tag-espana","16":"tag-local","17":"tag-music","18":"tag-musica","19":"tag-radio","20":"tag-spain"},"share_on_mastodon":{"url":"https:\/\/pubeurope.com\/@es\/115618551823707640","error":""},"_links":{"self":[{"href":"https:\/\/www.europesays.com\/es\/wp-json\/wp\/v2\/posts\/257608","targetHints":{"allow":["GET"]}}],"collection":[{"href":"https:\/\/www.europesays.com\/es\/wp-json\/wp\/v2\/posts"}],"about":[{"href":"https:\/\/www.europesays.com\/es\/wp-json\/wp\/v2\/types\/post"}],"author":[{"embeddable":true,"href":"https:\/\/www.europesays.com\/es\/wp-json\/wp\/v2\/users\/2"}],"replies":[{"embeddable":true,"href":"https:\/\/www.europesays.com\/es\/wp-json\/wp\/v2\/comments?post=257608"}],"version-history":[{"count":0,"href":"https:\/\/www.europesays.com\/es\/wp-json\/wp\/v2\/posts\/257608\/revisions"}],"wp:featuredmedia":[{"embeddable":true,"href":"https:\/\/www.europesays.com\/es\/wp-json\/wp\/v2\/media\/257609"}],"wp:attachment":[{"href":"https:\/\/www.europesays.com\/es\/wp-json\/wp\/v2\/media?parent=257608"}],"wp:term":[{"taxonomy":"category","embeddable":true,"href":"https:\/\/www.europesays.com\/es\/wp-json\/wp\/v2\/categories?post=257608"},{"taxonomy":"post_tag","embeddable":true,"href":"https:\/\/www.europesays.com\/es\/wp-json\/wp\/v2\/tags?post=257608"}],"curies":[{"name":"wp","href":"https:\/\/api.w.org\/{rel}","templated":true}]}}