{"id":257621,"date":"2025-11-26T23:24:08","date_gmt":"2025-11-26T23:24:08","guid":{"rendered":"https:\/\/www.europesays.com\/es\/257621\/"},"modified":"2025-11-26T23:24:08","modified_gmt":"2025-11-26T23:24:08","slug":"uno-de-los-magistrados-que-ha-condenado-al-fiscal-general-dirigio-la-tesis-del-abogado-del-novio-de-ayuso-tribunales","status":"publish","type":"post","link":"https:\/\/www.europesays.com\/es\/257621\/","title":{"rendered":"Uno de los magistrados que ha condenado al fiscal general dirigi\u00f3 la tesis del abogado del novio de Ayuso | Tribunales"},"content":{"rendered":"<p>El magistrado del Tribunal Supremo, Antonio del Moral, que fue uno de los cinco miembros de la sala que admiti\u00f3 a tr\u00e1mite la exposici\u00f3n razonada para investigar a \u00c1lvaro Garc\u00eda Ortiz y que ha sido uno de los que ha firmado su condena dirigi\u00f3 la tesis del abogado del novio de Ayuso, acusaci\u00f3n particular en esta causa. Seg\u00fan ha avanzado eldiario.es y ha confirmado la Cadena SER, Gabriel Rodr\u00edguez Ramos defendi\u00f3 su trabajo en la Universidad Complutense el 15 de octubre de 2024, el mismo d\u00eda que el alto tribunal abri\u00f3 el proceso penal contra el ex fiscal general. <\/p>\n<p>En el cap\u00edtulo de agradecimientos de su tesis doctoral titulada \u00abIdentidad fundamental de la actuaci\u00f3n empresarial punible\u00bb, Rodr\u00edguez Ramos tiene palabras de agradecimiento para sus dos directores y escribe \u00aba mis directores por su esfuerzo, su paciencia y por la sabia gu\u00eda que me han dado durante todo este tiempo para llevarme hasta aqu\u00ed\u00bb. Junto a Del Moral, dirige la tesis Alfredo Li\u00f1\u00e1n. <\/p>\n<p>La ley org\u00e1nica del Poder Judicial establece la \u00abamistad manifiesta\u00bb como causa de abstenci\u00f3n en procesos judiciales. Catedr\u00e1ticos consultados por la Cadena SER sostienen que el aspirante a doctor y su director de tesis establecen una \u00abrelaci\u00f3n cualificada de confianza\u00bb y un \u00abv\u00ednculo personal y profesional profundo porque tu carrera profesional depende del director y su prestigio va ligado al resultado de la tesis doctoral\u00bb. El director de tesis revisa el trabajo, cada texto, y hasta que no est\u00e9 listo no te permite defenderlo. En este sentido subrayan que en el mundo universitario un director de tesis no participa en los procesos de selecci\u00f3n futuros a los que aspire su pupilo ni tampoco forma tribunal para evaluar cualquiera de sus siguientes trabajos.<\/p>\n","protected":false},"excerpt":{"rendered":"El magistrado del Tribunal Supremo, Antonio del Moral, que fue uno de los cinco miembros de la sala&hellip;\n","protected":false},"author":2,"featured_media":257622,"comment_status":"","ping_status":"","sticky":false,"template":"","format":"standard","meta":{"footnotes":""},"categories":[8],"tags":[17,18,25,24,13,14,11,19,20,9,10,15,16,23,12,21,22],"class_list":{"0":"post-257621","1":"post","2":"type-post","3":"status-publish","4":"format-standard","5":"has-post-thumbnail","7":"category-espana","8":"tag-breaking-news","9":"tag-breakingnews","10":"tag-es","11":"tag-espana","12":"tag-featured-news","13":"tag-featurednews","14":"tag-headlines","15":"tag-latest-news","16":"tag-latestnews","17":"tag-news","18":"tag-noticias","19":"tag-noticias-destacadas","20":"tag-noticiasdestacadas","21":"tag-spain","22":"tag-titulares","23":"tag-ultimas-noticias","24":"tag-ultimasnoticias"},"share_on_mastodon":{"url":"https:\/\/pubeurope.com\/@es\/115618582739718200","error":""},"_links":{"self":[{"href":"https:\/\/www.europesays.com\/es\/wp-json\/wp\/v2\/posts\/257621","targetHints":{"allow":["GET"]}}],"collection":[{"href":"https:\/\/www.europesays.com\/es\/wp-json\/wp\/v2\/posts"}],"about":[{"href":"https:\/\/www.europesays.com\/es\/wp-json\/wp\/v2\/types\/post"}],"author":[{"embeddable":true,"href":"https:\/\/www.europesays.com\/es\/wp-json\/wp\/v2\/users\/2"}],"replies":[{"embeddable":true,"href":"https:\/\/www.europesays.com\/es\/wp-json\/wp\/v2\/comments?post=257621"}],"version-history":[{"count":0,"href":"https:\/\/www.europesays.com\/es\/wp-json\/wp\/v2\/posts\/257621\/revisions"}],"wp:featuredmedia":[{"embeddable":true,"href":"https:\/\/www.europesays.com\/es\/wp-json\/wp\/v2\/media\/257622"}],"wp:attachment":[{"href":"https:\/\/www.europesays.com\/es\/wp-json\/wp\/v2\/media?parent=257621"}],"wp:term":[{"taxonomy":"category","embeddable":true,"href":"https:\/\/www.europesays.com\/es\/wp-json\/wp\/v2\/categories?post=257621"},{"taxonomy":"post_tag","embeddable":true,"href":"https:\/\/www.europesays.com\/es\/wp-json\/wp\/v2\/tags?post=257621"}],"curies":[{"name":"wp","href":"https:\/\/api.w.org\/{rel}","templated":true}]}}