{"id":257637,"date":"2025-11-26T23:36:26","date_gmt":"2025-11-26T23:36:26","guid":{"rendered":"https:\/\/www.europesays.com\/es\/257637\/"},"modified":"2025-11-26T23:36:26","modified_gmt":"2025-11-26T23:36:26","slug":"la-jornada-una-obra-desconocida-de-renoir-es-vendida-por-1-8-mde-en-una-subasta-en-paris","status":"publish","type":"post","link":"https:\/\/www.europesays.com\/es\/257637\/","title":{"rendered":"La Jornada &#8211; Una obra desconocida de Renoir es vendida por 1.8 mde en una subasta en Par\u00eds"},"content":{"rendered":"<p class=\"nota-justify\">Par\u00eds. Un cuadro del pintor franc\u00e9s Pierre-Auguste Renoir, en el que se ve a su hijo Jean Renoir y su ni\u00f1era, fue vendido el martes por 1,8 millones de euros (unos 2 millones de d\u00f3lares), en una subasta en Par\u00eds, inform\u00f3 la casa de remates Drouot a AFP.<\/p>\n<p class=\"nota-justify\">La pintura titulada El ni\u00f1o y sus juguetes &#8211; Gabrielle y el hijo del artista, Jean, estaba estimada en entre 1 mill\u00f3n y 1.5 millones de euros, y nunca hab\u00eda sido expuesta ni vendida. Fue adquirida por un comprador internacional, precis\u00f3 la casa de subastas que no lo identific\u00f3.<\/p>\n<p class=\"nota-justify\">El lienzo, pintado al \u00f3leo y con un formato de 54&#215;65 cm, representa a Jean Renoir, segundo hijo del pintor y futuro cineasta de renombre, sentado en las rodillas de su ni\u00f1era, Gabrielle Renard, y jugando con unas figuritas.<\/p>\n<p class=\"nota-justify\">Pintado entre 1890 y 1895, el cuadro perteneci\u00f3 a Jeanne Baudot, \u00fanica alumna y amiga cercana del artista. Ella lo conserv\u00f3 hasta su muerte, en 1957, en su casa de Louveciennes, en las afueras de Par\u00eds, donde Renoir hab\u00eda instalado su taller.<\/p>\n<p class=\"nota-justify\">La obra fue legada posteriormente a su \u00abhijo espiritual\u00bb Jean Griot &#8211;miembro de la Resistencia durante la Segunda Guerra Mundial y miembro del gabinete del general Charles De Gaulle, y posteriormente director del diario Le Figaro en la d\u00e9cada de 1970&#8211; y luego de su fallecimiento, en 2011, fue conservada por sus herederos.<\/p>\n<p class=\"nota-justify\">\u00abEs un cuadro que nunca sali\u00f3 de la familia, que nunca se hab\u00eda visto y que ni siquiera figuraba en los archivos Wildenstein\u00bb, una referencia importante en el mundo del arte, precis\u00f3 el subastador.<\/p>\n","protected":false},"excerpt":{"rendered":"Par\u00eds. Un cuadro del pintor franc\u00e9s Pierre-Auguste Renoir, en el que se ve a su hijo Jean Renoir&hellip;\n","protected":false},"author":2,"featured_media":257638,"comment_status":"","ping_status":"","sticky":false,"template":"","format":"standard","meta":{"footnotes":""},"categories":[173],"tags":[229,233,231,230,64659,232,234,146,147,25,24,317,7080,64368,23,21363,64658],"class_list":{"0":"post-257637","1":"post","2":"type-post","3":"status-publish","4":"format-standard","5":"has-post-thumbnail","7":"category-arte-y-diseno","8":"tag-arte","9":"tag-arte-y-diseno","10":"tag-arts","11":"tag-arts-and-design","12":"tag-cuadros-pierre-auguste-renoir","13":"tag-design","14":"tag-diseno","15":"tag-entertainment","16":"tag-entretenimiento","17":"tag-es","18":"tag-espana","19":"tag-francia","20":"tag-noticia","21":"tag-pierre-auguste-renoir","22":"tag-spain","23":"tag-subastas-arte","24":"tag-subastas-francia"},"share_on_mastodon":{"url":"https:\/\/pubeurope.com\/@es\/115618629757547365","error":""},"_links":{"self":[{"href":"https:\/\/www.europesays.com\/es\/wp-json\/wp\/v2\/posts\/257637","targetHints":{"allow":["GET"]}}],"collection":[{"href":"https:\/\/www.europesays.com\/es\/wp-json\/wp\/v2\/posts"}],"about":[{"href":"https:\/\/www.europesays.com\/es\/wp-json\/wp\/v2\/types\/post"}],"author":[{"embeddable":true,"href":"https:\/\/www.europesays.com\/es\/wp-json\/wp\/v2\/users\/2"}],"replies":[{"embeddable":true,"href":"https:\/\/www.europesays.com\/es\/wp-json\/wp\/v2\/comments?post=257637"}],"version-history":[{"count":0,"href":"https:\/\/www.europesays.com\/es\/wp-json\/wp\/v2\/posts\/257637\/revisions"}],"wp:featuredmedia":[{"embeddable":true,"href":"https:\/\/www.europesays.com\/es\/wp-json\/wp\/v2\/media\/257638"}],"wp:attachment":[{"href":"https:\/\/www.europesays.com\/es\/wp-json\/wp\/v2\/media?parent=257637"}],"wp:term":[{"taxonomy":"category","embeddable":true,"href":"https:\/\/www.europesays.com\/es\/wp-json\/wp\/v2\/categories?post=257637"},{"taxonomy":"post_tag","embeddable":true,"href":"https:\/\/www.europesays.com\/es\/wp-json\/wp\/v2\/tags?post=257637"}],"curies":[{"name":"wp","href":"https:\/\/api.w.org\/{rel}","templated":true}]}}